{"id":21617,"date":"2019-03-13T15:13:27","date_gmt":"2019-03-13T19:13:27","guid":{"rendered":"https:\/\/linitiative.ca\/International\/tunisie-youssef-chahed-debarque-a-limproviste-en-pleine-reunion-au-ministere-de-la-sante\/"},"modified":"2019-03-13T15:13:27","modified_gmt":"2019-03-13T19:13:27","slug":"tunisie-youssef-chahed-debarque-a-limproviste-en-pleine-reunion-au-ministere-de-la-sante","status":"publish","type":"post","link":"https:\/\/linitiative.ca\/International\/tunisie-youssef-chahed-debarque-a-limproviste-en-pleine-reunion-au-ministere-de-la-sante\/","title":{"rendered":"Tunisie \u2013 Youssef Chahed d\u00e9barque \u00e0 l\u2019improviste en pleine r\u00e9union au minist\u00e8re de la sant\u00e9"},"content":{"rendered":"<div>\n<p>Le chef du gouvernement s\u2019est rendu, cet apr\u00e8s-midi \u00e0 l\u2019improviste, au si\u00e8ge du minist\u00e8re de la Sant\u00e9 o\u00f9 la ministre par int\u00e9rim \u00e9tait en r\u00e9union avec les directeurs des h\u00f4pitaux du pays. Chahed qui \u00e9tait accompagn\u00e9 du secr\u00e9taire g\u00e9n\u00e9ral du gouvernement, Riadh Mouakher a pr\u00e9sid\u00e9 cette r\u00e9union et a incit\u00e9 les directeurs pr\u00e9sents \u00e0 plus [\u2026]<\/p>\n<p>L\u2019article <a rel=\"nofollow\" href=\"https:\/\/www.tunisienumerique.com\/tunisie-youssef-chahed-debarque-a-limproviste-en-pleine-reunion-au-ministere-de-la-sante\/\">Tunisie \u2013 Youssef Chahed d\u00e9barque \u00e0 l\u2019improviste en pleine r\u00e9union au minist\u00e8re de la sant\u00e9<\/a> est apparu en premier sur <a rel=\"nofollow\" href=\"https:\/\/www.tunisienumerique.com\/\">Tunisie Numerique<\/a>.<\/p>\n<\/div>\n<p>Auteur: LM<br \/>\n<a href=\"https:\/\/www.tunisienumerique.com\/tunisie-youssef-chahed-debarque-a-limproviste-en-pleine-reunion-au-ministere-de-la-sante\/\">Cliquez ici pour lire l&rsquo;article depuis sa source.<\/a><\/p>\n","protected":false},"excerpt":{"rendered":"<p>Le chef du gouvernement s\u2019est rendu, cet apr\u00e8s-midi \u00e0 l\u2019improviste, au si\u00e8ge du minist\u00e8re de la Sant\u00e9 o\u00f9 la ministre par int\u00e9rim \u00e9tait en r\u00e9union avec les directeurs des h\u00f4pitaux du pays. Chahed qui \u00e9tait accompagn\u00e9 du secr\u00e9taire g\u00e9n\u00e9ral du gouvernement, Riadh Mouakher a pr\u00e9sid\u00e9 cette r\u00e9union et a incit\u00e9 les directeurs pr\u00e9sents \u00e0 plus [&hellip;]<\/p>\n","protected":false},"author":1789,"featured_media":0,"comment_status":"closed","ping_status":"closed","sticky":false,"template":"","format":"standard","meta":{"fifu_image_url":"","fifu_image_alt":"","footnotes":""},"categories":[73,55],"tags":[],"class_list":["post-21617","post","type-post","status-publish","format-standard","hentry","category-actualite","category-tunisie"],"_links":{"self":[{"href":"https:\/\/linitiative.ca\/International\/wp-json\/wp\/v2\/posts\/21617","targetHints":{"allow":["GET"]}}],"collection":[{"href":"https:\/\/linitiative.ca\/International\/wp-json\/wp\/v2\/posts"}],"about":[{"href":"https:\/\/linitiative.ca\/International\/wp-json\/wp\/v2\/types\/post"}],"author":[{"embeddable":true,"href":"https:\/\/linitiative.ca\/International\/wp-json\/wp\/v2\/users\/1789"}],"replies":[{"embeddable":true,"href":"https:\/\/linitiative.ca\/International\/wp-json\/wp\/v2\/comments?post=21617"}],"version-history":[{"count":0,"href":"https:\/\/linitiative.ca\/International\/wp-json\/wp\/v2\/posts\/21617\/revisions"}],"wp:attachment":[{"href":"https:\/\/linitiative.ca\/International\/wp-json\/wp\/v2\/media?parent=21617"}],"wp:term":[{"taxonomy":"category","embeddable":true,"href":"https:\/\/linitiative.ca\/International\/wp-json\/wp\/v2\/categories?post=21617"},{"taxonomy":"post_tag","embeddable":true,"href":"https:\/\/linitiative.ca\/International\/wp-json\/wp\/v2\/tags?post=21617"}],"curies":[{"name":"wp","href":"https:\/\/api.w.org\/{rel}","templated":true}]}}