{"id":21644,"date":"2019-03-12T16:48:55","date_gmt":"2019-03-12T20:48:55","guid":{"rendered":"https:\/\/linitiative.ca\/International\/secteur-du-coton-des-reflexions-pour-la-relance-de-la-production\/"},"modified":"2019-03-12T16:48:55","modified_gmt":"2019-03-12T20:48:55","slug":"secteur-du-coton-des-reflexions-pour-la-relance-de-la-production","status":"publish","type":"post","link":"https:\/\/linitiative.ca\/International\/secteur-du-coton-des-reflexions-pour-la-relance-de-la-production\/","title":{"rendered":"Secteur du coton : Des r\u00e9flexions pour la relance de la production"},"content":{"rendered":"<div class=\"td-post-featured-image\"><a href=\"https:\/\/i0.wp.com\/www.sidwaya.info\/wp-content\/uploads\/2019\/03\/Responsables-sofitex.jpg?fit=600%2C401&#038;ssl=1\" data-caption=\"\"><img loading=\"lazy\" decoding=\"async\" width=\"600\" height=\"401\" class=\"entry-thumb td-modal-image\" src=\"https:\/\/i0.wp.com\/www.sidwaya.info\/wp-content\/uploads\/2019\/03\/Responsables-sofitex.jpg?resize=600%2C401&#038;ssl=1\" srcset=\"https:\/\/i0.wp.com\/www.sidwaya.info\/wp-content\/uploads\/2019\/03\/Responsables-sofitex.jpg?w=600&#038;ssl=1 600w, https:\/\/i0.wp.com\/www.sidwaya.info\/wp-content\/uploads\/2019\/03\/Responsables-sofitex.jpg?resize=300%2C201&#038;ssl=1 300w\" sizes=\"auto, (max-width: 600px) 100vw, 600px\" alt=\"\" title=\"Responsables-sofitex\"\/><\/a><\/div>\n<div class=\"td-a-rec td-a-rec-id-content_top td_uid_30_5c8979a56e23c_rand td_block_template_1\"><img loading=\"lazy\" decoding=\"async\" class=\"aligncenter size-full wp-image-4463\" src=\"https:\/\/www.sidwaya.info\/wp-content\/uploads\/2019\/02\/FESPACO-TOUR-2019-Bannie%CC%80re-728x90-1.jpg\" alt=\"\" width=\"728\" height=\"90\"\/><\/div>\n<p><strong>Le minist\u00e8re du Commerce, de l\u2019Industrie et de l\u2019Artisanat organise un atelier sur la relance durable de la production cotonni\u00e8re au Burkina Faso, du 11 au 13 mars 2019 \u00e0 Ouagadougou. L\u2019ensemble des acteurs vont pendant trois jours faire un diagnostic de la fili\u00e8re afin de d\u00e9gager une reprise.<\/strong><\/p>\n<p>Les acteurs de l\u2019industrie cotonni\u00e8re au Burkina Faso veulent en finir avec la morosit\u00e9 dans le secteur. Aussi, \u00e0 l\u2019initiative de l\u2019\u2019association interprofessionnelle du coton du Burkina (AICB), le minist\u00e8re du commerce, de l\u2019industrie et de l\u2019artisanat les a r\u00e9uni pour r\u00e9fl\u00e9chir\u00a0\u00a0 sur la relance durable de la production cotonni\u00e8re du 11 au 13 mars 2019.<\/p>\n<p>Pour le pr\u00e9sident de l\u2019AICB, Bihoun Bambou, \u00a0il est temps de trouver des solutions afin que le Burkina Faso retrouve sa place de leader en mati\u00e8re de production de coton \u00e0 Afrique. \u00ab\u00a0 la 4e place que nous occupons depuis 2018 n\u2019est pas en l\u2019honneur des acteurs de la fili\u00e8re et il faut y rem\u00e9dier \u00bb, a-t-il insist\u00e9. Le ministre en charge du commerce, Harouna Kabor\u00e9, par ailleurs pr\u00e9sident du comit\u00e9 de haut niveau pour la relance durable du secteur du coton, a pr\u00e9cis\u00e9 que l\u2019atelier vise \u00e0 aborder les diff\u00e9rents goulots d\u2019\u00e9tranglements et s\u2019assurer que la campagne cotonni\u00e8re 2019-2020 se passe sereinement.<\/p>\n<p><img loading=\"lazy\" decoding=\"async\" class=\" wp-image-5433\" src=\"https:\/\/i1.wp.com\/www.sidwaya.info\/wp-content\/uploads\/2019\/03\/Acteurs-coton.jpg?resize=445%2C320&#038;ssl=1\" alt=\"\" width=\"445\" height=\"320\" srcset=\"https:\/\/i1.wp.com\/www.sidwaya.info\/wp-content\/uploads\/2019\/03\/Acteurs-coton.jpg?zoom=2&#038;resize=445%2C320&#038;ssl=1 890w, https:\/\/i1.wp.com\/www.sidwaya.info\/wp-content\/uploads\/2019\/03\/Acteurs-coton.jpg?zoom=3&#038;resize=445%2C320&#038;ssl=1 1335w\" sizes=\"auto, (max-width: 445px) 100vw, 445px\" data-recalc-dims=\"1\"\/>Les producteurs, les responsables des soci\u00e9t\u00e9s cotonni\u00e8res et l\u2019administration publique veulent que le Burkina Faso retrouve sa place de leader de la production du coton.<\/p>\n<p>De mani\u00e8re concr\u00e8te, la question de la production de la semence, les m\u00e9canismes de fixation des prix des de cession des intrants de d\u2019achat du coton graine seront examin\u00e9s par les diff\u00e9rentes parties prenantes du secteur du coton. Le diagnostic de la baisse des rendements au champ et de la production et la compilation des propositions des acteurs pour la relance vont aussi r\u00e9alis\u00e9 au cours de l\u2019atelier.<\/p>\n<p>Le coton est la premi\u00e8re culture de rente du Burkina Faso. Le secteur rev\u00eat une importance \u00e9conomique et sociale majeure car environ millions de personnes y tirent\u00a0\u00a0 leurs revenus et il contribue pour 4% au produit int\u00e9rieur brut, selon le ministre Harouna Kabor\u00e9. Pourtant ces derni\u00e8res ann\u00e9es la fili\u00e8re enregistre des contre performances avec une baisse des rendements au champ et de la production dont les cons\u00e9quences se traduisent par un surendettement des producteurs, leur d\u00e9couragement et leur d\u00e9saffection ainsi qu\u2019une baisse des recettes d\u2019exportation.<\/p>\n<p class=\"c1\"><strong>Nad\u00e8ge YE<\/strong><\/p>\n<div class=\"td-a-rec td-a-rec-id-content_bottom td_uid_31_5c8979a56e3b7_rand td_block_template_1\"><img loading=\"lazy\" decoding=\"async\" class=\"alignright size-full wp-image-1724\" src=\"https:\/\/www.sidwaya.info\/wp-content\/uploads\/2018\/12\/sidwaya-pub.jpg\" alt=\"\" width=\"720\" height=\"90\"\/><\/div>\n<p>Auteur: DB. Sidwaya<br \/>\n<a href=\"https:\/\/www.sidwaya.info\/blog\/2019\/03\/12\/secteur-du-coton-des-reflexions-pour-la-relance-de-la-production\/\">Cliquez ici pour lire l&rsquo;article depuis sa source.<\/a><\/p>\n","protected":false},"excerpt":{"rendered":"<p>Le minist\u00e8re du Commerce, de l\u2019Industrie et de l\u2019Artisanat organise un atelier sur la relance durable de la production cotonni\u00e8re au Burkina Faso, du 11 au 13 mars 2019 \u00e0 Ouagadougou. L\u2019ensemble des acteurs vont pendant trois jours faire un diagnostic de la fili\u00e8re afin de d\u00e9gager une reprise. Les acteurs de l\u2019industrie cotonni\u00e8re au [&hellip;]<\/p>\n","protected":false},"author":1816,"featured_media":0,"comment_status":"closed","ping_status":"closed","sticky":false,"template":"","format":"standard","meta":{"fifu_image_url":"","fifu_image_alt":"","footnotes":""},"categories":[73,81],"tags":[],"class_list":["post-21644","post","type-post","status-publish","format-standard","hentry","category-actualite","category-burkina-faso"],"_links":{"self":[{"href":"https:\/\/linitiative.ca\/International\/wp-json\/wp\/v2\/posts\/21644","targetHints":{"allow":["GET"]}}],"collection":[{"href":"https:\/\/linitiative.ca\/International\/wp-json\/wp\/v2\/posts"}],"about":[{"href":"https:\/\/linitiative.ca\/International\/wp-json\/wp\/v2\/types\/post"}],"author":[{"embeddable":true,"href":"https:\/\/linitiative.ca\/International\/wp-json\/wp\/v2\/users\/1816"}],"replies":[{"embeddable":true,"href":"https:\/\/linitiative.ca\/International\/wp-json\/wp\/v2\/comments?post=21644"}],"version-history":[{"count":0,"href":"https:\/\/linitiative.ca\/International\/wp-json\/wp\/v2\/posts\/21644\/revisions"}],"wp:attachment":[{"href":"https:\/\/linitiative.ca\/International\/wp-json\/wp\/v2\/media?parent=21644"}],"wp:term":[{"taxonomy":"category","embeddable":true,"href":"https:\/\/linitiative.ca\/International\/wp-json\/wp\/v2\/categories?post=21644"},{"taxonomy":"post_tag","embeddable":true,"href":"https:\/\/linitiative.ca\/International\/wp-json\/wp\/v2\/tags?post=21644"}],"curies":[{"name":"wp","href":"https:\/\/api.w.org\/{rel}","templated":true}]}}