{"id":21650,"date":"2019-03-12T18:33:30","date_gmt":"2019-03-12T22:33:30","guid":{"rendered":"https:\/\/linitiative.ca\/International\/centenaire-du-burkina-faso-vers-un-ouvrage-de-reference-sur-lhistoire-du-pays\/"},"modified":"2019-03-12T18:33:30","modified_gmt":"2019-03-12T22:33:30","slug":"centenaire-du-burkina-faso-vers-un-ouvrage-de-reference-sur-lhistoire-du-pays","status":"publish","type":"post","link":"https:\/\/linitiative.ca\/International\/centenaire-du-burkina-faso-vers-un-ouvrage-de-reference-sur-lhistoire-du-pays\/","title":{"rendered":"Centenaire du Burkina Faso : Vers un \u00abouvrage de r\u00e9f\u00e9rence\u00bb sur l\u2019histoire du pays"},"content":{"rendered":"<div class=\"td-post-featured-image\"><a href=\"https:\/\/i1.wp.com\/www.sidwaya.info\/wp-content\/uploads\/2019\/03\/Audience-PF.jpg?fit=600%2C398&#038;ssl=1\" data-caption=\"\"><img loading=\"lazy\" decoding=\"async\" width=\"600\" height=\"398\" class=\"entry-thumb td-modal-image\" src=\"https:\/\/i1.wp.com\/www.sidwaya.info\/wp-content\/uploads\/2019\/03\/Audience-PF.jpg?resize=600%2C398&#038;ssl=1\" srcset=\"https:\/\/i1.wp.com\/www.sidwaya.info\/wp-content\/uploads\/2019\/03\/Audience-PF.jpg?w=600&#038;ssl=1 600w, https:\/\/i1.wp.com\/www.sidwaya.info\/wp-content\/uploads\/2019\/03\/Audience-PF.jpg?resize=300%2C199&#038;ssl=1 300w\" sizes=\"auto, (max-width: 600px) 100vw, 600px\" alt=\"\" title=\"Audience-PF\"\/><\/a><\/div>\n<div class=\"td-a-rec td-a-rec-id-content_top td_uid_30_5c8979b590c73_rand td_block_template_1\"><img loading=\"lazy\" decoding=\"async\" class=\"aligncenter size-full wp-image-4463\" src=\"https:\/\/www.sidwaya.info\/wp-content\/uploads\/2019\/02\/FESPACO-TOUR-2019-Bannie%CC%80re-728x90-1.jpg\" alt=\"\" width=\"728\" height=\"90\"\/><\/div>\n<p><strong>Le Pr\u00e9sident du Faso, Roch Marc Christian Kabor\u00e9, a re\u00e7u en audience hier lundi 11 mars 2019 \u00e0 Kosyam, une d\u00e9l\u00e9gation d\u2019historiens et de chercheurs en sciences sociales, burkinab\u00e8 et d\u2019ailleurs, conduite par Dr Pierre Claver Hien. Les h\u00f4tes l\u2019ont remerci\u00e9 pour, entre autres, son soutien \u00e0 l\u2019\u00e9criture de l\u2019histoire.<\/strong><\/p>\n<p>En plus d\u2019avoir pr\u00e9sid\u00e9 l\u2019ouverture du colloque sur le centenaire du Burkina Faso le samedi 9 mars 2019, le chef de l\u2019Etat burkinab\u00e8, Roch Marc Christian Kabor\u00e9, est engag\u00e9 \u00e0 appuyer l\u2019\u00e9criture de l\u2019histoire du pays. Une d\u00e9l\u00e9gation d\u2019historiens burkinab\u00e8, d\u2019Afrique et d\u2019ailleurs re\u00e7ue en audience le lundi 11 mars 2019 l\u2019en a remerci\u00e9.<\/p>\n<p>La d\u00e9l\u00e9gation qui a \u00e9t\u00e9 conduite par le pr\u00e9sident de l\u2019Association des historiens burkinab\u00e8, Dr Pierre Claver Hien, a dit avoir recueilli les conseils et suggestions du locataire du palais de Kosyam sur les probl\u00e9matiques que les sp\u00e9cialistes de l\u2019histoire peuvent prendre en charge dans la perspective de la construction de l\u2019Etat-nation. Construction qui doit, selon Dr Hien, se faire sur des socles de m\u00e9moire assum\u00e9e et de fa\u00e7on plurielle. Au sujet de la suite \u00e0 donner aux actes du colloque, Pierre Claver Hien, a indiqu\u00e9 qu\u2019ils seront \u00e9dict\u00e9s sous forme d\u2019ouvrage de r\u00e9f\u00e9rence.<\/p>\n<p>En outre, aux dires du chef de la d\u00e9l\u00e9gation, il y aura des recherches sur l\u2019histoire pr\u00e9coloniale, coloniale et postcoloniale de l\u2019actuel pays des Hommes int\u00e8gres, recherches que le pr\u00e9sident du Faso s\u2019est r\u00e9solu \u00e0 appuyer et dont les r\u00e9sultats seront synth\u00e9tis\u00e9es dans un document et vulgaris\u00e9s afin que les Burkinab\u00e8 connaissent mieux leur histoire pour aller de l\u2019avant.<\/p>\n<p><strong>Jean Philibert SOME<\/strong><\/p>\n<div class=\"td-a-rec td-a-rec-id-content_bottom td_uid_31_5c8979b590df8_rand td_block_template_1\"><img loading=\"lazy\" decoding=\"async\" class=\"alignright size-full wp-image-1724\" src=\"https:\/\/www.sidwaya.info\/wp-content\/uploads\/2018\/12\/sidwaya-pub.jpg\" alt=\"\" width=\"720\" height=\"90\"\/><\/div>\n<p>Auteur: DB. Sidwaya<br \/>\n<a href=\"https:\/\/www.sidwaya.info\/blog\/2019\/03\/12\/centenaire-du-burkina-faso-vers-un-ouvrage-de-reference-sur-lhistoire-du-pays\/\">Cliquez ici pour lire l&rsquo;article depuis sa source.<\/a><\/p>\n","protected":false},"excerpt":{"rendered":"<p>Le Pr\u00e9sident du Faso, Roch Marc Christian Kabor\u00e9, a re\u00e7u en audience hier lundi 11 mars 2019 \u00e0 Kosyam, une d\u00e9l\u00e9gation d\u2019historiens et de chercheurs en sciences sociales, burkinab\u00e8 et d\u2019ailleurs, conduite par Dr Pierre Claver Hien. Les h\u00f4tes l\u2019ont remerci\u00e9 pour, entre autres, son soutien \u00e0 l\u2019\u00e9criture de l\u2019histoire. En plus d\u2019avoir pr\u00e9sid\u00e9 l\u2019ouverture [&hellip;]<\/p>\n","protected":false},"author":1816,"featured_media":0,"comment_status":"closed","ping_status":"closed","sticky":false,"template":"","format":"standard","meta":{"fifu_image_url":"","fifu_image_alt":"","footnotes":""},"categories":[73,81],"tags":[],"class_list":["post-21650","post","type-post","status-publish","format-standard","hentry","category-actualite","category-burkina-faso"],"_links":{"self":[{"href":"https:\/\/linitiative.ca\/International\/wp-json\/wp\/v2\/posts\/21650","targetHints":{"allow":["GET"]}}],"collection":[{"href":"https:\/\/linitiative.ca\/International\/wp-json\/wp\/v2\/posts"}],"about":[{"href":"https:\/\/linitiative.ca\/International\/wp-json\/wp\/v2\/types\/post"}],"author":[{"embeddable":true,"href":"https:\/\/linitiative.ca\/International\/wp-json\/wp\/v2\/users\/1816"}],"replies":[{"embeddable":true,"href":"https:\/\/linitiative.ca\/International\/wp-json\/wp\/v2\/comments?post=21650"}],"version-history":[{"count":0,"href":"https:\/\/linitiative.ca\/International\/wp-json\/wp\/v2\/posts\/21650\/revisions"}],"wp:attachment":[{"href":"https:\/\/linitiative.ca\/International\/wp-json\/wp\/v2\/media?parent=21650"}],"wp:term":[{"taxonomy":"category","embeddable":true,"href":"https:\/\/linitiative.ca\/International\/wp-json\/wp\/v2\/categories?post=21650"},{"taxonomy":"post_tag","embeddable":true,"href":"https:\/\/linitiative.ca\/International\/wp-json\/wp\/v2\/tags?post=21650"}],"curies":[{"name":"wp","href":"https:\/\/api.w.org\/{rel}","templated":true}]}}