{"id":21655,"date":"2019-03-13T12:50:04","date_gmt":"2019-03-13T16:50:04","guid":{"rendered":"https:\/\/linitiative.ca\/International\/nigeria-un-immeuble-seffondre-a-lagos-des-ecoliers-pris-au-piege\/"},"modified":"2019-03-13T12:50:04","modified_gmt":"2019-03-13T16:50:04","slug":"nigeria-un-immeuble-seffondre-a-lagos-des-ecoliers-pris-au-piege","status":"publish","type":"post","link":"https:\/\/linitiative.ca\/International\/nigeria-un-immeuble-seffondre-a-lagos-des-ecoliers-pris-au-piege\/","title":{"rendered":"Nigeria: un immeuble s\u2019effondre \u00e0 Lagos, des \u00e9coliers pris au pi\u00e8ge"},"content":{"rendered":"<div readability=\"32\">\n<p>Publi\u00e9 le 13.03.2019 \u00e0 17h50 par AFP<\/p>\n<\/div>\n<div readability=\"152\">\n<p>Un immeuble de quatre \u00e9tages abritant une \u00e9cole s\u2019est effondr\u00e9 mercredi \u00e0 Lagos Island, un quartier populaire de la capitale \u00e9conomique nig\u00e9riane, faisant de nombreuses victimes, dont des enfants pris au pi\u00e8ge dans les d\u00e9combres.<\/p>\n<p>Une mar\u00e9e humaine entourait les lieux de l\u2019accident pr\u00e8s du march\u00e9 Itafaji, pendant que les secours \u2013 Croix-Rouge nig\u00e9riane et Agence nationale de secours (Nema) \u2013 tentaient de d\u00e9gager des victimes, a constat\u00e9 un journaliste de l\u2019AFP sur place.<\/p>\n<p>Le dernier \u00e9tage de l\u2019immeuble abritait une \u00e9cole maternelle et primaire, mais il \u00e9tait encore difficile dans l\u2019imm\u00e9diat d\u2019\u00e9tablir un bilan des personnes bless\u00e9es ou d\u00e9c\u00e9d\u00e9es, une grande confusion r\u00e9gnant sur place.<\/p>\n<p>\u00ab\u00a0Nous essayons toujours de savoir combien de personnes sont pi\u00e9g\u00e9es \u00e0 l\u2019int\u00e9rieur\u00a0\u00bb, a d\u00e9clar\u00e9 \u00e0 l\u2019AFP un officier de police, Seun Ariwyo, estimant qu\u2019elle sont probablement \u00ab\u00a0tr\u00e8s nombreuses\u00a0\u00bb.<\/p>\n<p>\u00ab\u00a0Au moins 20 (personnes) ont d\u00e9j\u00e0 \u00e9t\u00e9 sorties\u00a0\u00bb, a-t-il ajout\u00e9 sans pouvoir dire si elles \u00e9taient vivantes. Au moins un enfant a \u00e9t\u00e9 \u00e9vacu\u00e9 mort des d\u00e9combres, a constat\u00e9 l\u2019AFP.<\/p>\n<p>Derin, un jeune du quartier ayant particip\u00e9 aux op\u00e9rations de sauvetage sur le toit de l\u2019immeuble, a affirm\u00e9 qu&rsquo;\u00a0\u00bbau moins 10 enfants\u00a0\u00bb \u00e9taient encore pi\u00e9g\u00e9s dans les d\u00e9combres \u00e0 la mi-journ\u00e9e, \u00ab\u00a0apparemment en vie\u00a0\u00bb.<\/p>\n<p>L\u2019effondrement s\u2019est produit peu avant 10H00 du matin, selon Olamide Nuzbah, un habitant du voisinage qui a assist\u00e9 au drame: \u00ab\u00a0On \u00e9tait dehors en train de fumer quand on a vu l\u2019immeuble +tomber+\u00a0\u00bb, a-t-il t\u00e9moign\u00e9.<\/p>\n<p>Dans la foule, des parents en pleurs criaient et pleuraient, implorant qu\u2019on sauve leurs enfants.<\/p>\n<p>\u00ab\u00a0S\u2019il vous pla\u00eet, sauvez mon enfant, sauvez mon enfant\u00a0\u00bb, hurlait une femme en sanglots dont la fille de sept ans \u00e9tait coinc\u00e9e dans les d\u00e9combres tandis que des badauds tentaient de la consoler.<\/p>\n<p>\u2013 Masques \u00e0 oxyg\u00e8ne \u2013<\/p>\n<p>Un bulldozer tentait en d\u00e9but d\u2019apr\u00e8s-midi de d\u00e9gager des gravats pour faciliter le passage des secouristes. Passant par le toit du b\u00e2timent, ces derniers tentaient d\u2019atteindre les \u00e9tages inf\u00e9rieurs, engag\u00e9s dans une course contre la montre pour sauver les survivants.<\/p>\n<p><ins data-revive-zoneid=\"9\" data-revive-id=\"10111e19d28d19d031742ee3b0b33eb0\"\/> <\/p>\n<p>Certains responsables des urgences, sous-\u00e9quip\u00e9s, demandaient aux volontaires d\u2019apporter des masques \u00e0 oxyg\u00e8ne depuis un h\u00f4pital voisin pour permettre aux personnes pi\u00e9g\u00e9es \u00e0 l\u2019int\u00e9rieur de respirer.<\/p>\n<p>Plusieurs enfants \u00e9taient \u00e9vacu\u00e9s au compte-goutte. L\u2019AFP a pu constater que l\u2019un d\u2019entre eux \u00e9tait d\u00e9j\u00e0 mort, tandis qu\u2019un autre tr\u00e8s jeune gar\u00e7on, inconscient, \u00e9tait en sang, gravement bless\u00e9 \u00e0 la t\u00eate.<\/p>\n<p>Les habitants se sont mobilis\u00e9s pour apporter des sachets d\u2019eau et des casques aux sauveteurs couverts de poussi\u00e8re, visiblement en tr\u00e8s grande difficult\u00e9, qui sortaient aussi des d\u00e9combres des sacs \u00e0 dos, des jouets et des v\u00eatements appartenant aux \u00e9coliers.<\/p>\n<p>Plusieurs habitants ont affirm\u00e9 \u00e0 l\u2019AFP que le b\u00e2timent \u00e9croul\u00e9 avait \u00e9t\u00e9 identifi\u00e9 et \u00ab\u00a0marqu\u00e9\u00a0\u00bb par le gouvernement de l\u2019Etat de Lagos comme devant \u00eatre d\u00e9moli, \u00e9tant donn\u00e9 son \u00e9tat de d\u00e9labrement avanc\u00e9.<\/p>\n<p>La quartier de Lagos Island, populaire et dens\u00e9ment peupl\u00e9, est l\u2019un des plus anciens de la capitale \u00e9conomique de 20 millions d\u2019habitants. Il est marqu\u00e9 par une architecture typique du pass\u00e9 afro-br\u00e9silien de la ville, o\u00f9 des travaux de r\u00e9novation ont d\u00e9marr\u00e9 par endroits.<\/p>\n<p>Mais de tr\u00e8s nombreux immeubles abandonn\u00e9s ou d\u00e9saffect\u00e9s sont encore squatt\u00e9s de mani\u00e8re plus ou moins informelle par des familles ou des commer\u00e7ants.<\/p>\n<p>Des effondrements meurtriers de b\u00e2timents se produisent fr\u00e9quemment au Nigeria, o\u00f9 les r\u00e8gles de construction sont r\u00e9guli\u00e8rement bafou\u00e9es.<\/p>\n<p>L\u2019accident le plus m\u00e9diatis\u00e9 s\u2019est produit en septembre 2014, lorsque 116 personnes, dont 84 Sud-Africains, ont \u00e9t\u00e9 tu\u00e9es \u00e0 Lagos apr\u00e8s l\u2019effondrement d\u2019un b\u00e2timent de six \u00e9tages dans lequel un c\u00e9l\u00e8bre t\u00e9l\u00e9vang\u00e9liste, Joshua TB, pr\u00eachait.<\/p>\n<p>L\u2019enqu\u00eate a conclu \u00e0 des d\u00e9faillances structurelles du b\u00e2timent dont la construction \u00e9tait ill\u00e9gale.<\/p>\n<p>En d\u00e9cembre 2016, au moins 60 personnes ont \u00e9t\u00e9 tu\u00e9es par l\u2019effondrement du toit d\u2019une \u00e9glise \u00e0 Uyo, la capitale de l\u2019\u00c9tat d\u2019Akwa Ibom, dans l\u2019est du pays.<\/p>\n<\/div>\n<p>Auteur: AFP<br \/>\n<a href=\"https:\/\/www.journalducameroun.com\/fr\/nigeria-un-immeuble-seffondre-a-lagos-des-ecoliers-pris-au-piege\/\">Cliquez ici pour lire l&rsquo;article depuis sa source.<\/a><\/p>\n","protected":false},"excerpt":{"rendered":"<p>Publi\u00e9 le 13.03.2019 \u00e0 17h50 par AFP Un immeuble de quatre \u00e9tages abritant une \u00e9cole s\u2019est effondr\u00e9 mercredi \u00e0 Lagos Island, un quartier populaire de la capitale \u00e9conomique nig\u00e9riane, faisant de nombreuses victimes, dont des enfants pris au pi\u00e8ge dans les d\u00e9combres. Une mar\u00e9e humaine entourait les lieux de l\u2019accident pr\u00e8s du march\u00e9 Itafaji, pendant [&hellip;]<\/p>\n","protected":false},"author":1965,"featured_media":0,"comment_status":"closed","ping_status":"closed","sticky":false,"template":"","format":"standard","meta":{"fifu_image_url":"","fifu_image_alt":"","footnotes":""},"categories":[73,82],"tags":[],"class_list":["post-21655","post","type-post","status-publish","format-standard","hentry","category-actualite","category-cameroun"],"_links":{"self":[{"href":"https:\/\/linitiative.ca\/International\/wp-json\/wp\/v2\/posts\/21655","targetHints":{"allow":["GET"]}}],"collection":[{"href":"https:\/\/linitiative.ca\/International\/wp-json\/wp\/v2\/posts"}],"about":[{"href":"https:\/\/linitiative.ca\/International\/wp-json\/wp\/v2\/types\/post"}],"author":[{"embeddable":true,"href":"https:\/\/linitiative.ca\/International\/wp-json\/wp\/v2\/users\/1965"}],"replies":[{"embeddable":true,"href":"https:\/\/linitiative.ca\/International\/wp-json\/wp\/v2\/comments?post=21655"}],"version-history":[{"count":0,"href":"https:\/\/linitiative.ca\/International\/wp-json\/wp\/v2\/posts\/21655\/revisions"}],"wp:attachment":[{"href":"https:\/\/linitiative.ca\/International\/wp-json\/wp\/v2\/media?parent=21655"}],"wp:term":[{"taxonomy":"category","embeddable":true,"href":"https:\/\/linitiative.ca\/International\/wp-json\/wp\/v2\/categories?post=21655"},{"taxonomy":"post_tag","embeddable":true,"href":"https:\/\/linitiative.ca\/International\/wp-json\/wp\/v2\/tags?post=21655"}],"curies":[{"name":"wp","href":"https:\/\/api.w.org\/{rel}","templated":true}]}}