{"id":21701,"date":"2019-03-14T05:02:52","date_gmt":"2019-03-14T09:02:52","guid":{"rendered":"https:\/\/linitiative.ca\/International\/demantelement-dune-cellule-terroriste-de-6-elements-a-sidi-bennour-el-jadida-mohammedia-et-marrakech-ministere-de-linterieur\/"},"modified":"2019-03-14T05:02:52","modified_gmt":"2019-03-14T09:02:52","slug":"demantelement-dune-cellule-terroriste-de-6-elements-a-sidi-bennour-el-jadida-mohammedia-et-marrakech-ministere-de-linterieur","status":"publish","type":"post","link":"https:\/\/linitiative.ca\/International\/demantelement-dune-cellule-terroriste-de-6-elements-a-sidi-bennour-el-jadida-mohammedia-et-marrakech-ministere-de-linterieur\/","title":{"rendered":"D\u00e9mant\u00e8lement d\u2019une cellule terroriste de 6 \u00e9l\u00e9ments \u00e0 Sidi Bennour, El Jadida, Mohammedia et Marrakech (minist\u00e8re de l\u2019Int\u00e9rieur)"},"content":{"rendered":"<div class=\"single-featured\"><img alt=\"\" data-src=\"http:\/\/www.mapmarrakech.ma\/map\/uploads\/2019\/03\/bcij-copier-1.jpg\"\/><\/div>\n<div class=\"single-post-excerpt post-excerpt-bc\" readability=\"39\">\n<p>Rabat \u2013 Dans le cadre de la lutte contre les menaces terroristes en relation avec l\u2019organisation dite \u00ab\u00a0Etat islamique\u00a0\u00bb, le Bureau central des investigations judiciaires (BCIJ) a proc\u00e9d\u00e9 jeudi au d\u00e9mant\u00e8lement d\u2019une cellule terroriste dans les villes de Sidi Bennour, El Jadida, Mohammedia et Marrakech, a indiqu\u00e9 le minist\u00e8re de l\u2019Int\u00e9rieur.<\/p>\n<\/div>\n<div class=\"entry-content clearfix single-post-content\" readability=\"49\">\n<p>Cette cellule est compos\u00e9e de 6 \u00e9l\u00e9ments \u00e2g\u00e9s entre 27 et 40 ans, dont un ex-d\u00e9tenu dans le cadre de la loi anti-terroriste, qui entretenait des liens avec des \u00e9l\u00e9ments actifs dans la branche de \u00ab\u00a0Daech\u00a0\u00bb en Libye, a pr\u00e9cis\u00e9 le minist\u00e8re dans un communiqu\u00e9.<\/p>\n<p>Une surveillance s\u00e9curitaire minutieuse a r\u00e9v\u00e9l\u00e9 l\u2019adh\u00e9sion des mis en cause, qui ont pr\u00eat\u00e9 all\u00e9geance \u00e0 \u00ab\u00a0Daech\u00a0\u00bb, \u00e0 l\u2019agenda destructeur de cette organisation terroriste, \u00e0 travers la planification d\u2019op\u00e9rations terroristes dans le Royaume, a soulign\u00e9 la m\u00eame source.<\/p>\n<p>Les pr\u00e9venus ont \u00e9t\u00e9 plac\u00e9s en garde \u00e0 vue dans le cadre de l\u2019enqu\u00eate men\u00e9e sous la supervision du parquet comp\u00e9tent, a ajout\u00e9 le communiqu\u00e9.<\/p>\n<\/div>\n<p>Auteur: Meriem IGASS<br \/>\n<a href=\"http:\/\/www.mapmarrakech.ma\/fr\/demantelement-dune-cellule-terroriste-de-6-elements-a-sidi-bennour-el-jadida-mohammedia-et-marrakech-ministere-de-linterieur\/\">Cliquez ici pour lire l&rsquo;article depuis sa source.<\/a><\/p>\n","protected":false},"excerpt":{"rendered":"<p>Rabat \u2013 Dans le cadre de la lutte contre les menaces terroristes en relation avec l\u2019organisation dite \u00ab\u00a0Etat islamique\u00a0\u00bb, le Bureau central des investigations judiciaires (BCIJ) a proc\u00e9d\u00e9 jeudi au d\u00e9mant\u00e8lement d\u2019une cellule terroriste dans les villes de Sidi Bennour, El Jadida, Mohammedia et Marrakech, a indiqu\u00e9 le minist\u00e8re de l\u2019Int\u00e9rieur. Cette cellule est compos\u00e9e [&hellip;]<\/p>\n","protected":false},"author":1788,"featured_media":21706,"comment_status":"closed","ping_status":"closed","sticky":false,"template":"","format":"standard","meta":{"fifu_image_url":"","fifu_image_alt":"","footnotes":""},"categories":[54,76],"tags":[],"class_list":["post-21701","post","type-post","status-publish","format-standard","has-post-thumbnail","hentry","category-maroc","category-regions"],"_links":{"self":[{"href":"https:\/\/linitiative.ca\/International\/wp-json\/wp\/v2\/posts\/21701","targetHints":{"allow":["GET"]}}],"collection":[{"href":"https:\/\/linitiative.ca\/International\/wp-json\/wp\/v2\/posts"}],"about":[{"href":"https:\/\/linitiative.ca\/International\/wp-json\/wp\/v2\/types\/post"}],"author":[{"embeddable":true,"href":"https:\/\/linitiative.ca\/International\/wp-json\/wp\/v2\/users\/1788"}],"replies":[{"embeddable":true,"href":"https:\/\/linitiative.ca\/International\/wp-json\/wp\/v2\/comments?post=21701"}],"version-history":[{"count":0,"href":"https:\/\/linitiative.ca\/International\/wp-json\/wp\/v2\/posts\/21701\/revisions"}],"wp:featuredmedia":[{"embeddable":true,"href":"https:\/\/linitiative.ca\/International\/wp-json\/"}],"wp:attachment":[{"href":"https:\/\/linitiative.ca\/International\/wp-json\/wp\/v2\/media?parent=21701"}],"wp:term":[{"taxonomy":"category","embeddable":true,"href":"https:\/\/linitiative.ca\/International\/wp-json\/wp\/v2\/categories?post=21701"},{"taxonomy":"post_tag","embeddable":true,"href":"https:\/\/linitiative.ca\/International\/wp-json\/wp\/v2\/tags?post=21701"}],"curies":[{"name":"wp","href":"https:\/\/api.w.org\/{rel}","templated":true}]}}