{"id":21704,"date":"2019-03-14T04:30:04","date_gmt":"2019-03-14T08:30:04","guid":{"rendered":"https:\/\/linitiative.ca\/International\/il-fait-lactu-jamal-lemridi-nouveau-delegue-general-de-safran-au-maroc\/"},"modified":"2019-03-14T04:30:04","modified_gmt":"2019-03-14T08:30:04","slug":"il-fait-lactu-jamal-lemridi-nouveau-delegue-general-de-safran-au-maroc","status":"publish","type":"post","link":"https:\/\/linitiative.ca\/International\/il-fait-lactu-jamal-lemridi-nouveau-delegue-general-de-safran-au-maroc\/","title":{"rendered":"Il fait l\u2019actu : Jamal Lemridi, nouveau d\u00e9l\u00e9gu\u00e9 g\u00e9n\u00e9ral de Safran au Maroc"},"content":{"rendered":"<p>Il a \u00e9t\u00e9 d\u2019\u00eatre nomm\u00e9 d\u00e9l\u00e9gu\u00e9 g\u00e9n\u00e9ral de <strong>Safran<\/strong> au Maroc, en remplacement de Hamid Benbrahim El Andaloussi.<\/p>\n<div class=\"c10\"\/>\n<p><strong>Jamal Lemridi<\/strong> a pour missions de repr\u00e9senter Safran aupr\u00e8s des autorit\u00e9s marocaines et d\u2019apporter aux directions du Groupe et de ses soci\u00e9t\u00e9s tous les \u00e9l\u00e9ments n\u00e9cessaires \u00e0 l\u2019exercice de leurs activit\u00e9s dans le pays. Il est \u00e9galement charg\u00e9 de contribuer au d\u00e9veloppement des opportunit\u00e9s d\u2019affaires en Afrique.<\/p>\n<p>Il a effectu\u00e9 son service civil \u00e0 la compagnie nationale Royal Air Maroc de 1982 \u00e0 1984. Il rejoint la m\u00eame ann\u00e9e le Cr\u00e9dit du Maroc, filiale du Groupe Cr\u00e9dit Agricole S.A. (France), o\u00f9 il a pass\u00e9 toute sa carri\u00e8re jusqu\u2019\u00e0 en devenir directeur g\u00e9n\u00e9ral en 2006. Il exerce aujourd\u2019hui divers mandats d\u2019administrateur ind\u00e9pendant dans des institutions financi\u00e8res dont Al Barid Bank. Il est \u00e9galement membre du conseil d\u2019affaires Maroco-Saoudien au sein de la Conf\u00e9d\u00e9ration G\u00e9n\u00e9rale des Entreprises du Maroc (CGEM). Jamal Lemridi est dipl\u00f4m\u00e9 de l\u2019Ecole Centrale de Paris (1980) et de l\u2019ENSAE Paris (1982).<\/p>\n<p>Pour rappel, Safran est un grand groupe industriel et technologique fran\u00e7ais. Cr\u00e9\u00e9 en 2005, il est pr\u00e9sent au niveau international dans les domaines de l\u2019<strong>a\u00e9ronautique<\/strong>, de l\u2019espace et de la d\u00e9fense.<\/p>\n<div class=\"c17\">\n<fieldset class=\"c16\">\n<legend><strong><span class=\"c11\">Challenge<\/span><span class=\"c12\">news<\/span><\/strong><\/legend>\n<div class=\"c15\">Le meilleur de la r\u00e9daction s\u00e9lectionn\u00e9 par Challenge :<\/p>\n<\/div>\n<\/fieldset>\n<\/div>\n<p>Auteur: Karim Handaoui<br \/>\n<a href=\"https:\/\/www.challenge.ma\/il-fait-lactu-jamal-lemridi-nouveau-delegue-general-de-safran-au-maroc-106071\/\">Cliquez ici pour lire l&rsquo;article depuis sa source.<\/a><\/p>\n","protected":false},"excerpt":{"rendered":"<p>Il a \u00e9t\u00e9 d\u2019\u00eatre nomm\u00e9 d\u00e9l\u00e9gu\u00e9 g\u00e9n\u00e9ral de Safran au Maroc, en remplacement de Hamid Benbrahim El Andaloussi. Jamal Lemridi a pour missions de repr\u00e9senter Safran aupr\u00e8s des autorit\u00e9s marocaines et d\u2019apporter aux directions du Groupe et de ses soci\u00e9t\u00e9s tous les \u00e9l\u00e9ments n\u00e9cessaires \u00e0 l\u2019exercice de leurs activit\u00e9s dans le pays. Il est \u00e9galement [&hellip;]<\/p>\n","protected":false},"author":1787,"featured_media":0,"comment_status":"closed","ping_status":"closed","sticky":false,"template":"","format":"standard","meta":{"fifu_image_url":"","fifu_image_alt":"","footnotes":""},"categories":[78,54],"tags":[],"class_list":["post-21704","post","type-post","status-publish","format-standard","hentry","category-economie","category-maroc"],"_links":{"self":[{"href":"https:\/\/linitiative.ca\/International\/wp-json\/wp\/v2\/posts\/21704","targetHints":{"allow":["GET"]}}],"collection":[{"href":"https:\/\/linitiative.ca\/International\/wp-json\/wp\/v2\/posts"}],"about":[{"href":"https:\/\/linitiative.ca\/International\/wp-json\/wp\/v2\/types\/post"}],"author":[{"embeddable":true,"href":"https:\/\/linitiative.ca\/International\/wp-json\/wp\/v2\/users\/1787"}],"replies":[{"embeddable":true,"href":"https:\/\/linitiative.ca\/International\/wp-json\/wp\/v2\/comments?post=21704"}],"version-history":[{"count":0,"href":"https:\/\/linitiative.ca\/International\/wp-json\/wp\/v2\/posts\/21704\/revisions"}],"wp:attachment":[{"href":"https:\/\/linitiative.ca\/International\/wp-json\/wp\/v2\/media?parent=21704"}],"wp:term":[{"taxonomy":"category","embeddable":true,"href":"https:\/\/linitiative.ca\/International\/wp-json\/wp\/v2\/categories?post=21704"},{"taxonomy":"post_tag","embeddable":true,"href":"https:\/\/linitiative.ca\/International\/wp-json\/wp\/v2\/tags?post=21704"}],"curies":[{"name":"wp","href":"https:\/\/api.w.org\/{rel}","templated":true}]}}