{"id":21712,"date":"2019-03-14T05:05:29","date_gmt":"2019-03-14T09:05:29","guid":{"rendered":"https:\/\/linitiative.ca\/International\/forum-afrique-developpement-ouverture-des-travaux-de-la-6eme-edition\/"},"modified":"2019-03-14T05:05:29","modified_gmt":"2019-03-14T09:05:29","slug":"forum-afrique-developpement-ouverture-des-travaux-de-la-6eme-edition","status":"publish","type":"post","link":"https:\/\/linitiative.ca\/International\/forum-afrique-developpement-ouverture-des-travaux-de-la-6eme-edition\/","title":{"rendered":"Forum Afrique D\u00e9veloppement : ouverture des travaux de la 6\u00e8me \u00e9dition"},"content":{"rendered":"<p>Les travaux de la 6\u00e8me \u00e9dition du <strong>Forum international Afrique d\u00e9veloppement<\/strong> (FIAD) se sont ouverts, ce jeudi \u00e0 Casablanca, sous le th\u00e8me \u00ab\u00a0quand l\u2019Est rencontre l\u2019Ouest\u00a0\u00bb, \u00e0 l\u2019initiative du fonds d\u2019investissement panafricain Al Mada, actionnaire de r\u00e9f\u00e9rence du groupe Attijariwafa bank.<\/p>\n<div class=\"c10\"\/>\n<p>La c\u00e9r\u00e9monie inaugurale de cet \u00e9v\u00e9nement, plac\u00e9 sous le Haut Patronage de SM le Roi Mohammed VI, est pr\u00e9sid\u00e9e par le Chef d\u2019Etat sierra-L\u00e9onais, Julius Maada Bio.<\/p>\n<p>Le FIAD 2019, qui met \u00e0 l\u2019honneur la <strong>Sierra Leone<\/strong>, constitue une plateforme de r\u00e9f\u00e9rence en faveur du dialogue, de la promotion des investissements et du commerce intra-africain. Il pr\u00e9voit ainsi de r\u00e9unir et mettre en relation plus de 1.500 op\u00e9rateurs \u00e9conomiques de diff\u00e9rents pays africains, notamment le Cameroun, la C\u00f4te d\u2019Ivoire, l\u2019\u00c9gypte, l\u2019\u00c9thiopie, le Kenya, le Mali, le Maroc et le Rwanda.<\/p>\n<p>Refl\u00e9tant l\u2019engagement de la communaut\u00e9 \u00e9conomique et politique dans la dynamique intracontinentale, cette manifestation, qui est n\u00e9e en 2010, a rassembl\u00e9, depuis sa cr\u00e9ation, plus de 7.500 op\u00e9rateurs de 36 pays et a g\u00e9n\u00e9r\u00e9 plus de 17.000 r\u00e9unions <strong>B to B<\/strong>.<\/p>\n<div class=\"c17\">\n<fieldset class=\"c16\">\n<legend><strong><span class=\"c11\">Challenge<\/span><span class=\"c12\">news<\/span><\/strong><\/legend>\n<div class=\"c15\">Le meilleur de la r\u00e9daction s\u00e9lectionn\u00e9 par Challenge :<\/p>\n<\/div>\n<\/fieldset>\n<\/div>\n<p>Auteur: Hassan Manyani<br \/>\n<a href=\"https:\/\/www.challenge.ma\/forum-afrique-developpement-ouverture-des-travaux-de-la-6eme-edition-106121\/\">Cliquez ici pour lire l&rsquo;article depuis sa source.<\/a><\/p>\n","protected":false},"excerpt":{"rendered":"<p>Les travaux de la 6\u00e8me \u00e9dition du Forum international Afrique d\u00e9veloppement (FIAD) se sont ouverts, ce jeudi \u00e0 Casablanca, sous le th\u00e8me \u00ab\u00a0quand l\u2019Est rencontre l\u2019Ouest\u00a0\u00bb, \u00e0 l\u2019initiative du fonds d\u2019investissement panafricain Al Mada, actionnaire de r\u00e9f\u00e9rence du groupe Attijariwafa bank. La c\u00e9r\u00e9monie inaugurale de cet \u00e9v\u00e9nement, plac\u00e9 sous le Haut Patronage de SM le [&hellip;]<\/p>\n","protected":false},"author":1787,"featured_media":0,"comment_status":"closed","ping_status":"closed","sticky":false,"template":"","format":"standard","meta":{"fifu_image_url":"","fifu_image_alt":"","footnotes":""},"categories":[78,54],"tags":[],"class_list":["post-21712","post","type-post","status-publish","format-standard","hentry","category-economie","category-maroc"],"_links":{"self":[{"href":"https:\/\/linitiative.ca\/International\/wp-json\/wp\/v2\/posts\/21712","targetHints":{"allow":["GET"]}}],"collection":[{"href":"https:\/\/linitiative.ca\/International\/wp-json\/wp\/v2\/posts"}],"about":[{"href":"https:\/\/linitiative.ca\/International\/wp-json\/wp\/v2\/types\/post"}],"author":[{"embeddable":true,"href":"https:\/\/linitiative.ca\/International\/wp-json\/wp\/v2\/users\/1787"}],"replies":[{"embeddable":true,"href":"https:\/\/linitiative.ca\/International\/wp-json\/wp\/v2\/comments?post=21712"}],"version-history":[{"count":0,"href":"https:\/\/linitiative.ca\/International\/wp-json\/wp\/v2\/posts\/21712\/revisions"}],"wp:attachment":[{"href":"https:\/\/linitiative.ca\/International\/wp-json\/wp\/v2\/media?parent=21712"}],"wp:term":[{"taxonomy":"category","embeddable":true,"href":"https:\/\/linitiative.ca\/International\/wp-json\/wp\/v2\/categories?post=21712"},{"taxonomy":"post_tag","embeddable":true,"href":"https:\/\/linitiative.ca\/International\/wp-json\/wp\/v2\/tags?post=21712"}],"curies":[{"name":"wp","href":"https:\/\/api.w.org\/{rel}","templated":true}]}}