{"id":21722,"date":"2019-03-14T05:12:43","date_gmt":"2019-03-14T09:12:43","guid":{"rendered":"https:\/\/linitiative.ca\/International\/enseignement-le-ministere-abandonne-le-recrutement-par-contrat\/"},"modified":"2019-03-14T05:12:43","modified_gmt":"2019-03-14T09:12:43","slug":"enseignement-le-ministere-abandonne-le-recrutement-par-contrat","status":"publish","type":"post","link":"https:\/\/linitiative.ca\/International\/enseignement-le-ministere-abandonne-le-recrutement-par-contrat\/","title":{"rendered":"Enseignement : le minist\u00e8re abandonne le recrutement par contrat"},"content":{"rendered":"<p>Les Acad\u00e9mies r\u00e9gionales d\u2019\u00e9ducation et formation (<strong>AREF<\/strong>) ont d\u00e9cid\u00e9 d\u2019abandonner le syst\u00e8me de recrutement par contrat et de revoir toutes les dispositions y aff\u00e9rentes, particuli\u00e8rement celles relatives \u00e0 la r\u00e9siliation du contrat.<\/p>\n<div class=\"c10\"\/>\n<p>La d\u00e9cision a \u00e9t\u00e9 prise lors de sessions extraordinaires tenues par les conseils d\u2019administration de toutes les acad\u00e9mies r\u00e9gionales pour adopter les amendements propos\u00e9s aux statuts de leurs cadres, en application des engagements pris par le gouvernement, indique le minist\u00e8re de l\u2019\u00c9ducation nationale, de la formation professionnelle, de l\u2019enseignement sup\u00e9rieur et de la recherche scientifique dans un communiqu\u00e9.<\/p>\n<p>Les <strong>amendements<\/strong> visent \u00e0 permettre aux cadres des AREF de jouir d\u2019une situation professionnelle similaire \u00e0 celle des fonctionnaires soumis au statut des fonctionnaires du minist\u00e8re.<\/p>\n<p>Outre l\u2019abandon du syst\u00e8me de recrutement par contrat et la r\u00e9vision de toutes les dispositions qui s\u2019y rattachent, les amendements portent sur l\u2019autorisation des cadres concern\u00e9s \u00e0 exercer des activit\u00e9s en dehors des horaires de travail \u00e0 condition que celui-ci ne soit pas r\u00e9mun\u00e9r\u00e9, \u00e0 l\u2019instar des autres fonctionnaires.<\/p>\n<p>Ils concernent aussi la promotion en accordant aux cadres des AREF le droit \u00e0 l\u2019avancement au grade et \u00e0 l\u2019\u00e9chelle tout au long de leur carri\u00e8re. Il s\u2019agit aussi de la r\u00e9vision de l\u2019article 25 du statut relatif \u00e0 la retraite suite \u00e0 une maladie grave, de mani\u00e8re \u00e0 r\u00e9pondre favorablement \u00e0 cette revendication et permettre aux cadres des acad\u00e9mies l\u2019acc\u00e8s aux m\u00eames droits des autres fonctionnaires.<\/p>\n<p>Il sera \u00e9galement question d\u2019appliquer pour les cadres des AREF des m\u00eames dispositions valables pour les fonctionnaires de l\u2019administration publique. Il s\u2019agit, de surcro\u00eet, du droit \u00e0 la mobilit\u00e9 \u00e0 l\u2019int\u00e9rieur de la r\u00e9gion d\u2019affectation, de l\u2019int\u00e9gration d\u2019office sans recours \u00e0 l\u2019avenant au contrat, de la titularisation directement apr\u00e8s l\u2019int\u00e9gration au corps des cadres des acad\u00e9mies et l\u2019admission \u00e0 l\u2019examen de qualification professionnelle et du reclassement au grade 2 de la classe 2 (\u00e9chelle 10), tout en conservant l\u2019anciennet\u00e9 acquise au sein de l\u2019AREF.<\/p>\n<p>Les amendements introduits portent aussi sur la possibilit\u00e9 de candidature au concours des inspecteurs si les conditions sont r\u00e9unies, \u00e0 l\u2019instar des autres enseignants de l\u2019\u00c9ducation nationale. Il en est de m\u00eame pour les <strong>concours<\/strong> d\u2019agr\u00e9gation, l\u2019acc\u00e8s \u00e0 l\u2019administration p\u00e9dagogique et l\u2019orientation et la planification p\u00e9dagogique. Ces amendements visent \u00e9galement \u00e0 permettre l\u2019acc\u00e8s aux postes de responsabilit\u00e9 (chef de service, chef de division, directeur provincial,\u2026), conform\u00e9ment aux conditions et modalit\u00e9s en vigueur.<\/p>\n<div class=\"c17\">\n<fieldset class=\"c16\">\n<legend><strong><span class=\"c11\">Challenge<\/span><span class=\"c12\">news<\/span><\/strong><\/legend>\n<div class=\"c15\">Le meilleur de la r\u00e9daction s\u00e9lectionn\u00e9 par Challenge :<\/p>\n<\/div>\n<\/fieldset>\n<\/div>\n<p>Auteur: challenge<br \/>\n<a href=\"https:\/\/www.challenge.ma\/enseignement-le-ministere-abandonne-le-recrutement-par-contrat-106076\/\">Cliquez ici pour lire l&rsquo;article depuis sa source.<\/a><\/p>\n","protected":false},"excerpt":{"rendered":"<p>Les Acad\u00e9mies r\u00e9gionales d\u2019\u00e9ducation et formation (AREF) ont d\u00e9cid\u00e9 d\u2019abandonner le syst\u00e8me de recrutement par contrat et de revoir toutes les dispositions y aff\u00e9rentes, particuli\u00e8rement celles relatives \u00e0 la r\u00e9siliation du contrat. La d\u00e9cision a \u00e9t\u00e9 prise lors de sessions extraordinaires tenues par les conseils d\u2019administration de toutes les acad\u00e9mies r\u00e9gionales pour adopter les amendements [&hellip;]<\/p>\n","protected":false},"author":1787,"featured_media":0,"comment_status":"closed","ping_status":"closed","sticky":false,"template":"","format":"standard","meta":{"fifu_image_url":"","fifu_image_alt":"","footnotes":""},"categories":[78,54],"tags":[],"class_list":["post-21722","post","type-post","status-publish","format-standard","hentry","category-economie","category-maroc"],"_links":{"self":[{"href":"https:\/\/linitiative.ca\/International\/wp-json\/wp\/v2\/posts\/21722","targetHints":{"allow":["GET"]}}],"collection":[{"href":"https:\/\/linitiative.ca\/International\/wp-json\/wp\/v2\/posts"}],"about":[{"href":"https:\/\/linitiative.ca\/International\/wp-json\/wp\/v2\/types\/post"}],"author":[{"embeddable":true,"href":"https:\/\/linitiative.ca\/International\/wp-json\/wp\/v2\/users\/1787"}],"replies":[{"embeddable":true,"href":"https:\/\/linitiative.ca\/International\/wp-json\/wp\/v2\/comments?post=21722"}],"version-history":[{"count":0,"href":"https:\/\/linitiative.ca\/International\/wp-json\/wp\/v2\/posts\/21722\/revisions"}],"wp:attachment":[{"href":"https:\/\/linitiative.ca\/International\/wp-json\/wp\/v2\/media?parent=21722"}],"wp:term":[{"taxonomy":"category","embeddable":true,"href":"https:\/\/linitiative.ca\/International\/wp-json\/wp\/v2\/categories?post=21722"},{"taxonomy":"post_tag","embeddable":true,"href":"https:\/\/linitiative.ca\/International\/wp-json\/wp\/v2\/tags?post=21722"}],"curies":[{"name":"wp","href":"https:\/\/api.w.org\/{rel}","templated":true}]}}