{"id":21728,"date":"2019-03-14T07:24:36","date_gmt":"2019-03-14T11:24:36","guid":{"rendered":"https:\/\/linitiative.ca\/International\/grande-distribution-carrefour-lance-les-travaux-de-construction-de-son-2e-supermarche-au-cameroun\/"},"modified":"2019-03-14T07:24:36","modified_gmt":"2019-03-14T11:24:36","slug":"grande-distribution-carrefour-lance-les-travaux-de-construction-de-son-2e-supermarche-au-cameroun","status":"publish","type":"post","link":"https:\/\/linitiative.ca\/International\/grande-distribution-carrefour-lance-les-travaux-de-construction-de-son-2e-supermarche-au-cameroun\/","title":{"rendered":"Grande distribution:   Carrefour lance les travaux de construction de son 2e supermarch\u00e9 au Cameroun"},"content":{"rendered":"<div class=\"featured-area featured-area-inner\"><img loading=\"lazy\" decoding=\"async\" width=\"780\" height=\"405\" src=\"https:\/\/i2.wp.com\/ecomatin.net\/wp-content\/uploads\/2019\/03\/ecomatin.net-grande-distribution-carrefour-lance-les-travaux-de-construction-de-son-2e-supermarche-au-cameroun-carrefour-1.jpg?resize=780%2C405&#038;ssl=1&#038;is-pending-load=1\" class=\"attachment-jannah-image-post size-jannah-image-post wp-post-image jetpack-lazy-image\" alt=\"\" data-attachment-id=\"6575\" data-permalink=\"https:\/\/ecomatin.net\/grande-distribution-carrefour-lance-les-travaux-de-construction-de-son-2e-supermarche-au-cameroun\/carrefour-3\/\" data-orig-file=\"https:\/\/i2.wp.com\/ecomatin.net\/wp-content\/uploads\/2019\/03\/ecomatin.net-grande-distribution-carrefour-lance-les-travaux-de-construction-de-son-2e-supermarche-au-cameroun-carrefour-1.jpg?fit=960%2C640&#038;ssl=1\" data-orig-size=\"960,640\" data-comments-opened=\"0\" data-image-meta=\"{\"aperture\":\"0\",\"credit\":\"\",\"camera\":\"\",\"caption\":\"\",\"created_timestamp\":\"0\",\"copyright\":\"\",\"focal_length\":\"0\",\"iso\":\"0\",\"shutter_speed\":\"0\",\"title\":\"\",\"orientation\":\"0\"}\" data-image-title=\"carrefour\" data-image-description=\"\" data-medium-file=\"https:\/\/i2.wp.com\/ecomatin.net\/wp-content\/uploads\/2019\/03\/ecomatin.net-grande-distribution-carrefour-lance-les-travaux-de-construction-de-son-2e-supermarche-au-cameroun-carrefour-1.jpg?fit=300%2C200&#038;ssl=1\" data-large-file=\"https:\/\/i2.wp.com\/ecomatin.net\/wp-content\/uploads\/2019\/03\/ecomatin.net-grande-distribution-carrefour-lance-les-travaux-de-construction-de-son-2e-supermarche-au-cameroun-carrefour-1.jpg?fit=960%2C640&#038;ssl=1\" srcset=\"data:image\/gif;base64,R0lGODlhAQABAIAAAAAAAP\/\/\/yH5BAEAAAAALAAAAAABAAEAAAIBRAA7\"\/><\/div>\n<div class=\"entry-content entry clearfix\" readability=\"51.4751525719\">\n<p>Ce sera le 2\u00e8me espace marchand de cette enseigne fran\u00e7aise au Cameroun, apr\u00e8s celui ouvert en d\u00e9cembre 2017 au quartier Bonamoussadi de Douala, la capitale \u00e9conomique du pays, qui verra prochainement l\u2019ouverture d\u2019une 2\u00e8me boutique Carrefour dans l\u2019enceinte du \u00ab<em>Douala Grand Mall &#038; Business Park<\/em>\u00bb, gigantesque centre commercial de <strong>18 000 m2<\/strong> que construit actuellement le Fonds d\u2019investissement britannique Actis.<\/p>\n<p>Pour la construction de son supermarch\u00e9 de la capitale politique camerounaise, Carrefour et son partenaire <strong>CFAO<\/strong>, selon les pr\u00e9visions officielles, investiront la bagatelle de 30 milliards de francs Cfa.\u00a0<em>\u00abCarrefour Market proposera une offre exclusive de produits \u00e0 marque Carrefour, des produits frais de qualit\u00e9, et plus de 1 500 r\u00e9f\u00e9rences made in Cameroun<\/em>\u00bb, avait pr\u00e9cis\u00e9\u00a0<strong>\u00a0Luc Demez<\/strong>, directeur g\u00e9n\u00e9ral de <strong>CFAO Retail<\/strong> au Cameroun, au cours de l\u2019ouverture du supermarch\u00e9 de Douala, en d\u00e9cembre 2017.<\/p>\n<div class=\"about-author about-author-box container-wrapper\">\n<div class=\"author-avatar\">\n<p><img decoding=\"async\" src=\"http:\/\/\" alt=\"\"\/><\/p>\n<\/div>\n<p><h4>La R\u00e9daction EcoMatin<\/h4>\n<\/p>\n<\/div>\n<div class=\"awac-wrapper awac widget blog_subscription-2\">\n<h4 class=\"widget-title\">Abonnez-vous \u00e0 notre lettre d&rsquo;information<\/h4>\n<\/div>\n<\/div>\n<div class=\"toggle-post-content clearfix\"><a id=\"toggle-post-button\" class=\"button\" href=\"#\">Afficher plus <\/a><\/div>\n<p>Auteur: EcoMatin<br \/>\n<a href=\"https:\/\/ecomatin.net\/grande-distribution-carrefour-lance-les-travaux-de-construction-de-son-2e-supermarche-au-cameroun\/\">Cliquez ici pour lire l&rsquo;article depuis sa source.<\/a><\/p>\n","protected":false},"excerpt":{"rendered":"<p>Ce sera le 2\u00e8me espace marchand de cette enseigne fran\u00e7aise au Cameroun, apr\u00e8s celui ouvert en d\u00e9cembre 2017 au quartier Bonamoussadi de Douala, la capitale \u00e9conomique du pays, qui verra prochainement l\u2019ouverture d\u2019une 2\u00e8me boutique Carrefour dans l\u2019enceinte du \u00abDouala Grand Mall &#038; Business Park\u00bb, gigantesque centre commercial de 18 000 m2 que construit actuellement [&hellip;]<\/p>\n","protected":false},"author":1969,"featured_media":0,"comment_status":"closed","ping_status":"closed","sticky":false,"template":"","format":"standard","meta":{"fifu_image_url":"","fifu_image_alt":"","footnotes":""},"categories":[82,78],"tags":[],"class_list":["post-21728","post","type-post","status-publish","format-standard","hentry","category-cameroun","category-economie"],"_links":{"self":[{"href":"https:\/\/linitiative.ca\/International\/wp-json\/wp\/v2\/posts\/21728","targetHints":{"allow":["GET"]}}],"collection":[{"href":"https:\/\/linitiative.ca\/International\/wp-json\/wp\/v2\/posts"}],"about":[{"href":"https:\/\/linitiative.ca\/International\/wp-json\/wp\/v2\/types\/post"}],"author":[{"embeddable":true,"href":"https:\/\/linitiative.ca\/International\/wp-json\/wp\/v2\/users\/1969"}],"replies":[{"embeddable":true,"href":"https:\/\/linitiative.ca\/International\/wp-json\/wp\/v2\/comments?post=21728"}],"version-history":[{"count":0,"href":"https:\/\/linitiative.ca\/International\/wp-json\/wp\/v2\/posts\/21728\/revisions"}],"wp:attachment":[{"href":"https:\/\/linitiative.ca\/International\/wp-json\/wp\/v2\/media?parent=21728"}],"wp:term":[{"taxonomy":"category","embeddable":true,"href":"https:\/\/linitiative.ca\/International\/wp-json\/wp\/v2\/categories?post=21728"},{"taxonomy":"post_tag","embeddable":true,"href":"https:\/\/linitiative.ca\/International\/wp-json\/wp\/v2\/tags?post=21728"}],"curies":[{"name":"wp","href":"https:\/\/api.w.org\/{rel}","templated":true}]}}