{"id":21732,"date":"2019-03-13T18:40:30","date_gmt":"2019-03-13T22:40:30","guid":{"rendered":"https:\/\/linitiative.ca\/International\/laref-de-loriental-approuve-le-projet-damendement-du-statut-de-ses-cadres\/"},"modified":"2019-03-13T18:40:30","modified_gmt":"2019-03-13T22:40:30","slug":"laref-de-loriental-approuve-le-projet-damendement-du-statut-de-ses-cadres","status":"publish","type":"post","link":"https:\/\/linitiative.ca\/International\/laref-de-loriental-approuve-le-projet-damendement-du-statut-de-ses-cadres\/","title":{"rendered":"L\u2019AREF de l\u2019Oriental approuve le projet d\u2019amendement du statut de ses cadres"},"content":{"rendered":"<div readability=\"37\">\n<p>Le Conseil d\u2019administration de l\u2019Acad\u00e9mie r\u00e9gionale de l\u2019\u00e9ducation et de la formation (AREF) de l\u2019Oriental a tenu, mercredi \u00e0 Oujda, une session extraordinaire, marqu\u00e9e par l\u2019approbation \u00e0 l\u2019unanimit\u00e9 du projet d\u2019amendement du statut des cadres de l\u2019acad\u00e9mie.<\/p>\n<\/div>\n<div readability=\"88\">\n<p>A l\u2019issue de cette session, le directeur de l\u2019AREF de l\u2019Oriental, Mohamed Dib, a organis\u00e9 une rencontre de communication avec les m\u00e9dias pour pr\u00e9senter les nouveaut\u00e9s, les motifs et les objectifs des amendements apport\u00e9s au statut des cadres de l\u2019AREF.<\/p>\n<p>Le projet du nouveau statut vise \u00e0 assurer la stabilit\u00e9 professionnelle et sociale des cadres de l\u2019acad\u00e9mie r\u00e9gionale, \u00e0 renforcer le processus de recrutement r\u00e9gional en tant que choix strat\u00e9gique inscrit dans le cadre de la mise en oeuvre de la r\u00e9gionalisation avanc\u00e9e, et \u00e0 assurer la promotion des cadres de l\u2019acad\u00e9mie tout au long de leurs carri\u00e8res, a affirm\u00e9 \u00e0 cette occasion M. Dib.<\/p>\n<p>En vertu du nouveau statut, les cadres de l\u2019acad\u00e9mie r\u00e9gionale vont b\u00e9n\u00e9ficier, au m\u00eame titre que les fonctionnaires\u00a0soumis au statut particulier du personnel de l\u2019Education nationale, des diff\u00e9rents droits relatifs notamment au r\u00e9gime de retraite, de promotion de grade, d\u2019avancement d\u2019\u00e9chelon ou encore de la couverture m\u00e9dicale, a-t-il expliqu\u00e9.<\/p>\n<p>Il s\u2019agit \u00e9galement d\u2019abolir d\u00e9finitivement\u00a0le syst\u00e8me\u00a0contractuel et la r\u00e9siliation\u00a0du contrat, a assur\u00e9 M. Dib, ajoutant que les\u00a0cadres de l\u2019acad\u00e9mie b\u00e9n\u00e9ficient\u00a0\u00e9galement de l\u2019int\u00e9gration d\u2019office sans \u00eatre\u00a0oblig\u00e9s de recourir \u00e0 l\u2019avenant au contrat, et seront automatiquement titularis\u00e9s apr\u00e8s passage avec succ\u00e8s de l\u2019examen de qualification professionnelle.<\/p>\n<p>Les cadres de l\u2019acad\u00e9mie,\u00a0\u00e0 l\u2019instar des autres enseignants de l\u2019Education nationale, auront\u00a0le droit de passer les concours d\u2019acc\u00e8s\u00a0au centre de formation des inspecteurs de l\u2019enseignement, d\u2019acc\u00e8s\u00a0au cycle pr\u00e9paratoire\u00a0d\u2019agr\u00e9gation et \u00e0 l\u2019administration p\u00e9dagogique\u00a0et au centre de l\u2019orientation et de la planification p\u00e9dagogique, a-t-il d\u00e9taill\u00e9.<\/p>\n<p>Les amendements portent aussi sur l\u2019exercice d\u2019activit\u00e9s en dehors des horaires de travail, en autorisant aux cadres de l\u2019AREF de les exercer, \u00e0 condition que les activit\u00e9s en question ne soient pas r\u00e9mun\u00e9r\u00e9es, \u00e0 l\u2019instar des autres fonctionnaires.<\/p>\n<p>Parmi les amendements apport\u00e9s figurent aussi le droit de pourvoir les postes de responsabilit\u00e9\u00a0au sein de l\u2019acad\u00e9mie r\u00e9gionale\u00a0et de ses services provinciaux conform\u00e9ment\u00a0aux lois en vigueur, a encore ajout\u00e9 le directeur de l\u2019AREF de l\u2019Oriental, notant que ces amendements s\u2019inscrivent dans le cadre des efforts consentis par le minist\u00e8re afin d\u2019am\u00e9liorer le statut actuel des cadres des acad\u00e9mies r\u00e9gionales.<\/p>\n<\/div>\n<p>Auteur: Soufiane ELAHMAR<br \/>\n<a href=\"http:\/\/www.mapoujda.ma\/fr\/laref-de-loriental-approuve-le-projet-damendement-du-statut-de-ses-cadres\/\">Cliquez ici pour lire l&rsquo;article depuis sa source.<\/a><\/p>\n","protected":false},"excerpt":{"rendered":"<p>Le Conseil d\u2019administration de l\u2019Acad\u00e9mie r\u00e9gionale de l\u2019\u00e9ducation et de la formation (AREF) de l\u2019Oriental a tenu, mercredi \u00e0 Oujda, une session extraordinaire, marqu\u00e9e par l\u2019approbation \u00e0 l\u2019unanimit\u00e9 du projet d\u2019amendement du statut des cadres de l\u2019acad\u00e9mie. A l\u2019issue de cette session, le directeur de l\u2019AREF de l\u2019Oriental, Mohamed Dib, a organis\u00e9 une rencontre de [&hellip;]<\/p>\n","protected":false},"author":1788,"featured_media":0,"comment_status":"closed","ping_status":"closed","sticky":false,"template":"","format":"standard","meta":{"fifu_image_url":"","fifu_image_alt":"","footnotes":""},"categories":[54,76],"tags":[],"class_list":["post-21732","post","type-post","status-publish","format-standard","hentry","category-maroc","category-regions"],"_links":{"self":[{"href":"https:\/\/linitiative.ca\/International\/wp-json\/wp\/v2\/posts\/21732","targetHints":{"allow":["GET"]}}],"collection":[{"href":"https:\/\/linitiative.ca\/International\/wp-json\/wp\/v2\/posts"}],"about":[{"href":"https:\/\/linitiative.ca\/International\/wp-json\/wp\/v2\/types\/post"}],"author":[{"embeddable":true,"href":"https:\/\/linitiative.ca\/International\/wp-json\/wp\/v2\/users\/1788"}],"replies":[{"embeddable":true,"href":"https:\/\/linitiative.ca\/International\/wp-json\/wp\/v2\/comments?post=21732"}],"version-history":[{"count":0,"href":"https:\/\/linitiative.ca\/International\/wp-json\/wp\/v2\/posts\/21732\/revisions"}],"wp:attachment":[{"href":"https:\/\/linitiative.ca\/International\/wp-json\/wp\/v2\/media?parent=21732"}],"wp:term":[{"taxonomy":"category","embeddable":true,"href":"https:\/\/linitiative.ca\/International\/wp-json\/wp\/v2\/categories?post=21732"},{"taxonomy":"post_tag","embeddable":true,"href":"https:\/\/linitiative.ca\/International\/wp-json\/wp\/v2\/tags?post=21732"}],"curies":[{"name":"wp","href":"https:\/\/api.w.org\/{rel}","templated":true}]}}