{"id":21804,"date":"2019-03-14T06:24:55","date_gmt":"2019-03-14T10:24:55","guid":{"rendered":"https:\/\/linitiative.ca\/International\/association-monde-rural-la-cantine-la-voirie-et-les-csps-les-maillons-faibles\/"},"modified":"2019-03-14T06:24:55","modified_gmt":"2019-03-14T10:24:55","slug":"association-monde-rural-la-cantine-la-voirie-et-les-csps-les-maillons-faibles","status":"publish","type":"post","link":"https:\/\/linitiative.ca\/International\/association-monde-rural-la-cantine-la-voirie-et-les-csps-les-maillons-faibles\/","title":{"rendered":"Association Monde rural:\u00a0La cantine, la voirie et les CSPS, les maillons faibles"},"content":{"rendered":"<div class=\"td-post-featured-image\"><a href=\"https:\/\/i0.wp.com\/www.sidwaya.info\/wp-content\/uploads\/2019\/03\/1-30.jpg?fit=877%2C456&#038;ssl=1\" data-caption=\"\"><img loading=\"lazy\" decoding=\"async\" width=\"696\" height=\"362\" class=\"entry-thumb td-modal-image\" src=\"https:\/\/i0.wp.com\/www.sidwaya.info\/wp-content\/uploads\/2019\/03\/1-30.jpg?resize=696%2C362&#038;ssl=1\" srcset=\"https:\/\/i0.wp.com\/www.sidwaya.info\/wp-content\/uploads\/2019\/03\/1-30.jpg?w=877&#038;ssl=1 877w, https:\/\/i0.wp.com\/www.sidwaya.info\/wp-content\/uploads\/2019\/03\/1-30.jpg?resize=300%2C156&#038;ssl=1 300w, https:\/\/i0.wp.com\/www.sidwaya.info\/wp-content\/uploads\/2019\/03\/1-30.jpg?resize=768%2C399&#038;ssl=1 768w, https:\/\/i0.wp.com\/www.sidwaya.info\/wp-content\/uploads\/2019\/03\/1-30.jpg?resize=696%2C362&#038;ssl=1 696w, https:\/\/i0.wp.com\/www.sidwaya.info\/wp-content\/uploads\/2019\/03\/1-30.jpg?resize=808%2C420&#038;ssl=1 808w\" sizes=\"auto, (max-width: 696px) 100vw, 696px\" alt=\"\" title=\"1\"\/><\/a><\/div>\n<div class=\"td-a-rec td-a-rec-id-content_top td_uid_30_5c8a6dab0ab9b_rand td_block_template_1\"><img loading=\"lazy\" decoding=\"async\" class=\"aligncenter size-full wp-image-4463\" src=\"https:\/\/www.sidwaya.info\/wp-content\/uploads\/2019\/02\/FESPACO-TOUR-2019-Bannie%CC%80re-728x90-1.jpg\" alt=\"\" width=\"728\" height=\"90\"\/><\/div>\n<p><strong>L\u2019Association Monde rural (AMR) a pr\u00e9sent\u00e9 les r\u00e9sultats d\u2019une \u00e9tude qu\u2019elle<\/strong> <strong>a r\u00e9alis\u00e9e sur l\u2019\u00e9tat de la gouvernance dans ses communes partenaires, le samedi 9 mars<\/strong> <strong>2019 \u00e0 Gourcy. C\u2019\u00e9tait au cours d\u2019un atelier plac\u00e9 sous la pr\u00e9sidence du haut-commissaire, repr\u00e9sent\u00e9 par le Secr\u00e9taire g\u00e9n\u00e9ral de la province, Tarwend\u00e9 Juste<\/strong> <strong>Ou\u00e9draogo.<\/strong><\/p>\n<p>C\u2019est la sixi\u00e8me fois cons\u00e9cutives que l\u2019Association Monde rural (AMR) proc\u00e8de \u00e0 une \u00e9valuation de la gouvernance dans ses 37 communes partenaires.\u00a0 Cette activit\u00e9 s\u2019inscrit dans le cadre de la mise en \u0153uvre de son programme Gouvernance locale dans les\u00a0 r\u00e9gions de l\u2019Est, du Centre-Ouest, du Centre-Nord et du Nord. A en croire le coordonnateur de l\u2019Association, Amadou Wangr\u00e9, l\u2019\u00e9tude a consist\u00e9 dans un premier temps, \u00e0 collecter les appr\u00e9ciations des citoyens sur les performances de leurs communes en termes de ressources humaines, financi\u00e8res et mat\u00e9rielles et sur \u00a0des indicateurs de gouvernance \u00a0tels\u00a0que la transparence, l\u2019information, la redevabilit\u00e9, l\u2019efficacit\u00e9 et l\u2019efficience, la participation citoyenne, la promotion des droits humains et du genre, etc. Il s\u2019est agi ensuite de les analyser, d\u2019en tirer un tableau de bord pour chaque commune et enfin, de faire des recommandations tendant \u00e0 corriger les insuffisances et \u00e0 am\u00e9liorer de fa\u00e7on globale la gestion des affaires publiques locales dans les collectivit\u00e9s. Les participants \u00e0 cet atelier, constitu\u00e9s essentiellement des repr\u00e9sentants des conseils municipaux, des services techniques d\u00e9concentr\u00e9s, de la tutelle administrative des collectivit\u00e9s, des repr\u00e9sentants des partenaires financiers et des superviseurs de projets de l\u2019AMR ont suivi avec int\u00e9r\u00eat la restitution. L\u2019exercice s\u2019est focalis\u00e9 sur le niveau de satisfaction des populations sur la communication, l\u2019accueil dans les mairies, la tra\u00e7abilit\u00e9 des actes, les services fournis, la gestion des \u00e9coles, des centres de sant\u00e9, des points d\u2019eau, de la voirie et l\u2019assainissement communal. Le cartable minimum, la gratuit\u00e9 des soins et la cantine scolaire ont\u00a0 \u00e9galement \u00e9t\u00e9 soumis \u00e0 l\u2019appr\u00e9ciation des citoyens. Globalement,\u00a0 l\u2019\u00e9tude a r\u00e9v\u00e9l\u00e9 qu\u2019une large majorit\u00e9 des enqu\u00eat\u00e9s a exprim\u00e9 une satisfaction sur les sujets concern\u00e9s, \u00e0 l\u2019exception de la cantine scolaire, \u00a0la voirie et la gestion des centres de sant\u00e9 o\u00f9 le niveau de satisfaction est nettement en de\u00e7\u00e0 des attentes. Comme recommandations formul\u00e9es, on retiendra l\u2019acc\u00e9l\u00e9ration du processus de transfert des comp\u00e9tences et des ressources, l\u2019institutionnalisation des cadres de redevabilit\u00e9 et de \u00a0concertation et surtout, une \u00a0participation citoyenne plus importante. Avant d\u2019ouvrir les \u00e9changes, Amadou Wangr\u00e9 a indiqu\u00e9 qu\u2019une copie du rapport de l\u2019\u00e9tude sera mise \u00e0 la disposition des collectivit\u00e9s concern\u00e9es pour exploitation. La prise en compte d\u2019autres indicateurs et la r\u00e9alisation de l\u2019\u00e9tude par un cabinet externe ont \u00e9t\u00e9 sugg\u00e9r\u00e9es par les participants qui voulaient aussi en savoir davantage sur les canaux de diffusions et la situation des recommandations des \u00e9tudes ant\u00e9rieures. Avant la cl\u00f4ture de l\u2019atelier, le Secr\u00e9taire g\u00e9n\u00e9ral de la province, tout en f\u00e9licitant l\u2019AMR pour le travail abattu, a invit\u00e9 les principaux b\u00e9n\u00e9ficiaires de cette \u00e9tude que sont les ex\u00e9cutifs communaux \u00e0 s\u2019en servir pour une gouvernance vertueuse, efficace et efficiente de leurs entit\u00e9s. En marge de cette restitution, l\u2019association a tenu, dans la matin\u00e9e, sa 9<sup>e<\/sup> assembl\u00e9e g\u00e9n\u00e9rale ordinaire au m\u00eame lieu.<\/p>\n<p><strong>Aziz KIEMDE (Collaborateur)<\/strong><\/p>\n<div class=\"td-a-rec td-a-rec-id-content_bottom td_uid_31_5c8a6dab0ad4b_rand td_block_template_1\"><img loading=\"lazy\" decoding=\"async\" class=\"alignright size-full wp-image-1724\" src=\"https:\/\/www.sidwaya.info\/wp-content\/uploads\/2018\/12\/sidwaya-pub.jpg\" alt=\"\" width=\"720\" height=\"90\"\/><\/div>\n<p>Auteur: BS. Sidwaya<br \/>\n<a href=\"https:\/\/www.sidwaya.info\/blog\/2019\/03\/14\/association-monde-rural-la-cantine-la-voirie-et-les-csps-les-maillons-faibles\/\">Cliquez ici pour lire l&rsquo;article depuis sa source.<\/a><\/p>\n","protected":false},"excerpt":{"rendered":"<p>L\u2019Association Monde rural (AMR) a pr\u00e9sent\u00e9 les r\u00e9sultats d\u2019une \u00e9tude qu\u2019elle a r\u00e9alis\u00e9e sur l\u2019\u00e9tat de la gouvernance dans ses communes partenaires, le samedi 9 mars 2019 \u00e0 Gourcy. C\u2019\u00e9tait au cours d\u2019un atelier plac\u00e9 sous la pr\u00e9sidence du haut-commissaire, repr\u00e9sent\u00e9 par le Secr\u00e9taire g\u00e9n\u00e9ral de la province, Tarwend\u00e9 Juste Ou\u00e9draogo. C\u2019est la sixi\u00e8me fois [&hellip;]<\/p>\n","protected":false},"author":1816,"featured_media":0,"comment_status":"closed","ping_status":"closed","sticky":false,"template":"","format":"standard","meta":{"fifu_image_url":"","fifu_image_alt":"","footnotes":""},"categories":[73,81],"tags":[],"class_list":["post-21804","post","type-post","status-publish","format-standard","hentry","category-actualite","category-burkina-faso"],"_links":{"self":[{"href":"https:\/\/linitiative.ca\/International\/wp-json\/wp\/v2\/posts\/21804","targetHints":{"allow":["GET"]}}],"collection":[{"href":"https:\/\/linitiative.ca\/International\/wp-json\/wp\/v2\/posts"}],"about":[{"href":"https:\/\/linitiative.ca\/International\/wp-json\/wp\/v2\/types\/post"}],"author":[{"embeddable":true,"href":"https:\/\/linitiative.ca\/International\/wp-json\/wp\/v2\/users\/1816"}],"replies":[{"embeddable":true,"href":"https:\/\/linitiative.ca\/International\/wp-json\/wp\/v2\/comments?post=21804"}],"version-history":[{"count":0,"href":"https:\/\/linitiative.ca\/International\/wp-json\/wp\/v2\/posts\/21804\/revisions"}],"wp:attachment":[{"href":"https:\/\/linitiative.ca\/International\/wp-json\/wp\/v2\/media?parent=21804"}],"wp:term":[{"taxonomy":"category","embeddable":true,"href":"https:\/\/linitiative.ca\/International\/wp-json\/wp\/v2\/categories?post=21804"},{"taxonomy":"post_tag","embeddable":true,"href":"https:\/\/linitiative.ca\/International\/wp-json\/wp\/v2\/tags?post=21804"}],"curies":[{"name":"wp","href":"https:\/\/api.w.org\/{rel}","templated":true}]}}