{"id":21926,"date":"2019-03-14T08:11:00","date_gmt":"2019-03-14T12:11:00","guid":{"rendered":"https:\/\/linitiative.ca\/International\/86861-foot-equipe-tunisienne-les-joueurs-de-l-es-tunis-et-de-l-es-sahel-non-concernes-par-le-match-face-a-l-algerie\/"},"modified":"2019-03-14T08:11:00","modified_gmt":"2019-03-14T12:11:00","slug":"86861-foot-equipe-tunisienne-les-joueurs-de-l-es-tunis-et-de-l-es-sahel-non-concernes-par-le-match-face-a-l-algerie","status":"publish","type":"post","link":"https:\/\/linitiative.ca\/International\/86861-foot-equipe-tunisienne-les-joueurs-de-l-es-tunis-et-de-l-es-sahel-non-concernes-par-le-match-face-a-l-algerie\/","title":{"rendered":"Foot\/Equipe tunisienne: les joueurs de l&rsquo;ES Tunis et de l&rsquo;ES Sahel non concern\u00e9s par le match face \u00e0 l&rsquo;Alg\u00e9rie"},"content":{"rendered":"<div>\n<div class=\"K2FeedIntroText\">\n<p><strong>TUNIS &#8211; Les joueurs de l&rsquo;ES Tunis et de l&rsquo;ES Sahel ne seront pas concern\u00e9s par le match amical que doit livrer l&rsquo;\u00e9quipe tunisienne de football, le 26 mars \u00e0 Blida face \u00e0 l&rsquo;Alg\u00e9rie, en vue de la Coupe d&rsquo;Afrique des nations CAN-2019 en Egypte ( 21 juin &#8211; 19 juillet).<\/strong><\/p>\n<\/div>\n<div class=\"K2FeedFullText\">\n<p>Les joueurs de l&rsquo;Esp\u00e9rance : Ben Mohamed,\u00a0 Anice Badri, Taha Yassine Khnissi et ceux de l&rsquo;ES Sahel : Wajdi Kechrida, Mohamed Amine Ben Amor, seront en effet mis \u00e0 la disposition de leurs clubs respectifs \u00e0 partir du le 23 mars.<\/p>\n<p>L&rsquo;EST o\u00f9 \u00e9volue le milieu offensif international alg\u00e9rien Youcef Bela\u00efli sera en appel \u00e0 Doha (Qatar) pour affronter le 29 mars les Marocains du Raja Casablanca en Supercoupe d&rsquo;Afrique, alors que l&rsquo;ESS jouera le m\u00eame jour la demi-finale (aller) de la Coupe arabe des clubs champions \u00e0 Oumdurman face aux Soudanais d&rsquo;Al-Merrikh.<\/p>\n<p>Avant leur opposition, l&rsquo;Alg\u00e9rie et la Tunisie accueilleront\u00a0 le vendredi 22 mars respectivement la Gambie \u00e0 Blida (20h45) et le Swaziland \u00e0 Rad\u00e8s, en cl\u00f4ture des qualifications de la CAN-2019.<\/p>\n<p>Les Verts ont assur\u00e9 leur qualification, \u00e0 l&rsquo;issue de leur victoire le 18 novembre dernier \u00e0 Lom\u00e9 face au Togo (4-1), lors de la 5e journ\u00e9e (Gr.D). La Tunisie a \u00e9galement valid\u00e9 son billet en compagnie de l&rsquo;Egypte, pays h\u00f4te.<\/p>\n<\/div>\n<p><img loading=\"lazy\" decoding=\"async\" src=\"http:\/\/feeds.feedburner.com\/~r\/aps-sport\/~4\/Bh1lvAZVglg\" height=\"1\" width=\"1\" alt=\"\"><\/div>\n<p>Auteur:<br \/>\n<a href=\"http:\/\/www.aps.dz\/sport\/86861-foot-equipe-tunisienne-les-joueurs-de-l-es-tunis-et-de-l-es-sahel-non-concernes-par-le-match-face-a-l-algerie?utm_source=feedburner&#038;utm_medium=feed&#038;utm_campaign=Feed%3A+aps-sport+%28APS+-+SPORT%29\">Cliquez ici pour lire l&rsquo;article depuis sa source.<\/a><\/p>\n","protected":false},"excerpt":{"rendered":"<p>TUNIS &#8211; Les joueurs de l&rsquo;ES Tunis et de l&rsquo;ES Sahel ne seront pas concern\u00e9s par le match amical que doit livrer l&rsquo;\u00e9quipe tunisienne de football, le 26 mars \u00e0 Blida face \u00e0 l&rsquo;Alg\u00e9rie, en vue de la Coupe d&rsquo;Afrique des nations CAN-2019 en Egypte ( 21 juin &#8211; 19 juillet). Les joueurs de l&rsquo;Esp\u00e9rance [&hellip;]<\/p>\n","protected":false},"author":1790,"featured_media":0,"comment_status":"closed","ping_status":"closed","sticky":false,"template":"","format":"standard","meta":{"fifu_image_url":"","fifu_image_alt":"","footnotes":""},"categories":[53,75],"tags":[],"class_list":["post-21926","post","type-post","status-publish","format-standard","hentry","category-algerie","category-sport"],"_links":{"self":[{"href":"https:\/\/linitiative.ca\/International\/wp-json\/wp\/v2\/posts\/21926","targetHints":{"allow":["GET"]}}],"collection":[{"href":"https:\/\/linitiative.ca\/International\/wp-json\/wp\/v2\/posts"}],"about":[{"href":"https:\/\/linitiative.ca\/International\/wp-json\/wp\/v2\/types\/post"}],"author":[{"embeddable":true,"href":"https:\/\/linitiative.ca\/International\/wp-json\/wp\/v2\/users\/1790"}],"replies":[{"embeddable":true,"href":"https:\/\/linitiative.ca\/International\/wp-json\/wp\/v2\/comments?post=21926"}],"version-history":[{"count":0,"href":"https:\/\/linitiative.ca\/International\/wp-json\/wp\/v2\/posts\/21926\/revisions"}],"wp:attachment":[{"href":"https:\/\/linitiative.ca\/International\/wp-json\/wp\/v2\/media?parent=21926"}],"wp:term":[{"taxonomy":"category","embeddable":true,"href":"https:\/\/linitiative.ca\/International\/wp-json\/wp\/v2\/categories?post=21926"},{"taxonomy":"post_tag","embeddable":true,"href":"https:\/\/linitiative.ca\/International\/wp-json\/wp\/v2\/tags?post=21926"}],"curies":[{"name":"wp","href":"https:\/\/api.w.org\/{rel}","templated":true}]}}