{"id":21933,"date":"2019-03-14T16:01:00","date_gmt":"2019-03-14T20:01:00","guid":{"rendered":"https:\/\/linitiative.ca\/International\/ridha-charfeddine-jette-leponge-il-quitte-nida-et-son-siege-de-larp\/"},"modified":"2019-03-14T16:01:00","modified_gmt":"2019-03-14T20:01:00","slug":"ridha-charfeddine-jette-leponge-il-quitte-nida-et-son-siege-de-larp","status":"publish","type":"post","link":"https:\/\/linitiative.ca\/International\/ridha-charfeddine-jette-leponge-il-quitte-nida-et-son-siege-de-larp\/","title":{"rendered":"Ridha Charfeddine jette l&rsquo;\u00e9ponge : il quitte Nida et son si\u00e8ge de l&rsquo;ARP"},"content":{"rendered":"<p>Le pr\u00e9sident de la commissionde pr\u00e9paration du prochain congr\u00e8s de Nidaa Toun\u00e8s, Ridha Charfeddine a annonc\u00e9 ce jeudi soir sur la cha\u00eene El Hiwwar Ettousi sa d\u00e9mission de la commission de Nidaa, de Nidaa et aussi de son si\u00e8ge de d\u00e9put\u00e9. Au cours de son interview, Ridha Charfeddine, tr\u00e8s \u00e9mu, a invoqu\u00e9 de profonds d\u00e9saccords avec l&rsquo;instance politique \u00e0 propos la d\u00e9marche \u00e0 suivre pour la pr\u00e9paration du congr\u00e8s.<\/p>\n<p>Auteur:<br \/>\n<a href=\"https:\/\/www.leaders.com.tn\/article\/26692-ridha-charfeddine-jette-l-eponge-il-quitte-nida-et-son-siege-de-l-arp\">Cliquez ici pour lire l&rsquo;article depuis sa source.<\/a><\/p>\n","protected":false},"excerpt":{"rendered":"<p>Le pr\u00e9sident de la commissionde pr\u00e9paration du prochain congr\u00e8s de Nidaa Toun\u00e8s, Ridha Charfeddine a annonc\u00e9 ce jeudi soir sur la cha\u00eene El Hiwwar Ettousi sa d\u00e9mission de la commission de Nidaa, de Nidaa et aussi de son si\u00e8ge de d\u00e9put\u00e9. Au cours de son interview, Ridha Charfeddine, tr\u00e8s \u00e9mu, a invoqu\u00e9 de profonds d\u00e9saccords [&hellip;]<\/p>\n","protected":false},"author":1772,"featured_media":0,"comment_status":"closed","ping_status":"closed","sticky":false,"template":"","format":"standard","meta":{"fifu_image_url":"","fifu_image_alt":"","footnotes":""},"categories":[73,55],"tags":[],"class_list":["post-21933","post","type-post","status-publish","format-standard","hentry","category-actualite","category-tunisie"],"_links":{"self":[{"href":"https:\/\/linitiative.ca\/International\/wp-json\/wp\/v2\/posts\/21933","targetHints":{"allow":["GET"]}}],"collection":[{"href":"https:\/\/linitiative.ca\/International\/wp-json\/wp\/v2\/posts"}],"about":[{"href":"https:\/\/linitiative.ca\/International\/wp-json\/wp\/v2\/types\/post"}],"author":[{"embeddable":true,"href":"https:\/\/linitiative.ca\/International\/wp-json\/wp\/v2\/users\/1772"}],"replies":[{"embeddable":true,"href":"https:\/\/linitiative.ca\/International\/wp-json\/wp\/v2\/comments?post=21933"}],"version-history":[{"count":0,"href":"https:\/\/linitiative.ca\/International\/wp-json\/wp\/v2\/posts\/21933\/revisions"}],"wp:attachment":[{"href":"https:\/\/linitiative.ca\/International\/wp-json\/wp\/v2\/media?parent=21933"}],"wp:term":[{"taxonomy":"category","embeddable":true,"href":"https:\/\/linitiative.ca\/International\/wp-json\/wp\/v2\/categories?post=21933"},{"taxonomy":"post_tag","embeddable":true,"href":"https:\/\/linitiative.ca\/International\/wp-json\/wp\/v2\/tags?post=21933"}],"curies":[{"name":"wp","href":"https:\/\/api.w.org\/{rel}","templated":true}]}}