{"id":21949,"date":"2019-03-14T17:11:14","date_gmt":"2019-03-14T21:11:14","guid":{"rendered":"https:\/\/linitiative.ca\/International\/tunisie-le-retour-galopant-de-la-censure-de-la-presse\/"},"modified":"2019-03-14T17:11:14","modified_gmt":"2019-03-14T21:11:14","slug":"tunisie-le-retour-galopant-de-la-censure-de-la-presse","status":"publish","type":"post","link":"https:\/\/linitiative.ca\/International\/tunisie-le-retour-galopant-de-la-censure-de-la-presse\/","title":{"rendered":"Tunisie \u2013 Le retour galopant de la censure de la presse"},"content":{"rendered":"<div class=\"post-cont-in left relative\">\n<div class=\"nc_socialPanel swp_flatFresh swp_d_fullColor swp_i_fullColor swp_o_fullColor scale-100 scale-fullWidth\" data-position=\"none\" data-float=\"floatNone\" data-count=\"5\" data-floatcolor=\"#ffffff\" data-emphasize=\"0\">\n<div class=\"nc_tweetContainer totes totesalt\" data-id=\"6\"><span class=\"swp_count\"><span class=\"swp_label\">Partages<\/span> 1<\/span><\/div>\n<\/div>\n<p>Le seul r\u00e9el acquis des tunisiens de ce qu\u2019ils se sont accord\u00e9s \u00e0 appeler \u00ab\u00a0la r\u00e9volution du jasmin\u00a0\u00bb, a \u00e9t\u00e9 la libert\u00e9 d\u2019expression et de presse. Or, \u00e0 voir ce qui se passe ces derniers jours et ces derni\u00e8res heures, on voit bien que cet acquis est loin de l\u2019\u00eatre, et que la censure revient au grand galop.<\/p>\n<p>En effet, et suite au scandale du d\u00e9c\u00e8s des douze b\u00e9b\u00e9s \u00e0 la maternit\u00e9 de Wassila Bourguiba, et l\u2019ouverture d\u2019une double enqu\u00eate administrative et judiciaire, la presse s\u2019est empar\u00e9e du sujet, pour enqu\u00eater \u00e0 son tour, et essayer de comprendre et de transmettre l\u2019information aux citoyens. Apr\u00e8s tout, c\u2019est la presse qui aura eu le m\u00e9rite de remuer cette affaire qui allait passer sous silence, n\u2019e\u00fbt \u00e9t\u00e9 la r\u00e9action imm\u00e9diate et scandalis\u00e9e de la presse.<\/p>\n<div class=\"code-block code-block-1 c3\"><ins class=\"adsbygoogle c2\" data-ad-layout=\"in-article\" data-ad-format=\"fluid\" data-ad-client=\"ca-pub-2102118777505746\" data-ad-slot=\"7301775417\"\/> <\/div>\n<p>Or, maintenant que la justice s\u2019est saisie de l\u2019affaire, elle entend bien ne laisser personne en approcher, ni oser poser certaines questions ou obtenir certaines r\u00e9v\u00e9lations qui g\u00eaneraient.<\/p>\n<p>C\u2019est ainsi, que le parquet de Tunis a ordonn\u00e9 aux agents de la brigade criminelle de Tunis, d\u2019interdire l\u2019\u00e9mission des quatre v\u00e9rit\u00e9s qui devait \u00eatre diffus\u00e9e ce soir, ainsi que la rediffusion de l\u2019\u00e9mission d\u2019hier pr\u00e9sent\u00e9e par Moez Ben Gharbiya, sur la chaine TV Carthage plus.<\/p>\n<p>S\u2019il est vrai, et on le comprend, qu\u2019il y ait certaines r\u00e9serves \u00e0 respecter dans une affaire dont la justice s\u2019est saisie, et qui est en cours d\u2019instruction, il aurait mieux valu demander aux producteurs de ces \u00e9missions de se limiter \u00e0 tout ce qui ne touche pas au secret de l\u2019instruction et \u00e0 \u00e9viter de faire n\u2019importe quelle pression sur les magistrats en charge de l\u2019affaire, au lieu de faire craindre le retour de la censure, premier palier vers un retour de la tyrannie\u00a0!<\/p>\n<p><img loading=\"lazy\" decoding=\"async\" class=\"aligncenter size-full wp-image-421867\" src=\"https:\/\/www.tunisienumerique.com\/wp-content\/uploads\/2019\/03\/juge.jpg\" alt=\"\" width=\"661\" height=\"960\" srcset=\"https:\/\/www.tunisienumerique.com\/wp-content\/uploads\/2019\/03\/juge.jpg 661w, https:\/\/www.tunisienumerique.com\/wp-content\/uploads\/2019\/03\/juge-600x871.jpg 600w\" sizes=\"auto, (max-width: 661px) 100vw, 661px\"\/><\/p>\n<div class=\"mvp-org-wrap mvp-org-logo\" itemprop=\"publisher\" itemscope=\"\" itemtype=\"https:\/\/schema.org\/Organization\"><img decoding=\"async\" src=\"https:\/\/www.tunisienumerique.com\/wp-content\/uploads\/2017\/02\/logo_tunisie_numerique.png\"\/><\/div>\n<div class=\"nc_socialPanel swp_flatFresh swp_d_fullColor swp_i_fullColor swp_o_fullColor scale-100 scale-fullWidth\" data-position=\"none\" data-float=\"floatNone\" data-count=\"5\" data-floatcolor=\"#ffffff\" data-emphasize=\"0\">\n<div class=\"nc_tweetContainer totes totesalt\" data-id=\"6\"><span class=\"swp_count\"><span class=\"swp_label\">Partages<\/span> 1<\/span><\/div>\n<\/div>\n<div class=\"mvp-related-posts left relative\">\n<h4 class=\"post-header\"><span class=\"post-header\">Lire aussi<\/span><\/h4>\n<\/div>\n<\/div>\n<p>Auteur: LM<br \/>\n<a href=\"https:\/\/www.tunisienumerique.com\/tunisie-le-retour-galopant-de-la-censure-de-la-presse\/\">Cliquez ici pour lire l&rsquo;article depuis sa source.<\/a><\/p>\n","protected":false},"excerpt":{"rendered":"<p>Partages 1 Le seul r\u00e9el acquis des tunisiens de ce qu\u2019ils se sont accord\u00e9s \u00e0 appeler \u00ab\u00a0la r\u00e9volution du jasmin\u00a0\u00bb, a \u00e9t\u00e9 la libert\u00e9 d\u2019expression et de presse. Or, \u00e0 voir ce qui se passe ces derniers jours et ces derni\u00e8res heures, on voit bien que cet acquis est loin de l\u2019\u00eatre, et que la [&hellip;]<\/p>\n","protected":false},"author":1789,"featured_media":21950,"comment_status":"closed","ping_status":"closed","sticky":false,"template":"","format":"standard","meta":{"fifu_image_url":"","fifu_image_alt":"","footnotes":""},"categories":[73,55],"tags":[],"class_list":["post-21949","post","type-post","status-publish","format-standard","has-post-thumbnail","hentry","category-actualite","category-tunisie"],"_links":{"self":[{"href":"https:\/\/linitiative.ca\/International\/wp-json\/wp\/v2\/posts\/21949","targetHints":{"allow":["GET"]}}],"collection":[{"href":"https:\/\/linitiative.ca\/International\/wp-json\/wp\/v2\/posts"}],"about":[{"href":"https:\/\/linitiative.ca\/International\/wp-json\/wp\/v2\/types\/post"}],"author":[{"embeddable":true,"href":"https:\/\/linitiative.ca\/International\/wp-json\/wp\/v2\/users\/1789"}],"replies":[{"embeddable":true,"href":"https:\/\/linitiative.ca\/International\/wp-json\/wp\/v2\/comments?post=21949"}],"version-history":[{"count":0,"href":"https:\/\/linitiative.ca\/International\/wp-json\/wp\/v2\/posts\/21949\/revisions"}],"wp:featuredmedia":[{"embeddable":true,"href":"https:\/\/linitiative.ca\/International\/wp-json\/"}],"wp:attachment":[{"href":"https:\/\/linitiative.ca\/International\/wp-json\/wp\/v2\/media?parent=21949"}],"wp:term":[{"taxonomy":"category","embeddable":true,"href":"https:\/\/linitiative.ca\/International\/wp-json\/wp\/v2\/categories?post=21949"},{"taxonomy":"post_tag","embeddable":true,"href":"https:\/\/linitiative.ca\/International\/wp-json\/wp\/v2\/tags?post=21949"}],"curies":[{"name":"wp","href":"https:\/\/api.w.org\/{rel}","templated":true}]}}