{"id":21951,"date":"2019-03-14T16:50:16","date_gmt":"2019-03-14T20:50:16","guid":{"rendered":"https:\/\/linitiative.ca\/International\/question-a-qui-de-droit\/"},"modified":"2019-03-14T16:50:16","modified_gmt":"2019-03-14T20:50:16","slug":"question-a-qui-de-droit","status":"publish","type":"post","link":"https:\/\/linitiative.ca\/International\/question-a-qui-de-droit\/","title":{"rendered":"QUESTION A QUI DE DROIT :"},"content":{"rendered":"<header>\n<\/header>\n<div class=\"entry-content clearfix\" readability=\"41\"><img decoding=\"async\" class=\"post_layout_5_img\" src=\"http:\/\/lepays.bf\/wp-content\/uploads\/2017\/07\/lepaysresponsive.png\" alt=\"QUESTION A QUI DE DROIT :\"\/><\/p>\n<p class=\"c4\"><em>Face \u00e0 la situation s\u00e9curitaire qui se d\u00e9gradait de jour en jour, les autorit\u00e9s burkinab\u00e8, \u00e0 l\u2019occasion du nouvel an, ont d\u00e9cr\u00e9t\u00e9 l\u2019\u00e9tat d\u2019urgence dans sept r\u00e9gions sur les treize que compte le pays. A l\u2019issue d\u2019une dizaine de jours, l\u2019Assembl\u00e9e nationale l\u2019a prolong\u00e9 sur six mois. C\u2019est une d\u00e9cision qui a \u00e9t\u00e9 favorablement accueillie m\u00eame s\u2019il faut reconna\u00eetre qu\u2019elle est intervenue un peu tard. Toutefois, je me pose une question\u00a0: pourquoi n\u2019avoir pas \u00e9tendu l\u2019\u00e9tat d\u2019urgence au-del\u00e0 de ces r\u00e9gions quand on sait que les terroristes sont ainsi faits que quand ils sont accul\u00e9s, ils migrent vers les contr\u00e9es les plus cl\u00e9mentes\u00a0? Ouvrons donc grandement l\u2019\u0153il sur les six autres r\u00e9gions qui ne sont pas concern\u00e9es par l\u2019\u00e9tat d\u2019urgence.<\/em><\/p>\n<p><strong>\u00a0<\/strong><strong>Un citoyen burkinab\u00e8<\/strong><\/p>\n<\/div>\n<p>Auteur: Le Pays<br \/>\n<a href=\"http:\/\/lepays.bf\/question-a-qui-de-droit\/\">Cliquez ici pour lire l&rsquo;article depuis sa source.<\/a><\/p>\n","protected":false},"excerpt":{"rendered":"<p>Face \u00e0 la situation s\u00e9curitaire qui se d\u00e9gradait de jour en jour, les autorit\u00e9s burkinab\u00e8, \u00e0 l\u2019occasion du nouvel an, ont d\u00e9cr\u00e9t\u00e9 l\u2019\u00e9tat d\u2019urgence dans sept r\u00e9gions sur les treize que compte le pays. A l\u2019issue d\u2019une dizaine de jours, l\u2019Assembl\u00e9e nationale l\u2019a prolong\u00e9 sur six mois. C\u2019est une d\u00e9cision qui a \u00e9t\u00e9 favorablement accueillie [&hellip;]<\/p>\n","protected":false},"author":1813,"featured_media":21952,"comment_status":"closed","ping_status":"closed","sticky":false,"template":"","format":"standard","meta":{"fifu_image_url":"","fifu_image_alt":"","footnotes":""},"categories":[73,81],"tags":[],"class_list":["post-21951","post","type-post","status-publish","format-standard","has-post-thumbnail","hentry","category-actualite","category-burkina-faso"],"_links":{"self":[{"href":"https:\/\/linitiative.ca\/International\/wp-json\/wp\/v2\/posts\/21951","targetHints":{"allow":["GET"]}}],"collection":[{"href":"https:\/\/linitiative.ca\/International\/wp-json\/wp\/v2\/posts"}],"about":[{"href":"https:\/\/linitiative.ca\/International\/wp-json\/wp\/v2\/types\/post"}],"author":[{"embeddable":true,"href":"https:\/\/linitiative.ca\/International\/wp-json\/wp\/v2\/users\/1813"}],"replies":[{"embeddable":true,"href":"https:\/\/linitiative.ca\/International\/wp-json\/wp\/v2\/comments?post=21951"}],"version-history":[{"count":0,"href":"https:\/\/linitiative.ca\/International\/wp-json\/wp\/v2\/posts\/21951\/revisions"}],"wp:featuredmedia":[{"embeddable":true,"href":"https:\/\/linitiative.ca\/International\/wp-json\/"}],"wp:attachment":[{"href":"https:\/\/linitiative.ca\/International\/wp-json\/wp\/v2\/media?parent=21951"}],"wp:term":[{"taxonomy":"category","embeddable":true,"href":"https:\/\/linitiative.ca\/International\/wp-json\/wp\/v2\/categories?post=21951"},{"taxonomy":"post_tag","embeddable":true,"href":"https:\/\/linitiative.ca\/International\/wp-json\/wp\/v2\/tags?post=21951"}],"curies":[{"name":"wp","href":"https:\/\/api.w.org\/{rel}","templated":true}]}}