{"id":21997,"date":"2019-03-15T09:40:27","date_gmt":"2019-03-15T13:40:27","guid":{"rendered":"https:\/\/linitiative.ca\/International\/les-12-aref-ont-pris-leur-decision-fini-le-recrutement-par-contrat\/"},"modified":"2019-03-15T09:40:27","modified_gmt":"2019-03-15T13:40:27","slug":"les-12-aref-ont-pris-leur-decision-fini-le-recrutement-par-contrat","status":"publish","type":"post","link":"https:\/\/linitiative.ca\/International\/les-12-aref-ont-pris-leur-decision-fini-le-recrutement-par-contrat\/","title":{"rendered":"Les 12 Aref ont pris leur d\u00e9cision : Fini  le recrutement par contrat !"},"content":{"rendered":"<p><img decoding=\"async\" class=\"post_layout_5_img\" src=\"http:\/\/aujourdhui.ma\/wp-content\/uploads\/2019\/03\/enseignat-parlement.jpg?x29840\" alt=\"Les 12 Aref ont pris leur d\u00e9cision : Fini le recrutement par contrat !\"\/><\/p>\n<p class=\"p1\"><span class=\"c4\"><strong><em>Les enseignants contractuels poursuivent leur mouvement de protestation<\/em><\/strong><\/span><span id=\"more-307419\"\/><\/p>\n<p class=\"p1\"><span class=\"s1\">C\u2019est officiel. <span class=\"Apple-converted-space\">\u00a0<\/span> Les Acad\u00e9mies r\u00e9gionales d\u2019\u00e9ducation et de formation (Aref) abandonnent le syst\u00e8me de recrutement par contrat. Cette d\u00e9cision a \u00e9t\u00e9 prises lors de sessions extraordinaires tenues le mercredi 13 mars par les conseils d\u2019administration des 12 acad\u00e9mies r\u00e9gionales pour adopter les amendements propos\u00e9s aux statuts de leurs cadres, en application des engagements pris par le gouvernement.<span class=\"Apple-converted-space\">\u00a0 \u00a0<\/span><\/span><\/p>\n<p class=\"p1\"><span class=\"s1\">Cette r\u00e9vision porte sur l\u2019introduction des 14 amendements qui avaient \u00e9t\u00e9 annonc\u00e9s par le ministre de l\u2019\u00e9ducation nationale Sa\u00efd Amzazi,<span class=\"Apple-converted-space\">\u00a0<\/span> lors d\u2019une<span class=\"Apple-converted-space\">\u00a0<\/span> r\u00e9union<span class=\"Apple-converted-space\">\u00a0<\/span> tenue samedi dernier<span class=\"Apple-converted-space\">\u00a0<\/span> avec les syndicats repr\u00e9sentatifs du secteur. Selon un communiqu\u00e9 du minist\u00e8re de l\u2019\u00e9ducation nationale, ces amendements ont \u00e9t\u00e9 adopt\u00e9s \u00e0 l\u2019unanimit\u00e9 par les conseils d\u2019administration de dix acad\u00e9mies et \u00e0 la majorit\u00e9 par les deux acad\u00e9mies restantes.<span class=\"Apple-converted-space\">\u00a0<\/span> Selon la tutelle, ces amendements visent \u00e0 permettre aux cadres des Aref de jouir d\u2019une situation professionnelle similaire \u00e0 celle des fonctionnaires soumis au statut des fonctionnaires du minist\u00e8re. Les cadres concern\u00e9s peuvent exercer des activit\u00e9s en dehors des horaires de travail \u00e0 condition que de ne pas \u00eatre r\u00e9mun\u00e9r\u00e9, \u00e0 l\u2019instar des autres fonctionnaires. La promotion est \u00e9galement pr\u00e9vue en accordant aux cadres des Aref le droit \u00e0 l\u2019avancement au grade et \u00e0 l\u2019\u00e9chelle tout au long de leur carri\u00e8re.<\/span><\/p>\n<p class=\"p1\"><span class=\"s1\">Il s\u2019agit aussi de la r\u00e9vision de l\u2019article 25 du statut relatif \u00e0 la retraite suite \u00e0 une maladie grave, de mani\u00e8re \u00e0 r\u00e9pondre favorablement \u00e0 cette revendication et permettre aux cadres des acad\u00e9mies l\u2019acc\u00e8s aux m\u00eames droits des autres fonctionnaires. Les m\u00eames dispositions valables pour les fonctionnaires de l\u2019administration publique seront appliqu\u00e9es aux cadres des Aref, \u00e0 savoir le droit \u00e0 la mobilit\u00e9 \u00e0 l\u2019int\u00e9rieur de la r\u00e9gion d\u2019affectation, l\u2019int\u00e9gration d\u2019office sans recours \u00e0 l\u2019avenant au contrat, la titularisation directement apr\u00e8s l\u2019int\u00e9gration au corps des cadres des acad\u00e9mies et l\u2019admission \u00e0 l\u2019examen de qualification professionnelle et du reclassement au grade 2 de la classe 2 (\u00e9chelle 10), tout en conservant l\u2019anciennet\u00e9 acquise au sein de l\u2019Aref.<\/span><\/p>\n<p class=\"p1\"><span class=\"s1\">S\u2019ils remplissent les conditions n\u00e9cessaires, ils auront le droit de passer les concours des inspecteurs, les concours d\u2019agr\u00e9gation ainsi que la possibilit\u00e9 de faire partie du corps administratif ou de l\u2019orientation p\u00e9dagogique. Ces amendements visent \u00e9galement \u00e0 leur permettre l\u2019acc\u00e8s aux postes de responsabilit\u00e9 (chef de service, chef de division, directeur provincial,\u2026), conform\u00e9ment aux conditions et modalit\u00e9s en vigueur. En d\u00e9pit des amendements du gouvernement, les enseignants contractuels poursuivent leur mouvement de protestation. Ces derniers ont d\u00e9cid\u00e9 de prolonger d\u2019une semaine suppl\u00e9mentaire leur semaine<span class=\"Apple-converted-space\">\u00a0<\/span> de col\u00e8re et ce depuis le<span class=\"Apple-converted-space\">\u00a0<\/span> 10 mars. La coordination des enseignants contractuels revendique l\u2019int\u00e9gration dans la fonction publique. Cela fait plusieurs mois que<span class=\"Apple-converted-space\">\u00a0<\/span> les 55.000 enseignants contractuels manifestent r\u00e9guli\u00e8rement <span class=\"Apple-converted-space\">\u00a0<\/span> contre les CDD qui<span class=\"Apple-converted-space\">\u00a0<\/span> \u00e9taient en vigueur depuis 2016 dans l\u2019\u00e9ducation nationale.<\/span><\/p>\n<p>Auteur: Laila Zerrour<br \/>\n<a href=\"http:\/\/aujourdhui.ma\/societe\/les-12-aref-ont-pris-leur-decision-fini-le-recrutement-par-contrat\">Cliquez ici pour lire l&rsquo;article depuis sa source.<\/a><\/p>\n","protected":false},"excerpt":{"rendered":"<p>Les enseignants contractuels poursuivent leur mouvement de protestation C\u2019est officiel. \u00a0 Les Acad\u00e9mies r\u00e9gionales d\u2019\u00e9ducation et de formation (Aref) abandonnent le syst\u00e8me de recrutement par contrat. Cette d\u00e9cision a \u00e9t\u00e9 prises lors de sessions extraordinaires tenues le mercredi 13 mars par les conseils d\u2019administration des 12 acad\u00e9mies r\u00e9gionales pour adopter les amendements propos\u00e9s aux statuts [&hellip;]<\/p>\n","protected":false},"author":1759,"featured_media":0,"comment_status":"closed","ping_status":"closed","sticky":false,"template":"","format":"standard","meta":{"fifu_image_url":"","fifu_image_alt":"","footnotes":""},"categories":[73,54],"tags":[],"class_list":["post-21997","post","type-post","status-publish","format-standard","hentry","category-actualite","category-maroc"],"_links":{"self":[{"href":"https:\/\/linitiative.ca\/International\/wp-json\/wp\/v2\/posts\/21997","targetHints":{"allow":["GET"]}}],"collection":[{"href":"https:\/\/linitiative.ca\/International\/wp-json\/wp\/v2\/posts"}],"about":[{"href":"https:\/\/linitiative.ca\/International\/wp-json\/wp\/v2\/types\/post"}],"author":[{"embeddable":true,"href":"https:\/\/linitiative.ca\/International\/wp-json\/wp\/v2\/users\/1759"}],"replies":[{"embeddable":true,"href":"https:\/\/linitiative.ca\/International\/wp-json\/wp\/v2\/comments?post=21997"}],"version-history":[{"count":0,"href":"https:\/\/linitiative.ca\/International\/wp-json\/wp\/v2\/posts\/21997\/revisions"}],"wp:attachment":[{"href":"https:\/\/linitiative.ca\/International\/wp-json\/wp\/v2\/media?parent=21997"}],"wp:term":[{"taxonomy":"category","embeddable":true,"href":"https:\/\/linitiative.ca\/International\/wp-json\/wp\/v2\/categories?post=21997"},{"taxonomy":"post_tag","embeddable":true,"href":"https:\/\/linitiative.ca\/International\/wp-json\/wp\/v2\/tags?post=21997"}],"curies":[{"name":"wp","href":"https:\/\/api.w.org\/{rel}","templated":true}]}}