{"id":21998,"date":"2019-03-15T09:46:24","date_gmt":"2019-03-15T13:46:24","guid":{"rendered":"https:\/\/linitiative.ca\/International\/coupes-africaines-le-match-a-ne-pas-perdre-pour-les-clubs-marocains\/"},"modified":"2019-03-15T09:46:24","modified_gmt":"2019-03-15T13:46:24","slug":"coupes-africaines-le-match-a-ne-pas-perdre-pour-les-clubs-marocains","status":"publish","type":"post","link":"https:\/\/linitiative.ca\/International\/coupes-africaines-le-match-a-ne-pas-perdre-pour-les-clubs-marocains\/","title":{"rendered":"Coupes africaines : Le match \u00e0 ne pas perdre pour  les clubs marocains"},"content":{"rendered":"<p><img decoding=\"async\" class=\"post_layout_5_img\" src=\"http:\/\/aujourdhui.ma\/wp-content\/uploads\/2019\/03\/Wydad-2.jpg?x29840\" alt=\"Coupes africaines : Le match \u00e0 ne pas perdre pour les clubs marocains\"\/><\/p>\n<p class=\"p1\"><span class=\"c4\"><strong><span class=\"s1\">La Ligue des champions d\u2019Afrique et la Coupe de la Conf\u00e9d\u00e9ration conna\u00eetront ce week-end leurs derni\u00e8res journ\u00e9es ultra d\u00e9cisives \u00e0 l\u2019issue desquelles l\u2019identit\u00e9 des qualifi\u00e9s au prochain tour sera d\u00e9voil\u00e9e.\u00a0<\/span><\/strong><\/span><span id=\"more-307424\"\/><\/p>\n<p class=\"p1\"><span class=\"s1\">Pour la premi\u00e8re comp\u00e9tition programm\u00e9e samedi, le Wydad de Casablanca aura fort \u00e0 faire face au redoutable Mamelodi Sundowns. La mission s\u2019av\u00e8re compliqu\u00e9e \u00e9tant donn\u00e9 que les Rouges sont dans l\u2019imp\u00e9ratif de remporter cette rencontre pour ne pas \u00eatre \u00e0 la merci de la calculette. La victoire assurera \u00e0 l\u2019unique repr\u00e9sentant des couleurs nationales dans cette comp\u00e9tition de se qualifier sans trembler.<\/span><\/p>\n<p class=\"p1\"><span class=\"s1\">Plac\u00e9 \u00e0 la deuxi\u00e8me position avec 7 points, le Wydad s\u2019\u00e9tait inclin\u00e9 dimanche dernier face aux Ivoiriens de l\u2019Asec Mimosas \u00e0 Abidjan. La prestation des joueurs \u00e9taient en de\u00e7\u00e0 des esp\u00e9rances. Faouzi Benzerti t\u00e2chera de colmater les br\u00e8ches et surtout de remettre de l\u2019ordre dans le bloc d\u00e9fensif. Les Sud-Africains, leaders avec 10 points, ambitionnent de leur c\u00f4t\u00e9 d\u2019asseoir leur domination avec une nouvelle victoire.<\/span><\/p>\n<p class=\"p1\"><span class=\"s1\">Concernant la seconde comp\u00e9tition qui aura lieu dimanche, elle tiendra en haleine tous les supporters du ballon rond national.<\/span><\/p>\n<p class=\"p1\"><span class=\"s1\">Si lors de la pr\u00e9c\u00e9dente journ\u00e9e, certaines \u00e9quipes ont pu tirer leur \u00e9pingle du jeu en empochant le ticket qualificatif pour les quarts de finale, d\u2019autres ne se sont pas encore mises totalement \u00e0 l\u2019abri.<\/span><\/p>\n<p class=\"p1\"><span class=\"s1\">Du groupe A compos\u00e9 de l\u2019AS Otoho Doyo, le Raja de Casablanca, le Hassania d\u2019Agadir et la Renaissance de Berkane, seul ce dernier a pu mettre l\u2019affaire dans le sac avant m\u00eame de disputer cette 6\u00e8me journ\u00e9e.<\/span><\/p>\n<p class=\"p1\"><span class=\"s1\">En revanche, son prochain adversaire, \u00e0 savoir le HUSA, compte sur cette rencontre pour d\u00e9crocher une qualification historique. Troisi\u00e8me du groupe avec 5 points, le destin n\u2019est pas entre ses mains.<\/span><\/p>\n<p class=\"p1\"><span class=\"s1\">Pour rejoindre la RSB, un concours de circonstances devrait avoir lieu. Les Gadiris sont dans l\u2019obligation de remporter ce match et esp\u00e9rer un faux pas des Congolais.<\/span><\/p>\n<p class=\"p1\"><span class=\"s1\">Ceux-ci qui \u00e9volueront \u00e0 domicile re\u00e7oivent le Raja. Mal en point, les Verts sont \u00e9galement confront\u00e9s \u00e0 une \u00e9quation des plus d\u00e9licates. Et comme un malheur ne vient jamais seul, l\u2019effectif ne sera pas au complet. La liste des absents s\u2019est allong\u00e9e. Outre Badr Banoune et Ilias Haddad suspendus pour cumul de cartons, Patrice Carteron devrait composer sans son d\u00e9fenseur central Sanad Al Ouarfali qui ne s\u2019est pas encore totalement remis de sa blessure.<\/span><\/p>\n<p class=\"p1\"><span class=\"s1\">Les chances du Raja qui ferme la marche avec 4 points sont minimes mais il ne faut pas s\u2019avouer vaincu d\u2019avance.<\/span><\/p>\n<p>Auteur: ALM<br \/>\n<a href=\"http:\/\/aujourdhui.ma\/une\/coupes-africaines-le-match-a-ne-pas-perdre-pour-les-clubs-marocains\">Cliquez ici pour lire l&rsquo;article depuis sa source.<\/a><\/p>\n","protected":false},"excerpt":{"rendered":"<p>La Ligue des champions d\u2019Afrique et la Coupe de la Conf\u00e9d\u00e9ration conna\u00eetront ce week-end leurs derni\u00e8res journ\u00e9es ultra d\u00e9cisives \u00e0 l\u2019issue desquelles l\u2019identit\u00e9 des qualifi\u00e9s au prochain tour sera d\u00e9voil\u00e9e.\u00a0 Pour la premi\u00e8re comp\u00e9tition programm\u00e9e samedi, le Wydad de Casablanca aura fort \u00e0 faire face au redoutable Mamelodi Sundowns. La mission s\u2019av\u00e8re compliqu\u00e9e \u00e9tant donn\u00e9 [&hellip;]<\/p>\n","protected":false},"author":1759,"featured_media":0,"comment_status":"closed","ping_status":"closed","sticky":false,"template":"","format":"standard","meta":{"fifu_image_url":"","fifu_image_alt":"","footnotes":""},"categories":[73,54],"tags":[],"class_list":["post-21998","post","type-post","status-publish","format-standard","hentry","category-actualite","category-maroc"],"_links":{"self":[{"href":"https:\/\/linitiative.ca\/International\/wp-json\/wp\/v2\/posts\/21998","targetHints":{"allow":["GET"]}}],"collection":[{"href":"https:\/\/linitiative.ca\/International\/wp-json\/wp\/v2\/posts"}],"about":[{"href":"https:\/\/linitiative.ca\/International\/wp-json\/wp\/v2\/types\/post"}],"author":[{"embeddable":true,"href":"https:\/\/linitiative.ca\/International\/wp-json\/wp\/v2\/users\/1759"}],"replies":[{"embeddable":true,"href":"https:\/\/linitiative.ca\/International\/wp-json\/wp\/v2\/comments?post=21998"}],"version-history":[{"count":0,"href":"https:\/\/linitiative.ca\/International\/wp-json\/wp\/v2\/posts\/21998\/revisions"}],"wp:attachment":[{"href":"https:\/\/linitiative.ca\/International\/wp-json\/wp\/v2\/media?parent=21998"}],"wp:term":[{"taxonomy":"category","embeddable":true,"href":"https:\/\/linitiative.ca\/International\/wp-json\/wp\/v2\/categories?post=21998"},{"taxonomy":"post_tag","embeddable":true,"href":"https:\/\/linitiative.ca\/International\/wp-json\/wp\/v2\/tags?post=21998"}],"curies":[{"name":"wp","href":"https:\/\/api.w.org\/{rel}","templated":true}]}}