{"id":21999,"date":"2019-03-15T09:49:45","date_gmt":"2019-03-15T13:49:45","guid":{"rendered":"https:\/\/linitiative.ca\/International\/la-protection-sociale-en-afrique-en-debat-a-rabat\/"},"modified":"2019-03-15T09:49:45","modified_gmt":"2019-03-15T13:49:45","slug":"la-protection-sociale-en-afrique-en-debat-a-rabat","status":"publish","type":"post","link":"https:\/\/linitiative.ca\/International\/la-protection-sociale-en-afrique-en-debat-a-rabat\/","title":{"rendered":"La protection sociale en Afrique en d\u00e9bat \u00e0 Rabat"},"content":{"rendered":"<header>\n<\/header>\n<div class=\"entry-content clearfix\" readability=\"48\"><img decoding=\"async\" class=\"post_layout_5_img\" src=\"http:\/\/aujourdhui.ma\/wp-content\/uploads\/2016\/03\/Mutuelle-MGPAP.jpg?x29840\" alt=\"La protection sociale en Afrique en d\u00e9bat \u00e0 Rabat\"\/><\/p>\n<p class=\"p1\"><span class=\"s1\"><span class=\"c4\"><strong>Une journ\u00e9e d\u2019information et de formation sur la protection sociale en Afrique sera organis\u00e9e ce vendredi \u00e0 Rabat, \u00e0 l\u2019initiative de la Mutuelle g\u00e9n\u00e9rale du personnel des administrations publiques (MGPAP) et l\u2019Union africaine de la mutualit\u00e9 (UAM).<\/strong><\/span><\/span> <span id=\"more-307427\"\/><\/p>\n<p class=\"p1\"><span class=\"s1\">Initi\u00e9e en marge des r\u00e9unions des instances dirigeantes de l\u2019UAM, cette rencontre verra la participation de responsables gouvernementaux, de repr\u00e9sentants de mutuelles africaines, de sp\u00e9cialistes, d\u2019acad\u00e9miciens et d\u2019experts dans le domaine de la protection sociale et de la mutualit\u00e9, ainsi que des repr\u00e9sentants de partis politiques et de syndicats, indiquent la MGPAP et l\u2019UAM dans un communiqu\u00e9. Les d\u00e9bats seront ax\u00e9s sur de nombreuses questions se rapportant \u00e0 cette th\u00e9matique axiale, \u00e0 savoir l\u2019importance \u00e0 accorder \u00e0 la protection sociale avec comme principale composante les mutuelles. Deux s\u00e9ances meubleront ainsi les travaux de la journ\u00e9e, se rapportant \u00e0 la \u00abprotection sociale et mutualit\u00e9 en Afrique\u00bb et \u00e0 la \u00abprotection sociale : Le mod\u00e8le marocain\u00bb.<\/span><\/p>\n<\/div>\n<p>Auteur: ALM<br \/>\n<a href=\"http:\/\/aujourdhui.ma\/societe\/la-protection-sociale-en-afrique-en-debat-a-rabat\">Cliquez ici pour lire l&rsquo;article depuis sa source.<\/a><\/p>\n","protected":false},"excerpt":{"rendered":"<p>Une journ\u00e9e d\u2019information et de formation sur la protection sociale en Afrique sera organis\u00e9e ce vendredi \u00e0 Rabat, \u00e0 l\u2019initiative de la Mutuelle g\u00e9n\u00e9rale du personnel des administrations publiques (MGPAP) et l\u2019Union africaine de la mutualit\u00e9 (UAM). Initi\u00e9e en marge des r\u00e9unions des instances dirigeantes de l\u2019UAM, cette rencontre verra la participation de responsables gouvernementaux, [&hellip;]<\/p>\n","protected":false},"author":1759,"featured_media":0,"comment_status":"closed","ping_status":"closed","sticky":false,"template":"","format":"standard","meta":{"fifu_image_url":"","fifu_image_alt":"","footnotes":""},"categories":[73,54],"tags":[],"class_list":["post-21999","post","type-post","status-publish","format-standard","hentry","category-actualite","category-maroc"],"_links":{"self":[{"href":"https:\/\/linitiative.ca\/International\/wp-json\/wp\/v2\/posts\/21999","targetHints":{"allow":["GET"]}}],"collection":[{"href":"https:\/\/linitiative.ca\/International\/wp-json\/wp\/v2\/posts"}],"about":[{"href":"https:\/\/linitiative.ca\/International\/wp-json\/wp\/v2\/types\/post"}],"author":[{"embeddable":true,"href":"https:\/\/linitiative.ca\/International\/wp-json\/wp\/v2\/users\/1759"}],"replies":[{"embeddable":true,"href":"https:\/\/linitiative.ca\/International\/wp-json\/wp\/v2\/comments?post=21999"}],"version-history":[{"count":0,"href":"https:\/\/linitiative.ca\/International\/wp-json\/wp\/v2\/posts\/21999\/revisions"}],"wp:attachment":[{"href":"https:\/\/linitiative.ca\/International\/wp-json\/wp\/v2\/media?parent=21999"}],"wp:term":[{"taxonomy":"category","embeddable":true,"href":"https:\/\/linitiative.ca\/International\/wp-json\/wp\/v2\/categories?post=21999"},{"taxonomy":"post_tag","embeddable":true,"href":"https:\/\/linitiative.ca\/International\/wp-json\/wp\/v2\/tags?post=21999"}],"curies":[{"name":"wp","href":"https:\/\/api.w.org\/{rel}","templated":true}]}}