{"id":22000,"date":"2019-03-15T10:00:04","date_gmt":"2019-03-15T14:00:04","guid":{"rendered":"https:\/\/linitiative.ca\/International\/ficm-de-tetouan-2019-hommage-a-nelly-karim-et-mohamed-choubi\/"},"modified":"2019-03-15T10:00:04","modified_gmt":"2019-03-15T14:00:04","slug":"ficm-de-tetouan-2019-hommage-a-nelly-karim-et-mohamed-choubi","status":"publish","type":"post","link":"https:\/\/linitiative.ca\/International\/ficm-de-tetouan-2019-hommage-a-nelly-karim-et-mohamed-choubi\/","title":{"rendered":"FICM de T\u00e9touan 2019 : Hommage \u00e0 Nelly Karim et Mohamed Choubi"},"content":{"rendered":"<p><img decoding=\"async\" class=\"post_layout_5_img\" src=\"http:\/\/aujourdhui.ma\/wp-content\/uploads\/2019\/03\/FICM-de-Te%CC%81touan-2019-Nelly-Karim-et-Mohamed-Choubi.jpg?x29840\" alt=\"FICM de T\u00e9touan 2019 : Hommage \u00e0 Nelly Karim et Mohamed Choubi\"\/><\/p>\n<p class=\"p1\"><span class=\"c4\"><strong>Le cin\u00e9aste espagnol Luis Mi\u00f1arro sera aussi honor\u00e9 pour l\u2019ensemble de ses films<\/strong><\/span> <span id=\"more-307365\"\/><\/p>\n<p class=\"p2\"><span class=\"s1\">Comme chaque ann\u00e9e, le 25\u00e8me Festival du cin\u00e9ma m\u00e9diterran\u00e9en de T\u00e9touan (FCMT), dont les travaux se tiendront du 23 au 30 mars, pr\u00e9voit de rendre hommage \u00e0 des personnalit\u00e9s artistiques ayant contribu\u00e9 au d\u00e9veloppement du septi\u00e8me art. Parmi les artistes choisis d\u2019\u00eatre honor\u00e9s cette ann\u00e9e, figure l\u2019actrice \u00e9gyptienne Nelly Karim qui a pu, en peu de temps, s\u2019imposer comme un grand nom dans le cin\u00e9ma \u00e9gyptien et arabe. Elle a incarn\u00e9 diff\u00e9rents r\u00f4les dans de nombreux films tels que \u00abSahar El Ayoun\u00bb, \u00abFuite de la momie\u00bb et \u00abAlexandrie-New York\u00bb.<\/span><\/p>\n<p class=\"p2\"><span class=\"s1\">L\u2019actrice a impressionn\u00e9 par son interpr\u00e9tation du personnage de la femme \u00e9gyptienne d\u00e9vou\u00e9e \u00e0 sa famille dans le long-m\u00e9trage \u00abClash\u00bb (ayant repr\u00e9sent\u00e9 l\u2019Egypte lors du Festival de Cannes en 2016). Elle a r\u00e9ussi, dans ce film, et comme \u00e0 son habitude, de se glisser avec brio dans la peau d\u2019une infirmi\u00e8re rafl\u00e9e par la police et emmen\u00e9e avec son \u00e9poux et son fils dans un fourgon plein de monde, et ce pendant la p\u00e9riode d\u2019agitation et de bouleversement ayant men\u00e9 \u00e0 la destitution de l\u2019ancien pr\u00e9sident Mohammed Morsi. Au fil de son parcours d\u2019actrice, Nelly Karim a remport\u00e9 plusieurs prix lors de grandes manifestations cin\u00e9matographiques tenues en Egypte et \u00e0 l\u2019\u00e9tranger.<\/span><\/p>\n<p class=\"p2\"><span class=\"s1\">Les travaux de cette 5\u00e8me \u00e9dition seront aussi marqu\u00e9s par l\u2019hommage rendu \u00e0 l\u2019acteur Mohamed Choubi. Ayant fait ses d\u00e9buts au th\u00e9\u00e2tre amateur \u00e0 Marrakech, l\u2019artiste marocain a d\u00e9cid\u00e9 ensuite de d\u00e9couvrir le monde du cin\u00e9ma \u00e0 travers son interpr\u00e9tation \u00e0 des diff\u00e9rents personnages dans plusieurs films marocains et internationaux. <em>\u00abLe Festival d\u00e9cide de rendre hommage \u00e0 cet acteur marocain qui se distingue par l\u2019\u00e9tendue de sa culture et par son talent exceptionnel\u00bb,<\/em> selon les organisateurs.<\/span><\/p>\n<p class=\"p2\"><span class=\"s1\">Mohamed Choubi a r\u00e9ussi \u00e0 garder son empreinte dans le septi\u00e8me art par ses nombreux r\u00f4les dans des films tels que \u00abSoif\u00bb de Sa\u00e2d Chra\u00efbi, \u00abDeux femmes sur la route\u00bb de Farida Bourquia, \u00abLe cheval de vent\u00bb de Daoud Oulad Syad, \u00abMille mois\u00bb de Faouzi Bensa\u00efdi, \u00ab Jeu des espions\u00bb de Tony Scott et \u00abFemme \u00e9crite\u00bb de Lahcen Zinoun.\u00a0<\/span><\/p>\n<p class=\"p2\"><span class=\"s1\">Un autre hommage sera \u00e9galement rendu, lors de ce 25\u00e8me festival, au c\u00e9l\u00e8bre r\u00e9alisateur et producteur espagnol Luis Mi\u00f1arro.<span class=\"Apple-converted-space\">\u00a0<\/span> Il a enrichi le cin\u00e9ma espagnol et international par plusieurs films, dont la majorit\u00e9 est r\u00e9alis\u00e9e dans la cat\u00e9gorie du \u00abcin\u00e9ma d\u2019auteur\u00bb. Son long-m\u00e9trage \u00abL\u2019oncle Boonmee\u00bb lui a valu la Palme d\u2019Or lors du Festival de Cannes 2010. Il est \u00e0 noter que le cin\u00e9ma palestinien sera mis \u00e0 l\u2019honneur lors de cette 25\u00e8me \u00e9dition. Les cin\u00e9philes et simples t\u00e9touanais sont ainsi invit\u00e9s \u00e0 voir de nouveaux films palestiniens, notamment \u00abTournevis\u00bb de Bassam Jarbawi, \u00abVilla Touma\u00bb de Sahi Araf, \u00abEmwas\u00bb de Dima Abu Ghosh, \u00abL\u2019exode\u00bb de Hind Shoufani, \u00abBonbon\u00e9\u00bb de Rakan Mayasi, \u00abLe tuyau\u00bb de Sami Za\u00e2rour, \u00abZone C\u00bb de Salah Abu Nimah, \u00abLe perroquet\u00bb de Darren Salam et \u00abLa vie des pigeons\u00bb d\u2019Abou Shanab.<\/span><\/p>\n<p>Auteur: Najat Fa\u00efssal<br \/>\n<a href=\"http:\/\/aujourdhui.ma\/culture\/ficm-de-tetouan-2019-hommage-a-nelly-karim-et-mohamed-choubi\">Cliquez ici pour lire l&rsquo;article depuis sa source.<\/a><\/p>\n","protected":false},"excerpt":{"rendered":"<p>Le cin\u00e9aste espagnol Luis Mi\u00f1arro sera aussi honor\u00e9 pour l\u2019ensemble de ses films Comme chaque ann\u00e9e, le 25\u00e8me Festival du cin\u00e9ma m\u00e9diterran\u00e9en de T\u00e9touan (FCMT), dont les travaux se tiendront du 23 au 30 mars, pr\u00e9voit de rendre hommage \u00e0 des personnalit\u00e9s artistiques ayant contribu\u00e9 au d\u00e9veloppement du septi\u00e8me art. Parmi les artistes choisis d\u2019\u00eatre [&hellip;]<\/p>\n","protected":false},"author":1759,"featured_media":0,"comment_status":"closed","ping_status":"closed","sticky":false,"template":"","format":"standard","meta":{"fifu_image_url":"","fifu_image_alt":"","footnotes":""},"categories":[73,54],"tags":[],"class_list":["post-22000","post","type-post","status-publish","format-standard","hentry","category-actualite","category-maroc"],"_links":{"self":[{"href":"https:\/\/linitiative.ca\/International\/wp-json\/wp\/v2\/posts\/22000","targetHints":{"allow":["GET"]}}],"collection":[{"href":"https:\/\/linitiative.ca\/International\/wp-json\/wp\/v2\/posts"}],"about":[{"href":"https:\/\/linitiative.ca\/International\/wp-json\/wp\/v2\/types\/post"}],"author":[{"embeddable":true,"href":"https:\/\/linitiative.ca\/International\/wp-json\/wp\/v2\/users\/1759"}],"replies":[{"embeddable":true,"href":"https:\/\/linitiative.ca\/International\/wp-json\/wp\/v2\/comments?post=22000"}],"version-history":[{"count":0,"href":"https:\/\/linitiative.ca\/International\/wp-json\/wp\/v2\/posts\/22000\/revisions"}],"wp:attachment":[{"href":"https:\/\/linitiative.ca\/International\/wp-json\/wp\/v2\/media?parent=22000"}],"wp:term":[{"taxonomy":"category","embeddable":true,"href":"https:\/\/linitiative.ca\/International\/wp-json\/wp\/v2\/categories?post=22000"},{"taxonomy":"post_tag","embeddable":true,"href":"https:\/\/linitiative.ca\/International\/wp-json\/wp\/v2\/tags?post=22000"}],"curies":[{"name":"wp","href":"https:\/\/api.w.org\/{rel}","templated":true}]}}