{"id":22001,"date":"2019-03-15T10:03:36","date_gmt":"2019-03-15T14:03:36","guid":{"rendered":"https:\/\/linitiative.ca\/International\/les-cultures-populaires-sinvitent-au-12eme-salon-du-livre-usage\/"},"modified":"2019-03-15T10:03:36","modified_gmt":"2019-03-15T14:03:36","slug":"les-cultures-populaires-sinvitent-au-12eme-salon-du-livre-usage","status":"publish","type":"post","link":"https:\/\/linitiative.ca\/International\/les-cultures-populaires-sinvitent-au-12eme-salon-du-livre-usage\/","title":{"rendered":"Les cultures populaires s\u2019invitent  au 12\u00e8me Salon du livre usag\u00e9"},"content":{"rendered":"<header>\n<div class=\"entry-post-meta\">\n<div class=\"author-link\">Publi\u00e9 par <a itemprop=\"author\" itemscope=\"\" itemtype=\"https:\/\/schema.org\/Person\" href=\"http:\/\/aujourdhui.ma\/profile\/kaid\" rel=\"author\"><span itemprop=\"name\">ALM<\/span><\/a><\/div>\n<p>Date\u00a0:<time content=\"2019-03-15T15:03:36+00:00\" class=\"entry-date updated\" datetime=\"2019-03-15T15:03:36+00:00\">mars 15, 2019<\/time><\/p>\n<div class=\"entry-cat\">dans:<a href=\"http:\/\/aujourdhui.ma\/category\/culture\/livre\" rel=\"category tag\">Livre<\/a><\/div>\n<p>1Vues<\/p>\n<\/div>\n<\/header>\n<div class=\"entry-content clearfix\" readability=\"55\"><img decoding=\"async\" class=\"post_layout_5_img\" src=\"http:\/\/aujourdhui.ma\/wp-content\/uploads\/2016\/02\/bibliotheque-Livre.jpg?x29840\" alt=\"Les cultures populaires s\u2019invitent au 12\u00e8me Salon du livre usag\u00e9\"\/><\/p>\n<p class=\"p1\"><span class=\"s1\"><span class=\"c4\"><strong>La 12\u00e8me \u00e9dition du Salon du livre usag\u00e9 sera organis\u00e9e, du 1er au 30 avril prochain, \u00e0 Casablanca, sous le th\u00e8me : \u00abLes cultures populaires : identit\u00e9 et tol\u00e9rance\u00bb.<\/strong><\/span><\/span> <span id=\"more-307193\"\/><\/p>\n<p class=\"p1\"><span class=\"s1\">Cet \u00e9v\u00e9nement culturel est devenu un rendez-vous incontournable pour les intellectuels, les lecteurs et autres parties int\u00e9ress\u00e9es par le livre usag\u00e9, qui, durant un mois, animeront ce Salon \u00e0 travers une s\u00e9rie d\u2019expositions, de conf\u00e9rences, de rencontres et d\u2019initiatives visant \u00e0 encourager la lecture, indique l\u2019Association des bouquinistes de Casablanca, organisatrice de cet \u00e9v\u00e9nement culturel.<\/span><\/p>\n<p class=\"p1\"><span class=\"s1\">L\u2019Association annonce qu\u2019outre la pr\u00e9sence d\u2019un grand nombre d\u2019intellectuels et penseurs, plusieurs programmes de communication sont concoct\u00e9s \u00e0 cette occasion, destin\u00e9s principalement aux m\u00e9dias et aux organisations culturelles et de la soci\u00e9t\u00e9 civile.<\/span><\/p>\n<\/div>\n<p>Auteur: ALM<br \/>\n<a href=\"http:\/\/aujourdhui.ma\/culture\/livre\/les-cultures-populaires-sinvitent-au-12eme-salon-du-livre-usage\">Cliquez ici pour lire l&rsquo;article depuis sa source.<\/a><\/p>\n","protected":false},"excerpt":{"rendered":"<p>Publi\u00e9 par ALM Date\u00a0:mars 15, 2019 dans:Livre 1Vues La 12\u00e8me \u00e9dition du Salon du livre usag\u00e9 sera organis\u00e9e, du 1er au 30 avril prochain, \u00e0 Casablanca, sous le th\u00e8me : \u00abLes cultures populaires : identit\u00e9 et tol\u00e9rance\u00bb. Cet \u00e9v\u00e9nement culturel est devenu un rendez-vous incontournable pour les intellectuels, les lecteurs et autres parties int\u00e9ress\u00e9es par [&hellip;]<\/p>\n","protected":false},"author":1759,"featured_media":0,"comment_status":"closed","ping_status":"closed","sticky":false,"template":"","format":"standard","meta":{"fifu_image_url":"","fifu_image_alt":"","footnotes":""},"categories":[73,54],"tags":[],"class_list":["post-22001","post","type-post","status-publish","format-standard","hentry","category-actualite","category-maroc"],"_links":{"self":[{"href":"https:\/\/linitiative.ca\/International\/wp-json\/wp\/v2\/posts\/22001","targetHints":{"allow":["GET"]}}],"collection":[{"href":"https:\/\/linitiative.ca\/International\/wp-json\/wp\/v2\/posts"}],"about":[{"href":"https:\/\/linitiative.ca\/International\/wp-json\/wp\/v2\/types\/post"}],"author":[{"embeddable":true,"href":"https:\/\/linitiative.ca\/International\/wp-json\/wp\/v2\/users\/1759"}],"replies":[{"embeddable":true,"href":"https:\/\/linitiative.ca\/International\/wp-json\/wp\/v2\/comments?post=22001"}],"version-history":[{"count":0,"href":"https:\/\/linitiative.ca\/International\/wp-json\/wp\/v2\/posts\/22001\/revisions"}],"wp:attachment":[{"href":"https:\/\/linitiative.ca\/International\/wp-json\/wp\/v2\/media?parent=22001"}],"wp:term":[{"taxonomy":"category","embeddable":true,"href":"https:\/\/linitiative.ca\/International\/wp-json\/wp\/v2\/categories?post=22001"},{"taxonomy":"post_tag","embeddable":true,"href":"https:\/\/linitiative.ca\/International\/wp-json\/wp\/v2\/tags?post=22001"}],"curies":[{"name":"wp","href":"https:\/\/api.w.org\/{rel}","templated":true}]}}