{"id":22017,"date":"2019-03-15T06:00:00","date_gmt":"2019-03-15T10:00:00","guid":{"rendered":"https:\/\/linitiative.ca\/International\/suivez-en-direct-les-manifestations-du-vendredi-15-mars-a-alger\/"},"modified":"2019-03-15T06:00:00","modified_gmt":"2019-03-15T10:00:00","slug":"suivez-en-direct-les-manifestations-du-vendredi-15-mars-a-alger","status":"publish","type":"post","link":"https:\/\/linitiative.ca\/International\/suivez-en-direct-les-manifestations-du-vendredi-15-mars-a-alger\/","title":{"rendered":"Suivez en direct les manifestations du vendredi 15 mars \u00e0 Alger"},"content":{"rendered":"<div id=\"originalText\" readability=\"58\">\n<p><img decoding=\"async\" alt=\"\" src=\"\/data\/upload\/53274688_2472157719511841_3864484849930731520_n.jpg\"\/>Photo:\u00a0Info Trafic Alg\u00e9rie.<\/p>\n<p><strong>17h45<\/strong> &#8211; Sans commentaire.<\/p>\n<p><iframe loading=\"lazy\" allowfullscreen=\"true\" allowtransparency=\"true\" frameborder=\"0\" height=\"315\" scrolling=\"no\" src=\"https:\/\/www.facebook.com\/plugins\/video.php?href=https%3A%2F%2Fwww.facebook.com%2Felbilad%2Fvideos%2F312110062840003%2F&#038;show_text=0&#038;width=560\" class=\"c10\" width=\"560\">[embedded content]<\/iframe><strong>16h30<\/strong> &#8211; Alger centre. Spectaculaire.<\/p>\n<p><iframe loading=\"lazy\" allowfullscreen=\"true\" allowtransparency=\"true\" frameborder=\"0\" height=\"322\" scrolling=\"no\" src=\"https:\/\/www.facebook.com\/plugins\/video.php?href=https%3A%2F%2Fwww.facebook.com%2Fdzairelyoum16%2Fvideos%2F558435491315429%2F&#038;show_text=0&#038;width=560\" class=\"c10\" width=\"560\">[embedded content]<\/iframe><strong>15h30<\/strong> &#8211; Un autre policier rejoint les manifestants.<\/p>\n<p><img decoding=\"async\" alt=\"\" src=\"\/data\/upload\/53792626_608343782944075_1657903946586390528_n.jpg\" class=\"c11\"\/><strong>15h00<\/strong> &#8211; Un policier rejoint les manifestants.<\/p>\n<p><img decoding=\"async\" alt=\"\" src=\"\/data\/upload\/54267946_831022993899168_1283117575554727936_n.jpg\" class=\"c12\"\/><\/p>\n<p><img decoding=\"async\" alt=\"\" src=\"\/data\/upload\/53786388_360518368134267_8465628772345839616_n.jpg\"\/><\/p>\n<p><strong>14h20<\/strong> &#8211; \u00c0 l&rsquo;instant, \u00e0 la place Audin.<\/p>\n<p><iframe loading=\"lazy\" allow=\"accelerometer; autoplay; encrypted-media; gyroscope; picture-in-picture\" allowfullscreen=\"\" frameborder=\"0\" height=\"315\" src=\"https:\/\/www.youtube.com\/embed\/ZH8OSImMFzU\" width=\"560\">[embedded content]<\/iframe><\/p>\n<p><strong>13h55<\/strong> &#8211; Le tunnel des facult\u00e9s plein de monde.<\/p>\n<p><img decoding=\"async\" alt=\"\" src=\"\/data\/upload\/53636693_779989242388142_2224603333442666496_n.jpg\" class=\"c13\"\/><strong>13h50<\/strong> &#8211; De belles images \u00e0 Alger centre.<\/p>\n<p><img decoding=\"async\" alt=\"\" src=\"\/data\/upload\/55244638_10214156488934309_5273079482721239040_n.jpg\" class=\"c14\"\/><img decoding=\"async\" alt=\"\" src=\"\/data\/upload\/54350266_10214156489694328_7357711833442025472_n.jpg\" class=\"c14\"\/><img decoding=\"async\" alt=\"\" src=\"\/data\/upload\/53729320_10214156488414296_6219574907643101184_n.jpg\" class=\"c14\"\/><\/p>\n<p><strong>13h40<\/strong> &#8211; La Grande Poste noire de monde.<\/p>\n<p><iframe loading=\"lazy\" allow=\"accelerometer; autoplay; encrypted-media; gyroscope; picture-in-picture\" allowfullscreen=\"\" frameborder=\"0\" height=\"315\" src=\"https:\/\/www.youtube.com\/embed\/rRfQBJav_2o\" width=\"560\">[embedded content]<\/iframe><\/p>\n<p><strong>13h30<\/strong> \u2013 Ambiance festive \u00e0 la Rue Didouche Mourad.<\/p>\n<p><iframe loading=\"lazy\" allow=\"accelerometer; autoplay; encrypted-media; gyroscope; picture-in-picture\" allowfullscreen=\"\" frameborder=\"0\" height=\"315\" src=\"https:\/\/www.youtube.com\/embed\/g9jUxcGv_8M\" width=\"560\">[embedded content]<\/iframe><\/p>\n<p><strong>13h00 \u2013<\/strong> Par petits groupes, de jeunes manifestants longent la Rue Didouche Mourad pour rejoindre le grand rassemblement d\u00e9j\u00e0 en cours \u00e0 la Place Maurice Audin et \u00e0 la Grande Poste. Certains d\u2019entre eux usent de m\u00e9gaphones pour scander des slogans contre le pouvoir.<\/p>\n<p><img decoding=\"async\" alt=\"\" src=\"\/data\/upload\/D1sem3AWkAEFktR%20%281%29.jpg\"\/><\/p>\n<p><strong>12h45<\/strong> &#8211; Suivez le live-tweet de notre caricaturiste Ali Dilem sur\u00a0: @dilem_ali<\/p>\n<p><img decoding=\"async\" alt=\"\" src=\"\/data\/upload\/53685700_2063795013728241_414868156889169920_n.jpg\"\/><\/p>\n<p><strong>12h40<\/strong> &#8211; L\u2019interm\u00e9diation de Lakhdar Brahimi, qui est en passe de s\u2019imposer comme le futur pr\u00e9sident de la conf\u00e9rence nationale inclusive, propos\u00e9e par le Pr\u00e9sident Bouteflika, est rejet\u00e9e par la rue. Sur une pancarte port\u00e9e par un jeune manifestant on voit son portrait avec cette interrogation\u00a0:\u00a0\u00abQui \u00eates-vous\u00a0?\u00bb.<\/p>\n<p><img decoding=\"async\" alt=\"\" src=\"\/data\/upload\/54515108_351330708813427_1954940002127314944_n%281%29.jpg\" class=\"c15\"\/><\/p>\n<p><strong>12h30\u00a0<\/strong> &#8211; Malgr\u00e9 le d\u00e9ploiement d&rsquo;un dispositif s\u00e9curitaire monstre \u00e0 l&rsquo;entr\u00e9e est d&rsquo;Alger,\u00a0 la Place Audin et la Grande poste d&rsquo;Alger\u00a0sont archicombles de manifestants en provenance de la Kabylie, notamment Tizi Ouzou.\u00a0<\/p>\n<p><iframe loading=\"lazy\" allow=\"accelerometer; autoplay; encrypted-media; gyroscope; picture-in-picture\" allowfullscreen=\"\" frameborder=\"0\" height=\"315\" src=\"https:\/\/www.youtube.com\/embed\/3UeLid1-YoE\" width=\"560\">[embedded content]<\/iframe><\/p>\n<p><strong>12h00<\/strong> &#8211; Les manifestants sont par milliers maintenant \u00e0 la Grande Poste.\u00a0<\/p>\n<p><img decoding=\"async\" alt=\"\" src=\"\/data\/upload\/54401886_783746381981696_2742754407144751104_n.jpg\" class=\"c16\"\/><\/p>\n<p><strong>11h30<\/strong> \u2013 Plusieurs fourgons et v\u00e9hicules sont bloqu\u00e9s par les dispositifs routiers de la police et de la gendarmerie, \u00e0 l\u2019entr\u00e9e de la capitale, pour emp\u00eacher les manifestants de rejoindre le centre d\u2019Alger.<\/p>\n<p><iframe loading=\"lazy\" allow=\"accelerometer; autoplay; encrypted-media; gyroscope; picture-in-picture\" allowfullscreen=\"\" frameborder=\"0\" height=\"315\" src=\"https:\/\/www.youtube.com\/embed\/hIybdLsgrlI\" width=\"560\">[embedded content]<\/iframe><\/p>\n<p><strong>11h\u00a000<\/strong> \u2013 Des centaines\u00a0de manifestants occupent d\u00e9j\u00e0 la Grande Poste d\u2019Alger pour d\u00e9noncer \u00abla prolongation du mandat de Bouteflika\u00bb.<\/p>\n<\/div>\n<div id=\"text_core\" readability=\"58\">\n<p><img decoding=\"async\" alt=\"\" src=\"\/data\/upload\/53274688_2472157719511841_3864484849930731520_n.jpg\"\/>Photo:\u00a0Info Trafic Alg\u00e9rie.<\/p>\n<p><strong>17h45<\/strong> &#8211; Sans commentaire.<\/p>\n<p><iframe loading=\"lazy\" allowfullscreen=\"true\" allowtransparency=\"true\" frameborder=\"0\" height=\"315\" scrolling=\"no\" src=\"https:\/\/www.facebook.com\/plugins\/video.php?href=https%3A%2F%2Fwww.facebook.com%2Felbilad%2Fvideos%2F312110062840003%2F&#038;show_text=0&#038;width=560\" class=\"c10\" width=\"560\">[embedded content]<\/iframe><strong>16h30<\/strong> &#8211; Alger centre. Spectaculaire.<\/p>\n<p><iframe loading=\"lazy\" allowfullscreen=\"true\" allowtransparency=\"true\" frameborder=\"0\" height=\"322\" scrolling=\"no\" src=\"https:\/\/www.facebook.com\/plugins\/video.php?href=https%3A%2F%2Fwww.facebook.com%2Fdzairelyoum16%2Fvideos%2F558435491315429%2F&#038;show_text=0&#038;width=560\" class=\"c10\" width=\"560\">[embedded content]<\/iframe><strong>15h30<\/strong> &#8211; Un autre policier rejoint les manifestants.<\/p>\n<p><img decoding=\"async\" alt=\"\" src=\"\/data\/upload\/53792626_608343782944075_1657903946586390528_n.jpg\" class=\"c11\"\/><strong>15h00<\/strong> &#8211; Un policier rejoint les manifestants.<\/p>\n<p><img decoding=\"async\" alt=\"\" src=\"\/data\/upload\/54267946_831022993899168_1283117575554727936_n.jpg\" class=\"c12\"\/><\/p>\n<p><img decoding=\"async\" alt=\"\" src=\"\/data\/upload\/53786388_360518368134267_8465628772345839616_n.jpg\"\/><\/p>\n<p><strong>14h20<\/strong> &#8211; \u00c0 l&rsquo;instant, \u00e0 la place Audin.<\/p>\n<p><iframe loading=\"lazy\" allow=\"accelerometer; autoplay; encrypted-media; gyroscope; picture-in-picture\" allowfullscreen=\"\" frameborder=\"0\" height=\"315\" src=\"https:\/\/www.youtube.com\/embed\/ZH8OSImMFzU\" width=\"560\">[embedded content]<\/iframe><\/p>\n<p><strong>13h55<\/strong> &#8211; Le tunnel des facult\u00e9s plein de monde.<\/p>\n<p><img decoding=\"async\" alt=\"\" src=\"\/data\/upload\/53636693_779989242388142_2224603333442666496_n.jpg\" class=\"c13\"\/><strong>13h50<\/strong> &#8211; De belles images \u00e0 Alger centre.<\/p>\n<p><img decoding=\"async\" alt=\"\" src=\"\/data\/upload\/55244638_10214156488934309_5273079482721239040_n.jpg\" class=\"c14\"\/><img decoding=\"async\" alt=\"\" src=\"\/data\/upload\/54350266_10214156489694328_7357711833442025472_n.jpg\" class=\"c14\"\/><img decoding=\"async\" alt=\"\" src=\"\/data\/upload\/53729320_10214156488414296_6219574907643101184_n.jpg\" class=\"c14\"\/><\/p>\n<p><strong>13h40<\/strong> &#8211; La Grande Poste noire de monde.<\/p>\n<p><iframe loading=\"lazy\" allow=\"accelerometer; autoplay; encrypted-media; gyroscope; picture-in-picture\" allowfullscreen=\"\" frameborder=\"0\" height=\"315\" src=\"https:\/\/www.youtube.com\/embed\/rRfQBJav_2o\" width=\"560\">[embedded content]<\/iframe><\/p>\n<p><strong>13h30<\/strong> \u2013 Ambiance festive \u00e0 la Rue Didouche Mourad.<\/p>\n<p><iframe loading=\"lazy\" allow=\"accelerometer; autoplay; encrypted-media; gyroscope; picture-in-picture\" allowfullscreen=\"\" frameborder=\"0\" height=\"315\" src=\"https:\/\/www.youtube.com\/embed\/g9jUxcGv_8M\" width=\"560\">[embedded content]<\/iframe><\/p>\n<p><strong>13h00 \u2013<\/strong> Par petits groupes, de jeunes manifestants longent la Rue Didouche Mourad pour rejoindre le grand rassemblement d\u00e9j\u00e0 en cours \u00e0 la Place Maurice Audin et \u00e0 la Grande Poste. Certains d\u2019entre eux usent de m\u00e9gaphones pour scander des slogans contre le pouvoir.<\/p>\n<p><img decoding=\"async\" alt=\"\" src=\"\/data\/upload\/D1sem3AWkAEFktR%20%281%29.jpg\"\/><\/p>\n<p><strong>12h45<\/strong> &#8211; Suivez le live-tweet de notre caricaturiste Ali Dilem sur\u00a0: @dilem_ali<\/p>\n<p><img decoding=\"async\" alt=\"\" src=\"\/data\/upload\/53685700_2063795013728241_414868156889169920_n.jpg\"\/><\/p>\n<p><strong>12h40<\/strong> &#8211; L\u2019interm\u00e9diation de Lakhdar Brahimi, qui est en passe de s\u2019imposer comme le futur pr\u00e9sident de la conf\u00e9rence nationale inclusive, propos\u00e9e par le Pr\u00e9sident Bouteflika, est rejet\u00e9e par la rue. Sur une pancarte port\u00e9e par un jeune manifestant on voit son portrait avec cette interrogation\u00a0:\u00a0\u00abQui \u00eates-vous\u00a0?\u00bb.<\/p>\n<p><img decoding=\"async\" alt=\"\" src=\"\/data\/upload\/54515108_351330708813427_1954940002127314944_n%281%29.jpg\" class=\"c15\"\/><\/p>\n<p><strong>12h30\u00a0<\/strong> &#8211; Malgr\u00e9 le d\u00e9ploiement d&rsquo;un dispositif s\u00e9curitaire monstre \u00e0 l&rsquo;entr\u00e9e est d&rsquo;Alger,\u00a0 la Place Audin et la Grande poste d&rsquo;Alger\u00a0sont archicombles de manifestants en provenance de la Kabylie, notamment Tizi Ouzou.\u00a0<\/p>\n<p><iframe loading=\"lazy\" allow=\"accelerometer; autoplay; encrypted-media; gyroscope; picture-in-picture\" allowfullscreen=\"\" frameborder=\"0\" height=\"315\" src=\"https:\/\/www.youtube.com\/embed\/3UeLid1-YoE\" width=\"560\">[embedded content]<\/iframe><\/p>\n<p><strong>12h00<\/strong> &#8211; Les manifestants sont par milliers maintenant \u00e0 la Grande Poste.\u00a0<\/p>\n<p><img decoding=\"async\" alt=\"\" src=\"\/data\/upload\/54401886_783746381981696_2742754407144751104_n.jpg\" class=\"c16\"\/><\/p>\n<p><strong>11h30<\/strong> \u2013 Plusieurs fourgons et v\u00e9hicules sont bloqu\u00e9s par les dispositifs routiers de la police et de la gendarmerie, \u00e0 l\u2019entr\u00e9e de la capitale, pour emp\u00eacher les manifestants de rejoindre le centre d\u2019Alger.<\/p>\n<p><iframe loading=\"lazy\" allow=\"accelerometer; autoplay; encrypted-media; gyroscope; picture-in-picture\" allowfullscreen=\"\" frameborder=\"0\" height=\"315\" src=\"https:\/\/www.youtube.com\/embed\/hIybdLsgrlI\" width=\"560\">[embedded content]<\/iframe><\/p>\n<p><strong>11h\u00a000<\/strong> \u2013 Des centaines\u00a0de manifestants occupent d\u00e9j\u00e0 la Grande Poste d\u2019Alger pour d\u00e9noncer \u00abla prolongation du mandat de Bouteflika\u00bb.<\/p>\n<\/div>\n<p>Auteur:<br \/>\n<a href=\"https:\/\/www.liberte-algerie.com\/actualite\/suivez-en-direct-les-manifestations-du-vendredi-15-mars-a-alger-311625\">Cliquez ici pour lire l&rsquo;article depuis sa source.<\/a><\/p>\n","protected":false},"excerpt":{"rendered":"<p>Photo:\u00a0Info Trafic Alg\u00e9rie. 17h45 &#8211; Sans commentaire. [embedded content]16h30 &#8211; Alger centre. Spectaculaire. [embedded content]15h30 &#8211; Un autre policier rejoint les manifestants. 15h00 &#8211; Un policier rejoint les manifestants. 14h20 &#8211; \u00c0 l&rsquo;instant, \u00e0 la place Audin. [embedded content] 13h55 &#8211; Le tunnel des facult\u00e9s plein de monde. 13h50 &#8211; De belles images \u00e0 Alger [&hellip;]<\/p>\n","protected":false},"author":1742,"featured_media":22018,"comment_status":"closed","ping_status":"closed","sticky":false,"template":"","format":"standard","meta":{"fifu_image_url":"","fifu_image_alt":"","footnotes":""},"categories":[73,53],"tags":[],"class_list":["post-22017","post","type-post","status-publish","format-standard","has-post-thumbnail","hentry","category-actualite","category-algerie"],"_links":{"self":[{"href":"https:\/\/linitiative.ca\/International\/wp-json\/wp\/v2\/posts\/22017","targetHints":{"allow":["GET"]}}],"collection":[{"href":"https:\/\/linitiative.ca\/International\/wp-json\/wp\/v2\/posts"}],"about":[{"href":"https:\/\/linitiative.ca\/International\/wp-json\/wp\/v2\/types\/post"}],"author":[{"embeddable":true,"href":"https:\/\/linitiative.ca\/International\/wp-json\/wp\/v2\/users\/1742"}],"replies":[{"embeddable":true,"href":"https:\/\/linitiative.ca\/International\/wp-json\/wp\/v2\/comments?post=22017"}],"version-history":[{"count":0,"href":"https:\/\/linitiative.ca\/International\/wp-json\/wp\/v2\/posts\/22017\/revisions"}],"wp:featuredmedia":[{"embeddable":true,"href":"https:\/\/linitiative.ca\/International\/wp-json\/"}],"wp:attachment":[{"href":"https:\/\/linitiative.ca\/International\/wp-json\/wp\/v2\/media?parent=22017"}],"wp:term":[{"taxonomy":"category","embeddable":true,"href":"https:\/\/linitiative.ca\/International\/wp-json\/wp\/v2\/categories?post=22017"},{"taxonomy":"post_tag","embeddable":true,"href":"https:\/\/linitiative.ca\/International\/wp-json\/wp\/v2\/tags?post=22017"}],"curies":[{"name":"wp","href":"https:\/\/api.w.org\/{rel}","templated":true}]}}