{"id":22021,"date":"2019-03-14T16:57:29","date_gmt":"2019-03-14T20:57:29","guid":{"rendered":"https:\/\/linitiative.ca\/International\/ouverture-a-marrakech-des-travaux-de-la-37eme-session-de-la-conference-des-ministres-de-la-jeunesse-et-des-sports-de-la-francophonie\/"},"modified":"2019-03-14T16:57:29","modified_gmt":"2019-03-14T20:57:29","slug":"ouverture-a-marrakech-des-travaux-de-la-37eme-session-de-la-conference-des-ministres-de-la-jeunesse-et-des-sports-de-la-francophonie","status":"publish","type":"post","link":"https:\/\/linitiative.ca\/International\/ouverture-a-marrakech-des-travaux-de-la-37eme-session-de-la-conference-des-ministres-de-la-jeunesse-et-des-sports-de-la-francophonie\/","title":{"rendered":"Ouverture \u00e0 Marrakech des travaux de la 37\u00e8me session de la Conf\u00e9rence des ministres de la Jeunesse et des Sports de la Francophonie"},"content":{"rendered":"<div readability=\"34\">\n<p>Marrakech \u2013 La 37\u00e8me session de la Conf\u00e9rence des ministres de la Jeunesse et des Sports de la Francophonie (CONFEJES) a entam\u00e9 officiellement ses travaux, jeudi \u00e0 Marrakech.<\/p>\n<\/div>\n<div readability=\"75\">\n<p>Plac\u00e9 sous le Haut Patronage de SM le Roi Mohammed VI, ce conclave qui se tient sous le th\u00e8me \u00ab\u00a0la CONFEJES 50 ans apr\u00e8s : quel impact sur la jeunesse et le sport dans l\u2019espace francophone ?\u00a0\u00bb, r\u00e9unit jusqu\u2019au 16 courant, des ministres de la Jeunesse et des Sports de 43 pays de la Francophonie, ainsi que des repr\u00e9sentants de nombreuses organisations internationales et r\u00e9gionales \u0153uvrant dans les domaines de la jeunesse et des sports dans l\u2019espace francophone.<\/p>\n<p>Cette Conf\u00e9rence, rehauss\u00e9e par la participation de Mme Louise Mushikiwabo, secr\u00e9taire g\u00e9n\u00e9rale de la Francophonie, sera l\u2019occasion pour les participants d\u2019\u00e9tablir le bilan d\u2019un demi-si\u00e8cle d\u2019action en faveur de la jeunesse et ce, dans le cadre de la c\u00e9l\u00e9bration du jubil\u00e9 de la cr\u00e9ation de la CONFEJES.<\/p>\n<p>A l\u2019ordre du jour de cette session, figure notamment un symposium sur le cinquantenaire de la CONFEJES pour mener une r\u00e9flexion profonde sur son avenir et ses actions en faveur de la jeunesse.<\/p>\n<p>D\u2019autre part, et pour soutenir l\u2019entrepreneuriat des jeunes et en faire un levier majeur au service du d\u00e9veloppement social et \u00e9conomique des pays membres de la CONFEJES, et l\u2019inclusion socio-\u00e9conomique de la jeunesse francophone, une exposition du cinquantenaire r\u00e9unissant les jeunes b\u00e9n\u00e9ficiaires des programmes de la Conf\u00e9rence est organis\u00e9e \u00e0 cette occasion.<\/p>\n<p>Cr\u00e9\u00e9e en 1969, la CONFEJES est une institution intergouvernementale qui \u0153uvre pour la promotion de la Jeunesse, des Sports et des Loisirs au sein de l\u2019espace francophone.<\/p>\n<p>La Conf\u00e9rence, qui compte 43 Etats et gouvernements membres, vise en particulier \u00e0 encourager les initiatives d\u2019insertion socio-\u00e9conomique propos\u00e9es par les jeunes en participant au financement de projets de jeunes entrepreneurs, promouvoir la vie associative, contribuer au d\u00e9veloppement et \u00e0 la formation d\u2019une \u00e9lite sportive en Afrique et \u00e0 favoriser des rencontres sportives et des rassemblements de jeunes pour renforcer les \u00e9changes, stimuler et valoriser leur participation et leur contribution au sein de la soci\u00e9t\u00e9.<\/p>\n<\/div>\n<p>Auteur: Meriem IGASS<br \/>\n<a href=\"http:\/\/www.mapmarrakech.ma\/fr\/ouverture-a-marrakech-des-travaux-de-la-37eme-session-de-la-conference-des-ministres-de-la-jeunesse-et-des-sports-de-la-francophonie\/\">Cliquez ici pour lire l&rsquo;article depuis sa source.<\/a><\/p>\n","protected":false},"excerpt":{"rendered":"<p>Marrakech \u2013 La 37\u00e8me session de la Conf\u00e9rence des ministres de la Jeunesse et des Sports de la Francophonie (CONFEJES) a entam\u00e9 officiellement ses travaux, jeudi \u00e0 Marrakech. Plac\u00e9 sous le Haut Patronage de SM le Roi Mohammed VI, ce conclave qui se tient sous le th\u00e8me \u00ab\u00a0la CONFEJES 50 ans apr\u00e8s : quel impact [&hellip;]<\/p>\n","protected":false},"author":1788,"featured_media":0,"comment_status":"closed","ping_status":"closed","sticky":false,"template":"","format":"standard","meta":{"fifu_image_url":"","fifu_image_alt":"","footnotes":""},"categories":[54,76],"tags":[],"class_list":["post-22021","post","type-post","status-publish","format-standard","hentry","category-maroc","category-regions"],"_links":{"self":[{"href":"https:\/\/linitiative.ca\/International\/wp-json\/wp\/v2\/posts\/22021","targetHints":{"allow":["GET"]}}],"collection":[{"href":"https:\/\/linitiative.ca\/International\/wp-json\/wp\/v2\/posts"}],"about":[{"href":"https:\/\/linitiative.ca\/International\/wp-json\/wp\/v2\/types\/post"}],"author":[{"embeddable":true,"href":"https:\/\/linitiative.ca\/International\/wp-json\/wp\/v2\/users\/1788"}],"replies":[{"embeddable":true,"href":"https:\/\/linitiative.ca\/International\/wp-json\/wp\/v2\/comments?post=22021"}],"version-history":[{"count":0,"href":"https:\/\/linitiative.ca\/International\/wp-json\/wp\/v2\/posts\/22021\/revisions"}],"wp:attachment":[{"href":"https:\/\/linitiative.ca\/International\/wp-json\/wp\/v2\/media?parent=22021"}],"wp:term":[{"taxonomy":"category","embeddable":true,"href":"https:\/\/linitiative.ca\/International\/wp-json\/wp\/v2\/categories?post=22021"},{"taxonomy":"post_tag","embeddable":true,"href":"https:\/\/linitiative.ca\/International\/wp-json\/wp\/v2\/tags?post=22021"}],"curies":[{"name":"wp","href":"https:\/\/api.w.org\/{rel}","templated":true}]}}