{"id":22022,"date":"2019-03-14T17:16:52","date_gmt":"2019-03-14T21:16:52","guid":{"rendered":"https:\/\/linitiative.ca\/International\/marrakech-m-talbi-alami-designe-president-de-la-confejes\/"},"modified":"2019-03-14T17:16:52","modified_gmt":"2019-03-14T21:16:52","slug":"marrakech-m-talbi-alami-designe-president-de-la-confejes","status":"publish","type":"post","link":"https:\/\/linitiative.ca\/International\/marrakech-m-talbi-alami-designe-president-de-la-confejes\/","title":{"rendered":"Marrakech: M. Talbi Alami d\u00e9sign\u00e9 pr\u00e9sident de la CONFEJES"},"content":{"rendered":"<div readability=\"37\">\n<p>Marrakech \u2013 Le ministre de la Jeunesse et des Sports, M. Rachid Talbi Alami a \u00e9t\u00e9 d\u00e9sign\u00e9, jeudi \u00e0 Marrakech, pr\u00e9sident de la Conf\u00e9rence des ministres de la Jeunesse et des Sports de la Francophonie (CONFEJES) pour un mandat de deux ans.<\/p>\n<\/div>\n<div readability=\"100\">\n<p>Une c\u00e9r\u00e9monie de passation de pouvoirs a eu lieu, dans ce sens, \u00e0 l\u2019occasion de l\u2019ouverture des travaux de la 37\u00e8 session de la CONFEJES entre M. Talbi Alami et le pr\u00e9sident sortant, le ministre b\u00e9ninois du Tourisme, de la Culture et des Sports, Oswald Homeky.<\/p>\n<p>\u00ab\u00a0Le moment est venu pour moi, apr\u00e8s deux ann\u00e9es de pr\u00e9sidence, de passer le t\u00e9moin\u00a0\u00bb, a d\u00e9clar\u00e9 M. Homeky, tout en se disant \u00ab\u00a0partag\u00e9 entre le sentiment d\u2019avoir accompli ma mission pour avoir op\u00e9r\u00e9 les r\u00e9formes qui me paraissaient imp\u00e9ratives dans la gouvernance de notre institution et travaill\u00e9 \u00e0 son repositionnement d\u2019une part, et le sentiment de n\u2019avoir rien fait au regard des nombreux enjeux et d\u00e9fis \u00e0 venir, d\u2019autre part\u00a0\u00bb.<\/p>\n<p>Mettant en avant la \u00ab\u00a0grande exp\u00e9rience\u00a0\u00bb de M. Talbi Alami, le ministre b\u00e9ninois a tenu \u00e0 souhaiter \u00e0 son homologue marocain \u00ab\u00a0pleins succ\u00e8s et une bonne r\u00e9ussite de son mandat\u00a0\u00bb \u00e0 la t\u00eate de cette institution.<\/p>\n<p>Plac\u00e9 sous le Haut Patronage de SM le Roi Mohammed VI, ce conclave qui se tient sous le th\u00e8me \u00ab\u00a0la CONFEJES 50 ans apr\u00e8s : quel impact sur la jeunesse et le sport dans l\u2019espace francophone ?\u00a0\u00bb, r\u00e9unit jusqu\u2019au 16 courant, des ministres de la Jeunesse et des Sports de 43 pays de la Francophonie, ainsi que des repr\u00e9sentants de nombreuses organisations internationales et r\u00e9gionales \u0153uvrant dans les domaines de la jeunesse et des sports dans l\u2019espace francophone.<\/p>\n<p>Cette Conf\u00e9rence, rehauss\u00e9e par la participation de Mme Louise Mushikiwabo, Secr\u00e9taire g\u00e9n\u00e9rale de la Francophonie, sera l\u2019occasion pour les participants d\u2019\u00e9tablir le bilan d\u2019un demi-si\u00e8cle d\u2019action en faveur de la jeunesse et ce, dans le cadre de la c\u00e9l\u00e9bration du jubil\u00e9 de la cr\u00e9ation de la CONFEJES.<\/p>\n<p>A l\u2019ordre du jour de cette session, figure notamment un symposium sur le cinquantenaire de la CONFEJES pour mener une r\u00e9flexion profonde sur son avenir et ses actions en faveur de la jeunesse.<\/p>\n<p>D\u2019autre part, et pour soutenir l\u2019entrepreneuriat des jeunes et en faire un levier majeur au service du d\u00e9veloppement social et \u00e9conomique des pays membres de la CONFEJES, et l\u2019inclusion socio-\u00e9conomique de la jeunesse francophone, une exposition du cinquantenaire r\u00e9unissant les jeunes b\u00e9n\u00e9ficiaires des programmes de la Conf\u00e9rence est organis\u00e9e \u00e0 cette occasion.<\/p>\n<p>En marge de cette Conf\u00e9rence, la commission administrative et financi\u00e8re et celle des experts ont tenu, des r\u00e9unions consacr\u00e9es, entre autres, \u00e0 l\u2019\u00e9valuation de la programmation quadriennale 2015-2018 et \u00e0 la pr\u00e9sentation de la programmation 2019-2022, et discut\u00e9 des impacts de l\u2019intervention de la CONFEJES ainsi que de sa vision strat\u00e9gique pour les prochaines ann\u00e9es.<\/p>\n<p>A noter que tous les deux ans, une session minist\u00e9rielle est organis\u00e9e dans un pays membre afin d\u2019\u00e9tudier les alliances strat\u00e9giques qu\u2019il serait utile d\u2019\u00e9tablir avec des organisations internationales ayant des objectifs analogues ou compl\u00e9mentaires \u00e0 ceux de la CONFEJES.<\/p>\n<\/div>\n<p>Auteur: Meriem IGASS<br \/>\n<a href=\"http:\/\/www.mapmarrakech.ma\/fr\/marrakech-m-talbi-alami-designe-president-de-la-confejes\/\">Cliquez ici pour lire l&rsquo;article depuis sa source.<\/a><\/p>\n","protected":false},"excerpt":{"rendered":"<p>Marrakech \u2013 Le ministre de la Jeunesse et des Sports, M. Rachid Talbi Alami a \u00e9t\u00e9 d\u00e9sign\u00e9, jeudi \u00e0 Marrakech, pr\u00e9sident de la Conf\u00e9rence des ministres de la Jeunesse et des Sports de la Francophonie (CONFEJES) pour un mandat de deux ans. Une c\u00e9r\u00e9monie de passation de pouvoirs a eu lieu, dans ce sens, \u00e0 [&hellip;]<\/p>\n","protected":false},"author":1788,"featured_media":0,"comment_status":"closed","ping_status":"closed","sticky":false,"template":"","format":"standard","meta":{"fifu_image_url":"","fifu_image_alt":"","footnotes":""},"categories":[54,76],"tags":[],"class_list":["post-22022","post","type-post","status-publish","format-standard","hentry","category-maroc","category-regions"],"_links":{"self":[{"href":"https:\/\/linitiative.ca\/International\/wp-json\/wp\/v2\/posts\/22022","targetHints":{"allow":["GET"]}}],"collection":[{"href":"https:\/\/linitiative.ca\/International\/wp-json\/wp\/v2\/posts"}],"about":[{"href":"https:\/\/linitiative.ca\/International\/wp-json\/wp\/v2\/types\/post"}],"author":[{"embeddable":true,"href":"https:\/\/linitiative.ca\/International\/wp-json\/wp\/v2\/users\/1788"}],"replies":[{"embeddable":true,"href":"https:\/\/linitiative.ca\/International\/wp-json\/wp\/v2\/comments?post=22022"}],"version-history":[{"count":0,"href":"https:\/\/linitiative.ca\/International\/wp-json\/wp\/v2\/posts\/22022\/revisions"}],"wp:attachment":[{"href":"https:\/\/linitiative.ca\/International\/wp-json\/wp\/v2\/media?parent=22022"}],"wp:term":[{"taxonomy":"category","embeddable":true,"href":"https:\/\/linitiative.ca\/International\/wp-json\/wp\/v2\/categories?post=22022"},{"taxonomy":"post_tag","embeddable":true,"href":"https:\/\/linitiative.ca\/International\/wp-json\/wp\/v2\/tags?post=22022"}],"curies":[{"name":"wp","href":"https:\/\/api.w.org\/{rel}","templated":true}]}}