{"id":22023,"date":"2019-03-14T20:50:12","date_gmt":"2019-03-15T00:50:12","guid":{"rendered":"https:\/\/linitiative.ca\/International\/sm-le-roi-na-eu-de-cesse-daccorder-une-importance-capitale-aux-questions-liees-a-la-jeunesse-et-au-sport-m-talbi-alami\/"},"modified":"2019-03-14T20:50:12","modified_gmt":"2019-03-15T00:50:12","slug":"sm-le-roi-na-eu-de-cesse-daccorder-une-importance-capitale-aux-questions-liees-a-la-jeunesse-et-au-sport-m-talbi-alami","status":"publish","type":"post","link":"https:\/\/linitiative.ca\/International\/sm-le-roi-na-eu-de-cesse-daccorder-une-importance-capitale-aux-questions-liees-a-la-jeunesse-et-au-sport-m-talbi-alami\/","title":{"rendered":"SM le Roi n\u2019a eu de cesse d\u2019accorder une importance capitale aux questions li\u00e9es \u00e0 la jeunesse et au sport (M. Talbi Alami)"},"content":{"rendered":"<div readability=\"44\">\n<p>Marrakech \u2013 Sa Majest\u00e9 le Roi Mohammed VI \u00ab\u00a0n\u2019a eu de cesse d\u2019accorder une importance capitale aux questions li\u00e9es \u00e0 la jeunesse et au sport incitant, entre autres, les pouvoirs publics \u00e0 la mise en place d\u2019une nouvelle politique int\u00e9gr\u00e9e de la jeunesse, au vu des r\u00f4les des jeunes dans le d\u00e9veloppement social, culturel, \u00e9conomique et politique du pays\u00a0\u00bb, a affirm\u00e9, jeudi \u00e0 Marrakech, le ministre de la Jeunesse et des Sports, M. Rachid Talbi Alami.<\/p>\n<\/div>\n<div readability=\"213\">\n<p>S\u2019exprimant \u00e0 l\u2019ouverture des travaux de la 37\u00e8me session de la Conf\u00e9rence des Ministres de la Jeunesse et des Sports de la Francophonie (CONFEJES), M. Talbi Alami a soulign\u00e9 que le Maroc, conscient des diff\u00e9rents enjeux auxquels font face les jeunes d\u2019aujourd\u2019hui, principalement ceux li\u00e9s aux d\u00e9fis de la mondialisation, de l\u2019insertion dans la vie professionnelle et active et aux exigences des domaines de la formation, a adopt\u00e9 une politique \u00ab\u00a0volontariste\u00a0\u00bb visant \u00e0 renforcer la place des jeunes dans la soci\u00e9t\u00e9 et \u00e0 augmenter leur pr\u00e9sence dans les instances de prise de d\u00e9cisions.<\/p>\n<p>M. Talbi Alami, qui a \u00e9t\u00e9 d\u00e9sign\u00e9 pr\u00e9sident de cette institution pour un mandat de deux ans, a expliqu\u00e9 que la Constitution du Royaume est consid\u00e9r\u00e9e comme une \u00ab\u00a0concr\u00e9tisation de cette vision nationale et un couronnement des diff\u00e9rentes r\u00e9formes structurelles que conna\u00eet le Maroc dans plusieurs domaines\u00a0\u00bb, principalement la mise en place de strat\u00e9gies nationales sectorielles: agriculture, tourisme, industrie, p\u00eache maritime, environnement, \u00e9nergies renouvelables, etc.<\/p>\n<p>Et de noter qu\u2019au niveau de la jeunesse et des sports, le Royaume dispose d\u2019une strat\u00e9gie nationale du sport comme \u00e9tant un droit constitutionnel pour les citoyens, et d\u2019un arsenal juridique sportif \u00e0 m\u00eame de promouvoir progressivement le sport national.<\/p>\n<p>Dans le domaine de la jeunesse, la Loi Fondamentale pr\u00e9voit \u00e9galement la cr\u00e9ation d\u2019un Conseil Consultatif de la Jeunesse et de l\u2019Action Associative, dont la loi a \u00e9t\u00e9 publi\u00e9e au Bulletin Officiel en janvier 2018, a-t-il rappel\u00e9, ajoutant que conform\u00e9ment aux Hautes Orientations Royales, une commission intergouvernementale, pr\u00e9sid\u00e9e par le minist\u00e8re de la Jeunesse et des Sports, finalise \u00ab\u00a0une nouvelle politique int\u00e9gr\u00e9e de la jeunesse, dont le processus initial d\u2019\u00e9laboration fut lanc\u00e9 avec la participation de toutes les parties concern\u00e9es, notamment les jeunes\u00a0\u00bb.<\/p>\n<p>\u00ab\u00a0Nous sommes convaincus que les diff\u00e9rents programmes et actions lanc\u00e9s dans le domaine de la jeunesse constituent le commencement d\u2019un chantier \u00e9norme et complexe de r\u00e9formes, n\u00e9cessitant davantage d\u2019engagement et d\u2019implication de toutes les forces vives pour garantir un avenir prosp\u00e8re et rayonnant \u00e0 notre jeunesse\u00a0\u00bb, a-t-il indiqu\u00e9.<\/p>\n<p>D\u2019autre part, M. Talbi Alami a fait remarquer que le sport est appel\u00e9 \u00e0 \u00ab\u00a0jouer un r\u00f4le de premier rang en mati\u00e8re de coh\u00e9sion sociale, de par les chances et opportunit\u00e9s qu\u2019il offre, mais aussi gr\u00e2ce aux potentiels et talents dont regorgent nos pays\u00a0\u00bb, soulignant qu&rsquo;\u00a0\u00bbune attention particuli\u00e8re s\u2019impose \u00e0 nous pour d\u00e9velopper la pratique du sport et l\u2019acc\u00e8s \u00e0 ce droit aupr\u00e8s des femmes et jeunes filles, notamment dans les milieux o\u00f9 les valeurs d\u2019\u00e9galit\u00e9 homme-femme peinent \u00e0 se concr\u00e9tiser\u00a0\u00bb.<\/p>\n<p>\u00ab\u00a0Cela ne peut se r\u00e9aliser qu\u2019\u00e0 travers une volont\u00e9 politique affich\u00e9e de nos gouvernements et un engagement clair des diff\u00e9rents acteurs pour la d\u00e9mocratisation de l\u2019acc\u00e8s au sport en tant que droit fondamental des droits humains\u00a0\u00bb, a-t-il insist\u00e9, ajoutant que le d\u00e9veloppement du sport scolaire constitue un \u00ab\u00a0enjeu majeur pour la promotion des valeurs de l\u2019effort et de la comp\u00e9tition dans le milieu des \u00e9l\u00e8ves, et la constitution de p\u00e9pini\u00e8res de talents et sportifs de haut niveau pour l\u2019avenir\u00a0\u00bb.<\/p>\n<p>Le ministre a, par ailleurs, not\u00e9 que cette 37\u00e8me Conf\u00e9rence minist\u00e9rielle intervient dans \u00ab\u00a0un contexte assez particulier caract\u00e9ris\u00e9 par des d\u00e9fis \u00e9normes auxquels font face de nombreux pays, dont les n\u00f4tres, engag\u00e9s pour le d\u00e9veloppement, et ambitieux pour la croissance et le bien \u00eatre de leurs citoyens\u00a0\u00bb.<\/p>\n<p>\u00ab\u00a0Nous vivons dans un monde qui \u00e9volue et qui se globalise de fa\u00e7on r\u00e9currente, nous incitant tous \u00e0 d\u00e9multiplier les efforts et \u00e0 diversifier les actions, dans diff\u00e9rents domaines politique, \u00e9conomique, culturel, etc\u00a0\u00bb, a-t-il dit, expliquant que ce contexte complexe \u00ab\u00a0ne laisse pas \u00e0 l\u2019abri nos domaines d\u2019intervention, nous responsables de la jeunesse et des sports\u00a0\u00bb.<\/p>\n<p>En effet, a-t-il expliqu\u00e9, les jeunes d\u2019aujourd\u2019hui, dont ceux de l\u2019espace francophone, sont confront\u00e9s \u00e0 d\u2019\u00e9normes \u00e9preuves, d\u00e9fis, risques et probl\u00e9matiques, qui s\u2019imposent dans le sillage du nouvel ordre socio-\u00e9conomique mondial, et \u00e0 une insuffisance des moyens mis \u00e0 leur disposition pour assurer leur \u00e9mancipation et int\u00e9gration dans la soci\u00e9t\u00e9 de la connaissance, sans oublier la mont\u00e9e dans les milieux des jeunes des diff\u00e9rentes formes d\u2019extr\u00e9misme et de repli identitaire et l\u2019intensification des maux li\u00e9s notamment au terrorisme et \u00e0 la radicalisation violente.<\/p>\n<p>Il a, dans ce sens, soutenu que les jeunes constituent \u00ab\u00a0un inestimable capital humain souvent oubli\u00e9 des processus de mondialisation, une immense chance, un atout irrempla\u00e7able pour le d\u00e9veloppement de tous nos pays, et un inestimable capital humain dans lequel il nous faut investir\u00a0\u00bb.<\/p>\n<p>Il a estim\u00e9 que la qualit\u00e9 des programmes et la particularit\u00e9 des actions men\u00e9es par la CONFEJES tout au long de cinquante ann\u00e9es d\u2019existence ont d\u00e9montr\u00e9, en d\u00e9pit des contraintes et des moyens limit\u00e9s, leur efficacit\u00e9 et le r\u00f4le important que cette institution joue dans les domaines de la jeunesse et du sport.<\/p>\n<p>\u00ab\u00a0Un tel potentiel, bien qu\u2019il m\u00e9rite d\u2019\u00eatre salu\u00e9, nous interpelle tous \u00e0 n\u2019\u00e9pargner aucun effort pour renforcer davantage ses actions et soutenir ses attributions pour \u00eatre capable de r\u00e9pondre efficacement aux nouvelles attentes et aspirations des jeunes de nos pays respectifs, et faire face aux nouveaux d\u00e9fis croissants dans les domaines de la jeunesse et du sport\u00a0\u00bb, a not\u00e9 le ministre, tout en \u00e9mettant le souhait que la CONFEJES, \u00e0 travers ses diff\u00e9rents programmes, soit davantage \u00ab\u00a0un cadre d\u2019\u00e9change et de convergence entre les pays membres dans les domaines sportif et de la jeunesse\u00a0\u00bb.<\/p>\n<p>Il a, dans la foul\u00e9e, sugg\u00e9r\u00e9 de mandater le nouveau bureau de la CONFEJES pour la mise en place d\u2019un Comit\u00e9 d\u2019experts internationaux repr\u00e9sentant des pays membres et d\u2019autres parties prenantes dont des jeunes, pour explorer les tendances mondiales pour les deux prochaines d\u00e9cennies, qui \u00ab\u00a0orienteront nos politiques publiques pour mieux servir les jeunes et r\u00e9pondre \u00e0 leurs attentes\u00a0\u00bb.<\/p>\n<p>\u00ab\u00a0Nous entendons avec cette suggestion, mettre en place un cadre r\u00e9f\u00e9rentiel de travail pour la CONFEJES \u00e0 m\u00eame de garantir une mobilisation \u00e9largie des pays membres et des partenaires pour contribuer de mani\u00e8re collective \u00e0 la transformation et \u00e0 la construction d\u2019un mod\u00e8le inclusif pour les jeunes\u00a0\u00bb, a conclu le ministre.<\/p>\n<p>Plac\u00e9e sous le Haut Patronage de SM le Roi Mohammed VI, cette 37\u00e8 session qui se tient sous le th\u00e8me \u00ab\u00a0la CONFEJES 50 ans apr\u00e8s : quel impact sur la jeunesse et le sport dans l\u2019espace francophone ?\u00a0\u00bb, r\u00e9unit jusqu\u2019au 16 courant, des ministres de la Jeunesse et des Sports de 43 pays de la Francophonie, ainsi que des repr\u00e9sentants de nombreuses organisations internationales et r\u00e9gionales \u0153uvrant dans les domaines de la jeunesse et des sports dans l\u2019espace francophone.<\/p>\n<p>Ce conclave, rehauss\u00e9 par la participation de Mme Louise Mushikiwabo, Secr\u00e9taire g\u00e9n\u00e9rale de la Francophonie, sera l\u2019occasion pour les participants d\u2019\u00e9tablir le bilan d\u2019un demi-si\u00e8cle d\u2019action en faveur de la jeunesse et ce, dans le cadre de la c\u00e9l\u00e9bration du jubil\u00e9 de la cr\u00e9ation de la CONFEJES.<\/p>\n<p>A l\u2019ordre du jour de cette session, figure notamment un symposium sur le cinquantenaire de la CONFEJES pour mener une r\u00e9flexion profonde sur son avenir et ses actions en faveur de la jeunesse.<\/p>\n<p>En marge de ce conclave, la commission administrative et financi\u00e8re et celle des experts ont tenu, des r\u00e9unions, consacr\u00e9es, entre autres, \u00e0 l\u2019\u00e9valuation de la programmation quadriennale 2015-2018 et \u00e0 la pr\u00e9sentation de la programmation 2019-2022, et discut\u00e9 des impacts de l\u2019intervention de la CONFEJES ainsi que de sa vision strat\u00e9gique pour les prochaines ann\u00e9es.<\/p>\n<\/div>\n<p>Auteur: Meriem IGASS<br \/>\n<a href=\"http:\/\/www.mapmarrakech.ma\/fr\/sm-le-roi-na-eu-de-cesse-daccorder-une-importance-capitale-aux-questions-liees-a-la-jeunesse-et-au-sport-m-talbi-alami\/\">Cliquez ici pour lire l&rsquo;article depuis sa source.<\/a><\/p>\n","protected":false},"excerpt":{"rendered":"<p>Marrakech \u2013 Sa Majest\u00e9 le Roi Mohammed VI \u00ab\u00a0n\u2019a eu de cesse d\u2019accorder une importance capitale aux questions li\u00e9es \u00e0 la jeunesse et au sport incitant, entre autres, les pouvoirs publics \u00e0 la mise en place d\u2019une nouvelle politique int\u00e9gr\u00e9e de la jeunesse, au vu des r\u00f4les des jeunes dans le d\u00e9veloppement social, culturel, \u00e9conomique [&hellip;]<\/p>\n","protected":false},"author":1788,"featured_media":0,"comment_status":"closed","ping_status":"closed","sticky":false,"template":"","format":"standard","meta":{"fifu_image_url":"","fifu_image_alt":"","footnotes":""},"categories":[54,76],"tags":[],"class_list":["post-22023","post","type-post","status-publish","format-standard","hentry","category-maroc","category-regions"],"_links":{"self":[{"href":"https:\/\/linitiative.ca\/International\/wp-json\/wp\/v2\/posts\/22023","targetHints":{"allow":["GET"]}}],"collection":[{"href":"https:\/\/linitiative.ca\/International\/wp-json\/wp\/v2\/posts"}],"about":[{"href":"https:\/\/linitiative.ca\/International\/wp-json\/wp\/v2\/types\/post"}],"author":[{"embeddable":true,"href":"https:\/\/linitiative.ca\/International\/wp-json\/wp\/v2\/users\/1788"}],"replies":[{"embeddable":true,"href":"https:\/\/linitiative.ca\/International\/wp-json\/wp\/v2\/comments?post=22023"}],"version-history":[{"count":0,"href":"https:\/\/linitiative.ca\/International\/wp-json\/wp\/v2\/posts\/22023\/revisions"}],"wp:attachment":[{"href":"https:\/\/linitiative.ca\/International\/wp-json\/wp\/v2\/media?parent=22023"}],"wp:term":[{"taxonomy":"category","embeddable":true,"href":"https:\/\/linitiative.ca\/International\/wp-json\/wp\/v2\/categories?post=22023"},{"taxonomy":"post_tag","embeddable":true,"href":"https:\/\/linitiative.ca\/International\/wp-json\/wp\/v2\/tags?post=22023"}],"curies":[{"name":"wp","href":"https:\/\/api.w.org\/{rel}","templated":true}]}}