{"id":22024,"date":"2019-03-14T21:24:23","date_gmt":"2019-03-15T01:24:23","guid":{"rendered":"https:\/\/linitiative.ca\/International\/marrakech-appel-a-plus-defficacite-dans-laction-pour-la-promotion-de-la-jeunesse-et-du-sport-dans-lespace-francophone\/"},"modified":"2019-03-14T21:24:23","modified_gmt":"2019-03-15T01:24:23","slug":"marrakech-appel-a-plus-defficacite-dans-laction-pour-la-promotion-de-la-jeunesse-et-du-sport-dans-lespace-francophone","status":"publish","type":"post","link":"https:\/\/linitiative.ca\/International\/marrakech-appel-a-plus-defficacite-dans-laction-pour-la-promotion-de-la-jeunesse-et-du-sport-dans-lespace-francophone\/","title":{"rendered":"Marrakech : Appel \u00e0 plus d\u2019efficacit\u00e9 dans l\u2019action pour la promotion de la jeunesse et du sport dans l\u2019espace francophone"},"content":{"rendered":"<div readability=\"41\">\n<p>Marrakech \u2013 Le ministre du Tourisme, de la Culture et des Sports de la R\u00e9publique du B\u00e9nin, pr\u00e9sident sortant de la Conf\u00e9rence des Ministres de la Jeunesse et des Sports de la Francophonie (CONFEJES), M. Oswald Homeky, a lanc\u00e9, jeudi \u00e0 Marrakech, un appel \u00ab\u00a0\u00e0 plus d\u2019actions et \u00e0 plus d\u2019efficacit\u00e9 dans l\u2019action\u00a0\u00bb en faveur de la promotion de la jeunesse et des sports dans l\u2019espace francophone.<\/p>\n<\/div>\n<div readability=\"201\">\n<p>\u00ab\u00a0Mon message est une exhortation \u00e0 plus d\u2019actions et \u00e0 plus d\u2019efficacit\u00e9 dans l\u2019action (\u2026). Ce message s\u2019adresse \u00e0 tous les gouvernants \u00e0 divers niveaux et surtout \u00e0 tous les responsables qui ont la charge du bien-\u00eatre de nos communaut\u00e9s en g\u00e9n\u00e9ral, et de la jeunesse en particulier\u00a0\u00bb, a affirm\u00e9 M. Homeky \u00e0 l\u2019ouverture des travaux de la 37\u00e8me session de la CONFEJES.<\/p>\n<p>Relevant que la communaut\u00e9 francophone est la plus grande et la mieux r\u00e9partie sur la surface du globe, M. Homeky a indiqu\u00e9 que la jeunesse francophone est sans doute l\u2019une \u00ab\u00a0des plus actives et constitue \u00e0 la fois une opportunit\u00e9 et une menace\u00a0\u00bb.<\/p>\n<p>\u00ab\u00a0Opportunit\u00e9 si nous r\u00e9ussissons \u00e0 en optimiser le potentiel intellectuel, \u00e9conomique et social. Menace si nos programmes, au lieu d\u2019apporter des solutions et des r\u00e9ponses concr\u00e8tes aux besoins des jeunes, s\u2019ex\u00e9cutent sans aucune coordination et synergie\u00a0\u00bb, a-t-il expliqu\u00e9.<\/p>\n<p>Selon le ministre b\u00e9ninois, \u00ab\u00a0Nous ne devons pas nous \u00e9tonner de la radicalisation et de la d\u00e9perdition de notre jeunesse si chacun de nous continue de mobiliser des ressources pour mettre en \u0153uvre des programmes isol\u00e9s ou parfois en comp\u00e9tition avec les programmes d\u2019une autre organisation partenaire\u00a0\u00bb.<\/p>\n<p>Dans ce sens, M. Homeky a tenu \u00e0 \u00ab\u00a0saluer les efforts consentis par chacun de nous pour une meilleure synergie de notre action qui doit \u00eatre commune, et nous rappeler \u00e0 tous que la seule alternative pour un espace francophone apais\u00e9 et \u00e9conomiquement dynamique et prosp\u00e8re, c\u2019est notre action concert\u00e9e\u00a0\u00bb.<\/p>\n<p>Rappelant que l\u2019ann\u00e9e 2019 marque la c\u00e9l\u00e9bration du Cinquantenaire de la CONFEJES, le ministre b\u00e9ninois a affirm\u00e9 que ce sont \u00ab\u00a050 ans d\u2019existence gr\u00e2ce aux valeureux et talentueux ministres et pr\u00e9sidents en exercice \u00e0 qui je rends un vibrant hommage, 50 ans de programmes brillamment mis en \u0153uvre par les Secr\u00e9taires g\u00e9n\u00e9raux et les directeurs ainsi que par leurs \u00e9quipes respectives que je salue avec reconnaissance, et 50 ans d\u2019initiatives au profit des jeunes et des sportifs de l\u2019espace francophone\u00a0\u00bb.<\/p>\n<p>\u00ab\u00a0S\u2019il est vrai que nous pouvons nous satisfaire du succ\u00e8s des nombreux programmes mis en \u0153uvre et dont les b\u00e9n\u00e9ficiaires constituent le t\u00e9moignage vivant, il n\u2019en demeure pas moins que la CONFEJES, au fil des ann\u00e9es, \u00e0 l\u2019instar de plusieurs institutions de m\u00eame nature, a \u00e9t\u00e9 atteinte par le syndrome de la routine institutionnelle\u00a0\u00bb, qui consiste pour certains Etats membres \u00e0 ne pas honorer leurs engagements statutaires, \u00e0 se r\u00e9unir, \u00e0 r\u00e9fl\u00e9chir, \u00e0 concevoir et \u00e0 planifier souvent et abondamment, sans pour autant agir, a-t-il relev\u00e9.<\/p>\n<p>M. Homeky a saisi \u00e9galement cette occasion pour exprimer, au nom de tous les Etats et gouvernements membres de la CONFEJES et de l\u2019ensemble des ministres et des d\u00e9l\u00e9gations qui les accompagnent, sa d\u00e9f\u00e9rente gratitude et ses sinc\u00e8res remerciements \u00e0 SM le Roi Mohammed VI, au gouvernement du Maroc et \u00e0 tout le peuple marocain \u00e0 qui il a transmis \u00e9galement les chaleureuses et fraternelles salutations de son Excellence Monsieur Patrice Talon, Pr\u00e9sident de la R\u00e9publique du B\u00e9nin.<\/p>\n<p>De son c\u00f4t\u00e9, le Secr\u00e9taire g\u00e9n\u00e9ral de la CONFEJES, Bouramah Ali Harouna, a indiqu\u00e9 que cette 37\u00e8me session co\u00efncide avec la c\u00e9l\u00e9bration du Cinquantenaire de cette institution, un demi-si\u00e8cle de coop\u00e9ration intergouvernementale, d\u2019appui aux politiques nationales et d\u2019interactions avec les jeunes et les sportifs.<\/p>\n<p>Il a ajout\u00e9 que cette organisation \u00ab\u00a0forte et r\u00e9siliente\u00a0\u00bb, rev\u00eatue d\u2019un statut de Conf\u00e9rence minist\u00e9rielle permanente au sein de la Francophonie, demeure un \u00ab\u00a0acteur majeur\u00a0\u00bb au sein de la coop\u00e9ration internationale, avec un portefeuille de partenariats de plus en plus dense, faisant savoir qu\u2019en cinquante ans d\u2019existence, la CONFEJES a acquis \u00ab\u00a0une identit\u00e9 forte et distinctive\u00a0\u00bb au plan institutionnel, programmatique et organisationnel avec la tenue r\u00e9guli\u00e8re, \u00e0 date, de toutes les instances statutaires et avec une adh\u00e9sion plus forte des Etats et gouvernements membres.<\/p>\n<p>Mettant en relief les diff\u00e9rents programmes et les diverses actions men\u00e9es par la CONFEJES en vue de renforcer la contribution du secteur jeunesse et sport au d\u00e9veloppement \u00e9conomique et social des pays membres, M. Harouna a soulign\u00e9 que dans le domaine du sport, cette institution peut, en toute l\u00e9gitimit\u00e9, se pr\u00e9valoir du r\u00f4le \u00ab\u00a0historique\u00a0\u00bb qu\u2019elle a jou\u00e9 dans la mise en route et la consolidation des Jeux de la Francophonie, devenus une vitrine pour cette communaut\u00e9 linguistique, de par le rayonnement acquis et par l\u2019\u00e9largissement du p\u00e9rim\u00e8tre \u00e0 la culture et \u00e0 la cr\u00e9ativit\u00e9.<\/p>\n<p>\u00ab\u00a0Ce positionnement proc\u00e8de d\u2019une pr\u00e9sence sur toute l\u2019\u00e9chelle de la pratique sportive, allant de l\u2019accompagnement des laur\u00e9ats vers la performance mondiale aux pratiques les moins \u00e9labor\u00e9es, notamment la pratique pour le maintien du capital sant\u00e9\u00a0\u00bb, a-t-il expliqu\u00e9.<\/p>\n<p>Dans le domaine de la jeunesse, le SG de la CONFEJES a mis l\u2019accent sur le r\u00f4le de \u00ab\u00a0pr\u00e9curseur\u00a0\u00bb de l\u2019Organisation dans la promotion de l\u2019entrepreneuriat, comme modalit\u00e9 forte de lutte contre le ch\u00f4mage et le sous-emploi des jeunes, notamment dans les pays du Sud, affirmant que la promotion des jeunes a une dimension \u00e9conomique, mais les r\u00e9sultats obtenus dans ce domaine ne peuvent \u00eatre durables que s\u2019ils sont adoss\u00e9s \u00e0 une composante sociale couvrant le d\u00e9veloppement du leadership et de la citoyennet\u00e9, la culture de la paix et du dialogue, l\u2019engagement pour le d\u00e9veloppement durable en plus de la formation technique et technologique.<\/p>\n<p>A cette occasion, M. Harouna n\u2019a pas manqu\u00e9 de rendre un vibrant hommage \u00e0 tous les ministres et cadres techniques qui ont particip\u00e9 \u00e0 la constitution de ce patrimoine, insistant sur la n\u00e9cessit\u00e9 d\u2019optimiser et de p\u00e9renniser ce legs au profit des prochaines g\u00e9n\u00e9rations.<\/p>\n<p>Plac\u00e9 sous le Haut Patronage de SM le Roi Mohammed VI, ce conclave qui se tient sous le th\u00e8me \u00ab\u00a0la CONFEJES 50 ans apr\u00e8s : quel impact sur la jeunesse et le sport dans l\u2019espace francophone ?\u00a0\u00bb, r\u00e9unit jusqu\u2019au 16 courant, des ministres de la Jeunesse et des Sports de 43 pays de la Francophonie, ainsi que des repr\u00e9sentants de nombreuses organisations internationales et r\u00e9gionales \u0153uvrant dans les domaines de la jeunesse et des sports dans l\u2019espace francophone.<\/p>\n<p>Cette Conf\u00e9rence, rehauss\u00e9e par la participation de Mme Louise Mushikiwabo, Secr\u00e9taire g\u00e9n\u00e9rale de la Francophonie, sera l\u2019occasion pour les participants d\u2019\u00e9tablir le bilan d\u2019un demi-si\u00e8cle d\u2019action en faveur de la jeunesse et ce, dans le cadre de la c\u00e9l\u00e9bration du jubil\u00e9 de la cr\u00e9ation de la CONFEJES.<\/p>\n<p>A l\u2019ordre du jour de cette session, figure notamment un symposium sur le cinquantenaire de la CONFEJES pour mener une r\u00e9flexion profonde sur son avenir et ses actions en faveur de la jeunesse.<\/p>\n<p>D\u2019autre part, et pour soutenir l\u2019entrepreneuriat des jeunes et en faire un levier majeur au service du d\u00e9veloppement social et \u00e9conomique des pays membres de la CONFEJES, et l\u2019inclusion socio-\u00e9conomique de la jeunesse francophone, une exposition du cinquantenaire r\u00e9unissant les jeunes b\u00e9n\u00e9ficiaires des programmes de la Conf\u00e9rence est organis\u00e9e \u00e0 cette occasion.<\/p>\n<p>En marge de ce conclave, la commission administrative et financi\u00e8re et celle des experts ont tenu, des r\u00e9unions, consacr\u00e9es, entre autres, \u00e0 l\u2019\u00e9valuation de la programmation quadriennale 2015-2018 et \u00e0 la pr\u00e9sentation de la programmation 2019-2022, et discut\u00e9 des impacts de l\u2019intervention de la CONFEJES ainsi que de sa vision strat\u00e9gique pour les prochaines ann\u00e9es.<\/p>\n<p>A noter que tous les deux ans, une session minist\u00e9rielle est organis\u00e9e dans un pays membre afin d\u2019\u00e9tudier les alliances strat\u00e9giques qu\u2019il serait utile d\u2019\u00e9tablir avec des organisations internationales ayant des objectifs analogues ou compl\u00e9mentaires \u00e0 ceux de la CONFEJES.<\/p>\n<\/div>\n<p>Auteur: Meriem IGASS<br \/>\n<a href=\"http:\/\/www.mapmarrakech.ma\/fr\/marrakech-appel-a-plus-defficacite-dans-laction-pour-la-promotion-de-la-jeunesse-et-du-sport-dans-lespace-francophone\/\">Cliquez ici pour lire l&rsquo;article depuis sa source.<\/a><\/p>\n","protected":false},"excerpt":{"rendered":"<p>Marrakech \u2013 Le ministre du Tourisme, de la Culture et des Sports de la R\u00e9publique du B\u00e9nin, pr\u00e9sident sortant de la Conf\u00e9rence des Ministres de la Jeunesse et des Sports de la Francophonie (CONFEJES), M. Oswald Homeky, a lanc\u00e9, jeudi \u00e0 Marrakech, un appel \u00ab\u00a0\u00e0 plus d\u2019actions et \u00e0 plus d\u2019efficacit\u00e9 dans l\u2019action\u00a0\u00bb en faveur [&hellip;]<\/p>\n","protected":false},"author":1788,"featured_media":0,"comment_status":"closed","ping_status":"closed","sticky":false,"template":"","format":"standard","meta":{"fifu_image_url":"","fifu_image_alt":"","footnotes":""},"categories":[54,76],"tags":[],"class_list":["post-22024","post","type-post","status-publish","format-standard","hentry","category-maroc","category-regions"],"_links":{"self":[{"href":"https:\/\/linitiative.ca\/International\/wp-json\/wp\/v2\/posts\/22024","targetHints":{"allow":["GET"]}}],"collection":[{"href":"https:\/\/linitiative.ca\/International\/wp-json\/wp\/v2\/posts"}],"about":[{"href":"https:\/\/linitiative.ca\/International\/wp-json\/wp\/v2\/types\/post"}],"author":[{"embeddable":true,"href":"https:\/\/linitiative.ca\/International\/wp-json\/wp\/v2\/users\/1788"}],"replies":[{"embeddable":true,"href":"https:\/\/linitiative.ca\/International\/wp-json\/wp\/v2\/comments?post=22024"}],"version-history":[{"count":0,"href":"https:\/\/linitiative.ca\/International\/wp-json\/wp\/v2\/posts\/22024\/revisions"}],"wp:attachment":[{"href":"https:\/\/linitiative.ca\/International\/wp-json\/wp\/v2\/media?parent=22024"}],"wp:term":[{"taxonomy":"category","embeddable":true,"href":"https:\/\/linitiative.ca\/International\/wp-json\/wp\/v2\/categories?post=22024"},{"taxonomy":"post_tag","embeddable":true,"href":"https:\/\/linitiative.ca\/International\/wp-json\/wp\/v2\/tags?post=22024"}],"curies":[{"name":"wp","href":"https:\/\/api.w.org\/{rel}","templated":true}]}}