{"id":22025,"date":"2019-03-14T21:38:18","date_gmt":"2019-03-15T01:38:18","guid":{"rendered":"https:\/\/linitiative.ca\/International\/marrakech-la-sg-de-la-francophonie-appelle-a-aider-les-jeunes-a-reussir-et-a-trouver-leur-place-au-sein-des-societes-de-lespace-francophone\/"},"modified":"2019-03-14T21:38:18","modified_gmt":"2019-03-15T01:38:18","slug":"marrakech-la-sg-de-la-francophonie-appelle-a-aider-les-jeunes-a-reussir-et-a-trouver-leur-place-au-sein-des-societes-de-lespace-francophone","status":"publish","type":"post","link":"https:\/\/linitiative.ca\/International\/marrakech-la-sg-de-la-francophonie-appelle-a-aider-les-jeunes-a-reussir-et-a-trouver-leur-place-au-sein-des-societes-de-lespace-francophone\/","title":{"rendered":"Marrakech : La SG de la Francophonie appelle \u00e0 aider les jeunes \u00e0 r\u00e9ussir et \u00e0 trouver leur place au sein des soci\u00e9t\u00e9s de l\u2019espace francophone"},"content":{"rendered":"<div readability=\"39\">\n<p>Marrakech \u2013 La Secr\u00e9taire g\u00e9n\u00e9rale de la Francophonie, Mme Louise Mushikiwabo a appel\u00e9, jeudi \u00e0 Marrakech, \u00e0 aider les jeunes \u00e0 r\u00e9ussir et \u00e0 trouver leur place au sein des soci\u00e9t\u00e9s de l\u2019espace francophone, ajoutant que cette cat\u00e9gorie repr\u00e9sente pr\u00e8s de 70% de la population de plusieurs pays membres.<\/p>\n<\/div>\n<div readability=\"152\">\n<p>\u00ab\u00a0Notre espace francophone est jeune ! En effet, les jeunes repr\u00e9sentent pr\u00e8s de 70% de la population de beaucoup de nos pays membres, et plus particuli\u00e8rement dans nos pays du Sud. Cette jeunesse ne demande qu\u2019\u00e0 travailler, cr\u00e9er, innover et prendre part aux d\u00e9cisions\u00a0\u00bb, a-t-elle affirm\u00e9 \u00e0 l\u2019ouverture des travaux de la 37\u00e8me session de la Conf\u00e9rence des Ministres de la Jeunesse et des Sports de la Francophonie (CONFEJES), soutenant que \u00ab\u00a0pour cela, les jeunes ont besoin de formation, d\u2019accompagnement et d\u2019encouragement\u00a0\u00bb.<\/p>\n<p>\u00ab\u00a0C\u2019est de notre devoir de les aider \u00e0 r\u00e9ussir et \u00e0 trouver leur place dans nos soci\u00e9t\u00e9s. Nous n\u2019avons pas le droit de les d\u00e9cevoir\u00a0\u00bb, a-t-elle martel\u00e9.<\/p>\n<p>Rappelant que les jeunes sont sans cesse confront\u00e9s \u00e0 de nombreux nouveaux d\u00e9fis, Mme Mushikiwabo a plaid\u00e9 pour que \u00ab\u00a0nous passions rapidement des discours et des d\u00e9clarations aux actions concr\u00e8tes\u00a0\u00bb, voire d\u2019\u00a0\u00bbop\u00e9rer une mise \u00e0 jour\u00a0\u00bb, sachant que le dernier rapport sur la situation des jeunes dans l\u2019espace francophone montre que dans la plupart des pays membres, cette frange de la soci\u00e9t\u00e9 \u00e9prouve beaucoup de difficult\u00e9s \u00e0 acc\u00e9der \u00e0 l\u2019emploi, et que le taux de ch\u00f4mage end\u00e9mique reste tr\u00e8s \u00e9lev\u00e9.<\/p>\n<p>Apr\u00e8s avoir mis en relief la n\u00e9cessit\u00e9 de l\u2019appui concret aux initiatives des jeunes dans le domaine de l\u2019innovation technologique, la SG de la Francophonie a soulign\u00e9 qu\u2019il est urgent de trouver ensemble des solutions pour que ces jeunes b\u00e9n\u00e9ficient des meilleures connections internet afin d\u2019\u00eatre comp\u00e9titifs et de voir leurs projets se r\u00e9aliser.<\/p>\n<p>En ce qui concerne les nombreux programmes de soutien \u00e0 l\u2019entrepreneuriat, elle a mis en exergue l\u2019importance du partage des bonnes pratiques et des exp\u00e9riences. \u00ab\u00a0Ce n\u2019est pas un hasard que je vous parle de cette notion de partage d\u2019exp\u00e9riences, ici, au Maroc, un pays qui partage depuis tant d\u2019ann\u00e9es son exp\u00e9rience, surtout dans le domaine \u00e9conomique, avec le Continent africain et particuli\u00e8rement l\u2019Afrique subsaharienne\u00a0\u00bb, a-t-elle poursuivi.<\/p>\n<p>Mme Mushikiwabo a, en outre, fait savoir que la faible participation des jeunes, notamment des jeunes femmes aux organes et processus d\u00e9cisionnels, est un des d\u00e9fis majeurs identifi\u00e9s par les jeunes eux-m\u00eames, ajoutant que \u00ab\u00a0Nos jeunes se sentent \u00e9cart\u00e9s de l\u2019action publique malgr\u00e9 leur engagement croissant dans des mouvements citoyens\u00a0\u00bb.<\/p>\n<p>\u00ab\u00a0Pour avoir des politiques efficaces en mati\u00e8re de jeunesse (\u2026) il faut du financement! Et c\u2019est l\u00e0 un plaidoyer que nous devons mener ensemble aupr\u00e8s de nos Etats, gouvernements, parlements et collectivit\u00e9s locales pour que les budgets d\u00e9di\u00e9s soient \u00e0 la hauteur de nos ambitions\u00a0\u00bb, a-t-elle soutenu, tout en plaidant pour une meilleure gestion de ces fonds.<\/p>\n<p>Abordant la question de la mobilit\u00e9, la responsable de la Francophonie a fait constater que les jeunes sont \u00e0 la fois \u00ab\u00a0acteurs et victimes de ph\u00e9nom\u00e8nes tristement d\u2019actualit\u00e9 tels que les flux massifs d\u2019immigration ill\u00e9gale ou l\u2019extr\u00e9misme violent\u00a0\u00bb, estimant que \u00ab\u00a0nous n\u2019allons pas r\u00e9soudre ces probl\u00e8mes \u00e0 nous seuls, mais nous pouvons nous attaquer \u00e0 leurs causes profondes: la pauvret\u00e9, la pr\u00e9carit\u00e9 et la marginalisation\u00a0\u00bb.<\/p>\n<p>Elle a, dans la foul\u00e9e, insist\u00e9 sur la n\u00e9cessit\u00e9 de \u00ab\u00a0recentrer nos actions pour plus d\u2019efficacit\u00e9 et de r\u00e9sultats\u00a0\u00bb et de \u00ab\u00a0renouveler la confiance de nos Etats et gouvernements, et surtout celle de nos premiers b\u00e9n\u00e9ficiaires, les jeunes\u00a0\u00bb.<\/p>\n<p>Plac\u00e9 sous le Haut Patronage de SM le Roi Mohammed VI, ce conclave qui se tient sous le th\u00e8me \u00ab\u00a0la CONFEJES 50 ans apr\u00e8s : quel impact sur la jeunesse et le sport dans l\u2019espace francophone ?\u00a0\u00bb, r\u00e9unit jusqu\u2019au 16 courant, des ministres de la Jeunesse et des Sports de 43 pays de la Francophonie, ainsi que des repr\u00e9sentants de nombreuses organisations internationales et r\u00e9gionales \u0153uvrant dans les domaines de la jeunesse et des sports dans l\u2019espace francophone.<\/p>\n<p>Cette Conf\u00e9rence sera l\u2019occasion pour les participants d\u2019\u00e9tablir le bilan d\u2019un demi-si\u00e8cle d\u2019action en faveur de la jeunesse et ce, dans le cadre de la c\u00e9l\u00e9bration du jubil\u00e9 de la cr\u00e9ation de la CONFEJES.<\/p>\n<p>A l\u2019ordre du jour de cette session, figure notamment un symposium sur le cinquantenaire de la CONFEJES pour mener une r\u00e9flexion profonde sur son avenir et ses actions en faveur de la jeunesse.<\/p>\n<p>D\u2019autre part, et pour soutenir l\u2019entrepreneuriat des jeunes et en faire un levier majeur au service du d\u00e9veloppement social et \u00e9conomique des pays membres de la CONFEJES, et l\u2019inclusion socio-\u00e9conomique de la jeunesse francophone, une exposition du cinquantenaire r\u00e9unissant les jeunes b\u00e9n\u00e9ficiaires des programmes de la Conf\u00e9rence est organis\u00e9e \u00e0 cette occasion.<\/p>\n<p>Cr\u00e9\u00e9e en 1969, la CONFEJES est une institution intergouvernementale qui \u0153uvre pour la promotion de la Jeunesse, des Sports et des Loisirs au sein de l\u2019espace francophone.<\/p>\n<p>La Conf\u00e9rence, qui compte 43 Etats et gouvernements membres, vise en particulier \u00e0 encourager les initiatives d\u2019insertion socio-\u00e9conomique propos\u00e9es par les jeunes en participant au financement de projets de jeunes entrepreneurs, promouvoir la vie associative, contribuer au d\u00e9veloppement et \u00e0 la formation d\u2019une \u00e9lite sportive en Afrique et \u00e0 favoriser des rencontres sportives et des rassemblements de jeunes pour renforcer les \u00e9changes, stimuler et valoriser leur participation et leur contribution au sein de la soci\u00e9t\u00e9.<\/p>\n<\/div>\n<p>Auteur: Meriem IGASS<br \/>\n<a href=\"http:\/\/www.mapmarrakech.ma\/fr\/marrakech-la-sg-de-la-francophonie-appelle-a-aider-les-jeunes-a-reussir-et-a-trouver-leur-place-au-sein-des-societes-de-lespace-francophone\/\">Cliquez ici pour lire l&rsquo;article depuis sa source.<\/a><\/p>\n","protected":false},"excerpt":{"rendered":"<p>Marrakech \u2013 La Secr\u00e9taire g\u00e9n\u00e9rale de la Francophonie, Mme Louise Mushikiwabo a appel\u00e9, jeudi \u00e0 Marrakech, \u00e0 aider les jeunes \u00e0 r\u00e9ussir et \u00e0 trouver leur place au sein des soci\u00e9t\u00e9s de l\u2019espace francophone, ajoutant que cette cat\u00e9gorie repr\u00e9sente pr\u00e8s de 70% de la population de plusieurs pays membres. \u00ab\u00a0Notre espace francophone est jeune ! [&hellip;]<\/p>\n","protected":false},"author":1788,"featured_media":0,"comment_status":"closed","ping_status":"closed","sticky":false,"template":"","format":"standard","meta":{"fifu_image_url":"","fifu_image_alt":"","footnotes":""},"categories":[54,76],"tags":[],"class_list":["post-22025","post","type-post","status-publish","format-standard","hentry","category-maroc","category-regions"],"_links":{"self":[{"href":"https:\/\/linitiative.ca\/International\/wp-json\/wp\/v2\/posts\/22025","targetHints":{"allow":["GET"]}}],"collection":[{"href":"https:\/\/linitiative.ca\/International\/wp-json\/wp\/v2\/posts"}],"about":[{"href":"https:\/\/linitiative.ca\/International\/wp-json\/wp\/v2\/types\/post"}],"author":[{"embeddable":true,"href":"https:\/\/linitiative.ca\/International\/wp-json\/wp\/v2\/users\/1788"}],"replies":[{"embeddable":true,"href":"https:\/\/linitiative.ca\/International\/wp-json\/wp\/v2\/comments?post=22025"}],"version-history":[{"count":0,"href":"https:\/\/linitiative.ca\/International\/wp-json\/wp\/v2\/posts\/22025\/revisions"}],"wp:attachment":[{"href":"https:\/\/linitiative.ca\/International\/wp-json\/wp\/v2\/media?parent=22025"}],"wp:term":[{"taxonomy":"category","embeddable":true,"href":"https:\/\/linitiative.ca\/International\/wp-json\/wp\/v2\/categories?post=22025"},{"taxonomy":"post_tag","embeddable":true,"href":"https:\/\/linitiative.ca\/International\/wp-json\/wp\/v2\/tags?post=22025"}],"curies":[{"name":"wp","href":"https:\/\/api.w.org\/{rel}","templated":true}]}}