{"id":22041,"date":"2019-03-15T07:15:00","date_gmt":"2019-03-15T11:15:00","guid":{"rendered":"https:\/\/linitiative.ca\/International\/theatre-le-festival-international-cible-les-plus-jeunes\/"},"modified":"2019-03-15T07:15:00","modified_gmt":"2019-03-15T11:15:00","slug":"theatre-le-festival-international-cible-les-plus-jeunes","status":"publish","type":"post","link":"https:\/\/linitiative.ca\/International\/theatre-le-festival-international-cible-les-plus-jeunes\/","title":{"rendered":"Th\u00e9\u00e2tre: Le festival international cible les plus jeunes"},"content":{"rendered":"<div readability=\"36\">\n<p>\u00abA tes souhaits\u00bb, \u00abVive la vie\u00bb\u2026 Une dizaine de pi\u00e8ces de renom dont deux sp\u00e9cialement destin\u00e9es aux enfants<\/p>\n<p>Des d\u00e9bats interactifs avec les com\u00e9diens \u00e9galement pr\u00e9vus apr\u00e8s chaque repr\u00e9sentation<\/p>\n<\/div>\n<div readability=\"107\">\n<div class=\"dnd-atom-wrapper type-image context-sdl_editor_representation atom-align-right\" contenteditable=\"false\" readability=\"33\">\n<div class=\"dnd-drop-wrapper image\"><img loading=\"lazy\" decoding=\"async\" typeof=\"foaf:Image\" class=\"img-responsive\" src=\"https:\/\/leconomiste.com:443\/sites\/default\/files\/eco7\/public\/thumbnails\/image\/theatre_des_jeunes_073.jpg\" width=\"397\" height=\"265\" alt=\"theatre_des_jeunes_073.jpg\" title=\"theatre_des_jeunes_073.jpg\"\/><\/div>\n<div class=\"dnd-legend-wrapper\" contenteditable=\"true\" readability=\"11\">\n<p class=\"rtejustify\">Le festival international Th\u00e9\u00e2tre et Cultures d\u00e9barque d\u00e8s le 22 mars dans la ville blanche. Une 14e \u00e9dition qui vise cette ann\u00e9e les plus jeunes. Deux pi\u00e8ces de renom \u00e0 la fois comiques et p\u00e9dagogiques leur seront ainsi consacr\u00e9es, dont notamment \u00abA tes souhaits\u00bb qui interroge avec magie et humour les diff\u00e9rences entre le monde des enfants et celui des adultes <em>(Ph. F.A.V.)<\/em><\/p>\n<\/div>\n<\/div>\n<p class=\"rtejustify\">R\u00e9concilier les Casablancais, et particuli\u00e8rement les plus jeunes, avec le th\u00e9\u00e2tre. C\u2019est dans cette optique que la Fondation des arts vivants organise, du 22 mars au 1er avril prochain, la 14e \u00e9dition du festival international Th\u00e9\u00e2tre et Cultures.<\/p>\n<p class=\"rtejustify\">Un rendez-vous haut en couleur qui proposera aux spectateurs une multitude de pi\u00e8ces traitant de sujets l\u00e9gers, mais \u00e9galement plus s\u00e9rieux. De quoi divertir le public marocain et le faire r\u00e9fl\u00e9chir tout en contribuant \u00e0 redonner \u00e0 cet art ses lettres de noblesse.<\/p>\n<p class=\"rtejustify\">Au total, pr\u00e8s d\u2019une dizaine de pi\u00e8ces seront jou\u00e9es de part et d\u2019autre de la ville blanche. Du c\u00f4t\u00e9 du Studio des arts vivants, la compagnie Interface ouvrira le bal avec\u00abVive la vie\u00bb. Un op\u00e9ra-ballet compilant \u00e0 la fois \u00e9motion, danse et chant, qui met en sc\u00e8ne en musique et avec panache les conflits interg\u00e9n\u00e9rationnels.<\/p>\n<p class=\"rtejustify\">Dans un tout autre registre, les spectateurs pourront d\u00e9couvrir \u00abJ\u2019entrerai dans ton silence\u00bb, adapt\u00e9e et mise en sc\u00e8ne par Serge Barbuscia. Un drame poignant sur l\u2019autisme qui raconte le combat d\u2019une m\u00e8re d\u00e9termin\u00e9e \u00e0 \u00e9tablir le dialogue avec son fils atteint par la maladie et \u00e0 le r\u00e9int\u00e9grer dans la soci\u00e9t\u00e9.<\/p>\n<p class=\"rtejustify\">Autre pi\u00e8ce particuli\u00e8rement attendue et inspir\u00e9e cette fois-ci d\u2019un fait divers am\u00e9ricain qui a pris des propensions inou\u00efes, \u00abSur la route\u00bb sera jou\u00e9e \u00e0 l\u2019Institut fran\u00e7ais de Casablanca. Un drame mis en sc\u00e8ne par Anne Voutey et Karima Gherdaoui, qui retrace avec justesse la r\u00e9voltante histoire de Sandra Bland, Afro-Am\u00e9ricaine tu\u00e9e aux Etats-Unis par un policier en 2015 pour un oubli de clignotant.<\/p>\n<p class=\"rtejustify\">Le public pourra \u00e9galement se d\u00e9lecter du spectacle musical \u00abLes Divalala: Femme, Femme, Femme\u00bb. Un show dans la grande tradition des music-halls fran\u00e7ais qui s\u2019interroge sur le sens de la vie et le rapport entretenu avec le temps suite \u00e0 une rupture amoureuse.<\/p>\n<p class=\"rtejustify\">Le festival comportera aussi des pi\u00e8ces bien de chez nous, parmi lesquelles \u00abSidi Abderrahmane El Mejdoub\u00bb de Tayeb Saddiki ou encore la com\u00e9die Khedmouni jou\u00e9e par la troupe 19h Th\u00e9\u00e2tre (\u00e0 qui l\u2019on doit le succ\u00e8s sans pr\u00e9c\u00e9dent Allah Islah).<\/p>\n<p class=\"rtejustify\">Les enfants n\u2019ont pas non plus \u00e9t\u00e9 oubli\u00e9s. Les plus jeunes d\u2019entre eux (d\u00e8s l\u2019\u00e2ge de 7 ans) seront ainsi confront\u00e9s \u00e0 leur peur de grandir dans le m\u00e9lodrame \u00abA tes souhaits\u00bb de Gustavo Araujo, qui sera jou\u00e9 au lyc\u00e9e L\u00e9on l\u2019Africain. Un spectacle philosophique qui interroge avec magie et humour les diff\u00e9rences entre le monde des enfants et celui des adultes.<\/p>\n<p class=\"rtejustify\">L\u2019Institut fran\u00e7ais, quant \u00e0 lui, accueillera la pi\u00e8ce p\u00e9dagogique \u00abTout Moli\u00e8re ou presque\u00bb qui passera au crible les personnages les plus c\u00e9l\u00e8bres du dramaturge fran\u00e7ais tels que le Bourgeois Gentilhomme ou encore l\u2019Avare. Objectif: faire d\u00e9couvrir ou red\u00e9couvrir le th\u00e9\u00e2tre aupr\u00e8s des plus jeunes et leur donner envie de s\u2019y rendre r\u00e9guli\u00e8rement.<\/p>\n<p class=\"rtejustify\">\u00abLe th\u00e9\u00e2tre a perdu au fil des ann\u00e9es son image. Cet art doit absolument retrouver sa notori\u00e9t\u00e9 d\u2019antan au sein de notre patrimoine, et cela doit passer par la nouvelle g\u00e9n\u00e9ration\u00bb, souligne ainsi le pr\u00e9sident de la Fondation des arts vivants, Noureddine Ayouch.<\/p>\n<p class=\"rtejustify\">Le festival accordera \u00e9galement une grande place \u00e0 l\u2019interaction. Des d\u00e9bats marqu\u00e9s par la participation active des com\u00e9diens et des metteurs en sc\u00e8ne seront organis\u00e9s apr\u00e8s chaque repr\u00e9sentation. Un moyen de donner au public la parole et l\u2019occasion de s\u2019exprimer sur les th\u00e8mes abord\u00e9s au cours des spectacles.<\/p>\n<blockquote readability=\"11\">\n<p class=\"rtecenter\"><strong><span class=\"c2\">Ressusciter un art qui a perdu sa notori\u00e9t\u00e9<\/span><\/strong><\/p>\n<p class=\"rtejustify\">Cr\u00e9\u00e9e en 2004, la Fondation des arts vivants milite et s\u2019active r\u00e9guli\u00e8rement pour donner un nouveau souffle au th\u00e9\u00e2tre. Elle organise chaque ann\u00e9e des \u00e9v\u00e8nements phares destin\u00e9s \u00e0 promouvoir cet art \u2013 dont notamment le festival \u00abAllons au th\u00e9\u00e2tre\u00bb &#8211; mais consacre \u00e9galement ses activit\u00e9s \u00e0 la formation des professionnels du milieu. Le groupe co-produit aussi des \u0153uvres th\u00e9\u00e2trales et donne l\u2019opportunit\u00e9 \u00e0 des jeunes issus de quartiers d\u00e9favoris\u00e9s de prendre part \u00e0 des ateliers d\u2019improvisation et de danse.<\/p>\n<\/blockquote>\n<p class=\"rtejustify\"><em>Karim AGOUMI<\/em><\/p>\n<\/div>\n<p>Auteur: hlafriqi<br \/>\n<a href=\"https:\/\/www.leconomiste.com\/article\/1042170-theatre-le-festival-international-cible-les-plus-jeunes\">Cliquez ici pour lire l&rsquo;article depuis sa source.<\/a><\/p>\n","protected":false},"excerpt":{"rendered":"<p>\u00abA tes souhaits\u00bb, \u00abVive la vie\u00bb\u2026 Une dizaine de pi\u00e8ces de renom dont deux sp\u00e9cialement destin\u00e9es aux enfants Des d\u00e9bats interactifs avec les com\u00e9diens \u00e9galement pr\u00e9vus apr\u00e8s chaque repr\u00e9sentation Le festival international Th\u00e9\u00e2tre et Cultures d\u00e9barque d\u00e8s le 22 mars dans la ville blanche. Une 14e \u00e9dition qui vise cette ann\u00e9e les plus jeunes. Deux [&hellip;]<\/p>\n","protected":false},"author":1763,"featured_media":22042,"comment_status":"closed","ping_status":"closed","sticky":false,"template":"","format":"standard","meta":{"fifu_image_url":"","fifu_image_alt":"","footnotes":""},"categories":[78,54],"tags":[],"class_list":["post-22041","post","type-post","status-publish","format-standard","has-post-thumbnail","hentry","category-economie","category-maroc"],"_links":{"self":[{"href":"https:\/\/linitiative.ca\/International\/wp-json\/wp\/v2\/posts\/22041","targetHints":{"allow":["GET"]}}],"collection":[{"href":"https:\/\/linitiative.ca\/International\/wp-json\/wp\/v2\/posts"}],"about":[{"href":"https:\/\/linitiative.ca\/International\/wp-json\/wp\/v2\/types\/post"}],"author":[{"embeddable":true,"href":"https:\/\/linitiative.ca\/International\/wp-json\/wp\/v2\/users\/1763"}],"replies":[{"embeddable":true,"href":"https:\/\/linitiative.ca\/International\/wp-json\/wp\/v2\/comments?post=22041"}],"version-history":[{"count":0,"href":"https:\/\/linitiative.ca\/International\/wp-json\/wp\/v2\/posts\/22041\/revisions"}],"wp:featuredmedia":[{"embeddable":true,"href":"https:\/\/linitiative.ca\/International\/wp-json\/"}],"wp:attachment":[{"href":"https:\/\/linitiative.ca\/International\/wp-json\/wp\/v2\/media?parent=22041"}],"wp:term":[{"taxonomy":"category","embeddable":true,"href":"https:\/\/linitiative.ca\/International\/wp-json\/wp\/v2\/categories?post=22041"},{"taxonomy":"post_tag","embeddable":true,"href":"https:\/\/linitiative.ca\/International\/wp-json\/wp\/v2\/tags?post=22041"}],"curies":[{"name":"wp","href":"https:\/\/api.w.org\/{rel}","templated":true}]}}