{"id":22065,"date":"2019-03-15T15:14:20","date_gmt":"2019-03-15T19:14:20","guid":{"rendered":"https:\/\/linitiative.ca\/International\/pros-om-enorme-retour-de-flamme-pour-yacine-brahimi\/"},"modified":"2019-03-15T15:14:20","modified_gmt":"2019-03-15T19:14:20","slug":"pros-om-enorme-retour-de-flamme-pour-yacine-brahimi","status":"publish","type":"post","link":"https:\/\/linitiative.ca\/International\/pros-om-enorme-retour-de-flamme-pour-yacine-brahimi\/","title":{"rendered":"Pros : OM : \u00c9norme retour de flamme pour Yacine Brahimi ?"},"content":{"rendered":"<div readability=\"32\">\n<p>Auteur : <span class=\"time\">vendredi 15 mars 2019 14:32<\/span><\/p>\n<\/div>\n<div id=\"post_core\" readability=\"41\">\n<p>Apr\u00e8s un d\u00e9but de saison compliqu\u00e9, l\u2019Olympique de Marseille a redress\u00e9 la barre et se retrouve d\u00e9sormais \u00e0 trois points du podium. Et en interne, la direction du club phoc\u00e9en commencerait d\u00e9j\u00e0 \u00e0 travailler sur la saison prochaine. Il faut dire que l\u2019OM aura la volont\u00e9 de r\u00e9ussir son mercato, un an apr\u00e8s avoir connu quelques \u00e9checs. Et la priorit\u00e9 pourrait bien se tourner vers le secteur offensif. Et selon les informations du Correio da Manh\u00e3, l\u2019Olympique de Marseille serait toujours \u00e0 l\u2019aff\u00fbt pour Yacine Brahimi (29 ans). Il faut dire que l\u2019international alg\u00e9rien n\u2019a toujours pas prolong\u00e9 son bail avec le FC Porto qui prend fin en juin prochain. Par cons\u00e9quent, l\u2019ancien Rennais peut n\u00e9gocier avec le club de son choix, et l\u2019OM compterait bien en profiter pour l\u2019attirer libre de tout contrat l\u2019\u00e9t\u00e9 prochain rapporte Le 10 Sport.<\/p>\n<p><strong>Publi\u00e9 dans :<\/strong> <span>Brahimi<\/span><\/p>\n<\/div>\n<p>Auteur:<br \/>\n<a href=\"http:\/\/www.lebuteur.com\/article\/detail?titre=om-enorme-retour-de-flamme-pour-yacine-brahimi&#038;id=87171&#038;utm_source=feedburner&#038;utm_medium=feed&#038;utm_campaign=Feed%3A+GalerieFArtciles+%28Les+derniers+articles++-+lebuteur.com%29\">Cliquez ici pour lire l&rsquo;article depuis sa source.<\/a><\/p>\n","protected":false},"excerpt":{"rendered":"<p>Auteur : vendredi 15 mars 2019 14:32 Apr\u00e8s un d\u00e9but de saison compliqu\u00e9, l\u2019Olympique de Marseille a redress\u00e9 la barre et se retrouve d\u00e9sormais \u00e0 trois points du podium. Et en interne, la direction du club phoc\u00e9en commencerait d\u00e9j\u00e0 \u00e0 travailler sur la saison prochaine. Il faut dire que l\u2019OM aura la volont\u00e9 de r\u00e9ussir [&hellip;]<\/p>\n","protected":false},"author":1738,"featured_media":22066,"comment_status":"closed","ping_status":"closed","sticky":false,"template":"","format":"standard","meta":{"fifu_image_url":"","fifu_image_alt":"","footnotes":""},"categories":[53,75],"tags":[],"class_list":["post-22065","post","type-post","status-publish","format-standard","has-post-thumbnail","hentry","category-algerie","category-sport"],"_links":{"self":[{"href":"https:\/\/linitiative.ca\/International\/wp-json\/wp\/v2\/posts\/22065","targetHints":{"allow":["GET"]}}],"collection":[{"href":"https:\/\/linitiative.ca\/International\/wp-json\/wp\/v2\/posts"}],"about":[{"href":"https:\/\/linitiative.ca\/International\/wp-json\/wp\/v2\/types\/post"}],"author":[{"embeddable":true,"href":"https:\/\/linitiative.ca\/International\/wp-json\/wp\/v2\/users\/1738"}],"replies":[{"embeddable":true,"href":"https:\/\/linitiative.ca\/International\/wp-json\/wp\/v2\/comments?post=22065"}],"version-history":[{"count":0,"href":"https:\/\/linitiative.ca\/International\/wp-json\/wp\/v2\/posts\/22065\/revisions"}],"wp:featuredmedia":[{"embeddable":true,"href":"https:\/\/linitiative.ca\/International\/wp-json\/"}],"wp:attachment":[{"href":"https:\/\/linitiative.ca\/International\/wp-json\/wp\/v2\/media?parent=22065"}],"wp:term":[{"taxonomy":"category","embeddable":true,"href":"https:\/\/linitiative.ca\/International\/wp-json\/wp\/v2\/categories?post=22065"},{"taxonomy":"post_tag","embeddable":true,"href":"https:\/\/linitiative.ca\/International\/wp-json\/wp\/v2\/tags?post=22065"}],"curies":[{"name":"wp","href":"https:\/\/api.w.org\/{rel}","templated":true}]}}