{"id":22067,"date":"2019-03-15T15:14:21","date_gmt":"2019-03-15T19:14:21","guid":{"rendered":"https:\/\/linitiative.ca\/International\/international-real-madrid-un-premier-choix-fort-de-zidane-avec-benzema\/"},"modified":"2019-03-15T15:14:21","modified_gmt":"2019-03-15T19:14:21","slug":"international-real-madrid-un-premier-choix-fort-de-zidane-avec-benzema","status":"publish","type":"post","link":"https:\/\/linitiative.ca\/International\/international-real-madrid-un-premier-choix-fort-de-zidane-avec-benzema\/","title":{"rendered":"International : Real Madrid : Un premier choix fort de Zidane avec Benzema ?"},"content":{"rendered":"<div readability=\"32\">\n<p>Auteur : <span class=\"time\">vendredi 15 mars 2019 14:36<\/span><\/p>\n<\/div>\n<div id=\"post_core\" readability=\"44\">\n<p>Le retour de Zinedine Zidane change clairement la donne pour le mercato du Real Madrid. Le technicien fran\u00e7ais a obtenu les pleins pouvoirs et devrait prendre des d\u00e9cisions radicales. Un recrutement galactique est ainsi attendu puisque les noms de Kylian Mbapp\u00e9, Eden Hazard ou encore Neymar et Paul Pogba circulent. Mais du c\u00f4t\u00e9 des d\u00e9parts aussi cela risque de bouger puisque Zinedine Zidane pourrait prendre des d\u00e9cisions radicales. Et selon les informations d\u2019OkDiario, le premier choix de Zinedine Zidane est de conserver Karim Benzema. Aux yeux du technicien fran\u00e7ais, son compatriote est \u00ab intouchable \u00bb et lui accorde une \u00ab confiance totale \u00bb pour la saison prochaine. Par cons\u00e9quent, dans l\u2019esprit de Zinedine Zidane, tout est clair, Karim Benzema ne quittera pas le Real Madrid l\u2019\u00e9t\u00e9 prochain. D\u00e9j\u00e0 indispensable lors du premier passage de Zidane sur le banc merengue, l\u2019ancien Lyonnais sera donc encore une fois une pi\u00e8ce maitresse de la Casa Blanca rapporte Le 10 Sport.<\/p>\n<p><strong>Publi\u00e9 dans :<\/strong> <span>Zidane<\/span> <span>benzema<\/span><\/p>\n<\/div>\n<p>Auteur:<br \/>\n<a href=\"http:\/\/www.lebuteur.com\/article\/detail?titre=real-madrid-un-premier-choix-fort-de-zidane-avec-benzema&#038;id=87172&#038;utm_source=feedburner&#038;utm_medium=feed&#038;utm_campaign=Feed%3A+GalerieFArtciles+%28Les+derniers+articles++-+lebuteur.com%29\">Cliquez ici pour lire l&rsquo;article depuis sa source.<\/a><\/p>\n","protected":false},"excerpt":{"rendered":"<p>Auteur : vendredi 15 mars 2019 14:36 Le retour de Zinedine Zidane change clairement la donne pour le mercato du Real Madrid. Le technicien fran\u00e7ais a obtenu les pleins pouvoirs et devrait prendre des d\u00e9cisions radicales. Un recrutement galactique est ainsi attendu puisque les noms de Kylian Mbapp\u00e9, Eden Hazard ou encore Neymar et Paul [&hellip;]<\/p>\n","protected":false},"author":1738,"featured_media":22068,"comment_status":"closed","ping_status":"closed","sticky":false,"template":"","format":"standard","meta":{"fifu_image_url":"","fifu_image_alt":"","footnotes":""},"categories":[53,75],"tags":[],"class_list":["post-22067","post","type-post","status-publish","format-standard","has-post-thumbnail","hentry","category-algerie","category-sport"],"_links":{"self":[{"href":"https:\/\/linitiative.ca\/International\/wp-json\/wp\/v2\/posts\/22067","targetHints":{"allow":["GET"]}}],"collection":[{"href":"https:\/\/linitiative.ca\/International\/wp-json\/wp\/v2\/posts"}],"about":[{"href":"https:\/\/linitiative.ca\/International\/wp-json\/wp\/v2\/types\/post"}],"author":[{"embeddable":true,"href":"https:\/\/linitiative.ca\/International\/wp-json\/wp\/v2\/users\/1738"}],"replies":[{"embeddable":true,"href":"https:\/\/linitiative.ca\/International\/wp-json\/wp\/v2\/comments?post=22067"}],"version-history":[{"count":0,"href":"https:\/\/linitiative.ca\/International\/wp-json\/wp\/v2\/posts\/22067\/revisions"}],"wp:featuredmedia":[{"embeddable":true,"href":"https:\/\/linitiative.ca\/International\/wp-json\/"}],"wp:attachment":[{"href":"https:\/\/linitiative.ca\/International\/wp-json\/wp\/v2\/media?parent=22067"}],"wp:term":[{"taxonomy":"category","embeddable":true,"href":"https:\/\/linitiative.ca\/International\/wp-json\/wp\/v2\/categories?post=22067"},{"taxonomy":"post_tag","embeddable":true,"href":"https:\/\/linitiative.ca\/International\/wp-json\/wp\/v2\/tags?post=22067"}],"curies":[{"name":"wp","href":"https:\/\/api.w.org\/{rel}","templated":true}]}}