{"id":22096,"date":"2019-03-15T08:33:00","date_gmt":"2019-03-15T12:33:00","guid":{"rendered":"https:\/\/linitiative.ca\/International\/les-medecins-appellent-le-chef-de-gouvernement-a-assumer-ses-responsabilites\/"},"modified":"2019-03-15T08:33:00","modified_gmt":"2019-03-15T12:33:00","slug":"les-medecins-appellent-le-chef-de-gouvernement-a-assumer-ses-responsabilites","status":"publish","type":"post","link":"https:\/\/linitiative.ca\/International\/les-medecins-appellent-le-chef-de-gouvernement-a-assumer-ses-responsabilites\/","title":{"rendered":"Les m\u00e9decins appellent le chef de Gouvernement \u00ab \u00e0 assumer ses responsabilit\u00e9s\u00bb"},"content":{"rendered":"<p>\u00a0R\u00e9unis au cours d\u2019une assembl\u00e9e g\u00e9n\u00e9rale extraordinaire le mercredi 13 Mars \u00e0 la Facult\u00e9 de m\u00e9decine de Tunis suite au d\u00e9c\u00e8s des nouveaux n\u00e9s, au service de n\u00e9onatologie \u00e0 la RABTA, les m\u00e9decins tunisiens expriment dans un communiqu\u00e9 \u00ab leur total soutien \u00e0 leurs confr\u00e8res m\u00e9decins\u00a0 et \u00e0 tout le cadre param\u00e9dical travaillant dans le service de n\u00e9onatologie\u00bb. Ils rappellent \u00abqu&rsquo;ils avaient alert\u00e9\u00a0l\u2019opinion publique et le gouvernement et notamment le Chef du Gouvernement, \u00e0 travers une lettre ouverte sign\u00e9e par plus de 400 m\u00e9decins universitaires, quant \u00e0 l\u2019\u00e9tat catastrophique dans lequel se trouve nos h\u00f4pitaux , la d\u00e9gradation des conditions de travail, et l\u2019absence d\u2019\u00e9quipement minimal en rapport avec les difficult\u00e9s financi\u00e8res et l\u2019importance des dettes qui plombent nos h\u00f4pitaux et fait des propositions urgentes tout en d\u00e9plorant que\u00a0 \u00abcette lettre soit rest\u00e9e sans r\u00e9ponse\u00bb.<\/p>\n<p class=\"c2\"><img loading=\"lazy\" decoding=\"async\" src=\"\/uploads\/FCK_files\/received_394073027816961.jpg\" class=\"responsive_img\" width=\"700\" vspace=\"5\" hspace=\"5\" height=\"427\" align=\"middle\" alt=\"\"\/><\/p>\n<p>Ils expriment \u00ableur \u00e9tonnement face \u00e0 la fuite en avant du gouvernement dans son discours et son refus d\u2019assumer sa responsabilit\u00e9 dans l\u2019\u00e9tat catastrophique de la sant\u00e9 publique,\u00a0 leur refus \u00abd\u2019assumer seuls, la responsabilit\u00e9 de tels accidents inh\u00e9rents aux conditions de travail\u00bb et affirment \u00abqu&rsquo;ils ne travailleront plus en dehors des normes internationales (ratio m\u00e9decins, infirmiers\/malades, un patient par lit,\u00a0 \u00e9quipement sp\u00e9cifique par sp\u00e9cialit\u00e9\u2026)\u00bb.<\/p>\n<p>\u00abIls s&rsquo;engagent\u00bb, ainsi, \u00e0 \u00abfaire des audits internes dans tous les services hospitaliers afin d\u2019\u00e9tablir un \u00e9tat des lieux pr\u00e9cis,\u00a0 \u00abexigent\u00bb de fa\u00e7on urgente, la promulgation de la loi de la responsabilit\u00e9 m\u00e9dicale,\u00a0 et \u00abappellent\u00bb de nouveau le Chef du Gouvernement \u00e0 assumer ses responsabilit\u00e9s pour trouver des mesures urgentes afin de r\u00e9soudre le probl\u00e8me des dettes des h\u00f4pitaux et mettre en place les r\u00e9formes n\u00e9cessaires, en collaboration avec les diff\u00e9rents acteurs de la sant\u00e9, pour sauver ce secteur vital.<br \/>\u00a0<\/p>\n<p>Auteur:<br \/>\n<a href=\"https:\/\/www.leaders.com.tn\/article\/26697-medecins-reunis-au-cours-d-une-assemblee-generale-extraordinaire\">Cliquez ici pour lire l&rsquo;article depuis sa source.<\/a><\/p>\n","protected":false},"excerpt":{"rendered":"<p>\u00a0R\u00e9unis au cours d\u2019une assembl\u00e9e g\u00e9n\u00e9rale extraordinaire le mercredi 13 Mars \u00e0 la Facult\u00e9 de m\u00e9decine de Tunis suite au d\u00e9c\u00e8s des nouveaux n\u00e9s, au service de n\u00e9onatologie \u00e0 la RABTA, les m\u00e9decins tunisiens expriment dans un communiqu\u00e9 \u00ab leur total soutien \u00e0 leurs confr\u00e8res m\u00e9decins\u00a0 et \u00e0 tout le cadre param\u00e9dical travaillant dans le [&hellip;]<\/p>\n","protected":false},"author":1772,"featured_media":22097,"comment_status":"closed","ping_status":"closed","sticky":false,"template":"","format":"standard","meta":{"fifu_image_url":"","fifu_image_alt":"","footnotes":""},"categories":[73,55],"tags":[],"class_list":["post-22096","post","type-post","status-publish","format-standard","has-post-thumbnail","hentry","category-actualite","category-tunisie"],"_links":{"self":[{"href":"https:\/\/linitiative.ca\/International\/wp-json\/wp\/v2\/posts\/22096","targetHints":{"allow":["GET"]}}],"collection":[{"href":"https:\/\/linitiative.ca\/International\/wp-json\/wp\/v2\/posts"}],"about":[{"href":"https:\/\/linitiative.ca\/International\/wp-json\/wp\/v2\/types\/post"}],"author":[{"embeddable":true,"href":"https:\/\/linitiative.ca\/International\/wp-json\/wp\/v2\/users\/1772"}],"replies":[{"embeddable":true,"href":"https:\/\/linitiative.ca\/International\/wp-json\/wp\/v2\/comments?post=22096"}],"version-history":[{"count":0,"href":"https:\/\/linitiative.ca\/International\/wp-json\/wp\/v2\/posts\/22096\/revisions"}],"wp:featuredmedia":[{"embeddable":true,"href":"https:\/\/linitiative.ca\/International\/wp-json\/"}],"wp:attachment":[{"href":"https:\/\/linitiative.ca\/International\/wp-json\/wp\/v2\/media?parent=22096"}],"wp:term":[{"taxonomy":"category","embeddable":true,"href":"https:\/\/linitiative.ca\/International\/wp-json\/wp\/v2\/categories?post=22096"},{"taxonomy":"post_tag","embeddable":true,"href":"https:\/\/linitiative.ca\/International\/wp-json\/wp\/v2\/tags?post=22096"}],"curies":[{"name":"wp","href":"https:\/\/api.w.org\/{rel}","templated":true}]}}