{"id":22098,"date":"2019-03-15T08:57:00","date_gmt":"2019-03-15T12:57:00","guid":{"rendered":"https:\/\/linitiative.ca\/International\/la-coalition-pour-les-femmes-de-tunisie-appelle-a-une-grande-manifestation-ce-20-mars\/"},"modified":"2019-03-15T08:57:00","modified_gmt":"2019-03-15T12:57:00","slug":"la-coalition-pour-les-femmes-de-tunisie-appelle-a-une-grande-manifestation-ce-20-mars","status":"publish","type":"post","link":"https:\/\/linitiative.ca\/International\/la-coalition-pour-les-femmes-de-tunisie-appelle-a-une-grande-manifestation-ce-20-mars\/","title":{"rendered":"La Coalition pour les femmes de Tunisie appelle \u00e0 une grande manifestation ce 20 mars"},"content":{"rendered":"<p>La situation est alarmante en Tunisie estime nombre de composantes de la soci\u00e9t\u00e9 civile. D\u00e9gradation de services publics, lourdes menaces pesant sur l\u2019Administration, la sant\u00e9, l\u2019\u00e9ducation, et des atteintes aux droits et libert\u00e9s: la mobilisation s\u2019impose pour d\u00e9noncer et interpeller les pouvoirs publics. C\u2019est ainsi qu\u2019en partenariat avec des associations actives dans la soci\u00e9t\u00e9 civile d\u00e9mocratique et des personnalit\u00e9s publiques progressistes ind\u00e9pendantes, le r\u00e9seau Coalition pour les femmes de Tunisie appelle \u00e0 une manifestation de masse ce mercredi 20 mars 2019, \u00e0 partir de 10h, devant le th\u00e9\u00e2tre municipal de Tunis. Slogan f\u00e9d\u00e9rateur choisi: Unissons nos efforts pour consolider les fondements de l&rsquo;Etat civil et sauver les acquis de la sant\u00e9 publique et l&rsquo;\u00e9cole de la R\u00e9publique.<\/p>\n<p>Dans un manifeste publi\u00e9 \u00e0 cette occasion, le collectif explique les raisons de cette mobilisation:<\/p>\n<p>\u00c0 l&rsquo;occasion de la date symbolique du 20 mars, dans son illustration embl\u00e9matique des acquis de l&rsquo;Etat de l&rsquo;Ind\u00e9pendance qui a mis\u00e9 sur l\u2019avenir des nouvelles g\u00e9n\u00e9rations,<\/p>\n<p>Dans l\u2019esprit de notre attachement au droit du peuple tunisien \u00e0 fonder l\u2019Etat d\u00e9mocratique, civil et moderne pour lequel nous avons combattu et combattons afin de garantir la libert\u00e9, la dignit\u00e9, la justice et l&rsquo;\u00e9galit\u00e9,<\/p>\n<p>Face aux risques alarmants encourus par tous les services publics de notre pays , et devant la propagation de toutes les formes de corruption et les tentatives de mainmise sur\u00a0 les organes de l&rsquo;administration et des institutions de l&rsquo;Etat , portant ainsi atteinte au principe de neutralit\u00e9 et d\u2019ind\u00e9pendance des\u00a0 d\u00e9cisions, \u00e0 des fins partisanes et subjectives,<\/p>\n<p>Compte tenu de la propagation de l&rsquo;enseignement\u00a0 parall\u00e8le , des \u00e9coles \u00e9chappant au contr\u00f4le de l&rsquo;Etat, des\u00a0 menaces r\u00e9currentes\u00a0 \u00e0\u00a0 l\u2019avenir\u00a0 du pays et des nouvelles g\u00e9n\u00e9rations , visant\u00a0 le d\u00e9mant\u00e8lement\u00a0 du syst\u00e8me \u00e9ducatif national r\u00e9publicain fond\u00e9 sur la raison et l\u2019esprit critique, dans le but de diviser la soci\u00e9t\u00e9 et provoquer la discorde entre les Tunisiens \u00e0 des fins id\u00e9ologiques et politiques \u00e9troites,<\/p>\n<p>Compte tenu de la situation dramatique de nos h\u00f4pitaux , des dangers qui p\u00e8sent aujourd\u2019hui sur les droits citoyens \u00e0 la sant\u00e9 , du d\u00e9veloppement d\u2019une m\u00e9decine \u00e0 deux vitesses (publique et priv\u00e9e), et d\u2019une s\u00e9curit\u00e9 sociale de plus en plus d\u00e9faillante , repr\u00e9sentant la preuve la plus scandaleuse d\u2019un traitement qui viole les droits humains \u00e0 la dignit\u00e9,<\/p>\n<p>En reconnaissance au sang des martyrs qui ont sacrifi\u00e9 leur vie pour que nous soyons lib\u00e9r\u00e9s, au sang de ceux dont les dossiers d&rsquo;assassinat sont demeur\u00e9s non r\u00e9solus, du fait de complicit\u00e9s politiques et l\u2019accroissement du terrorisme,<\/p>\n<p>En renfor\u00e7ant\u00a0 le partenariat, la concertation et en mettant nos efforts en commun loin des int\u00e9r\u00eats sectaires face \u00e0 un contexte critique et d\u00e9l\u00e9t\u00e8re, en donnant la primaut\u00e9 \u00e0 l&rsquo;int\u00e9r\u00eat sup\u00e9rieur de notre pays et en insistant sur la n\u00e9cessit\u00e9 de d\u00e9passer les attitudes n\u00e9gatives, vers l&rsquo;action et la prise de d\u00e9cision,<\/p>\n<p>Pour soutenir les luttes continues le long de l&rsquo;histoire ancienne et moderne, et dans le cadre d&rsquo;une vision strat\u00e9gique et d&rsquo;objectifs\u00a0 sp\u00e9cifiques\u00a0 qui tiennent compte du droit des g\u00e9n\u00e9rations futures \u00e0 \u00e9tablir le syst\u00e8me d\u00e9mocratique souhait\u00e9, cette manifestation est urgente.<\/p>\n<p>Auteur:<br \/>\n<a href=\"https:\/\/www.leaders.com.tn\/article\/26698-la-coalition-pour-les-femmes-de-tunisie-appelle-a-une-grande-manifestation-ce-20-mars\">Cliquez ici pour lire l&rsquo;article depuis sa source.<\/a><\/p>\n","protected":false},"excerpt":{"rendered":"<p>La situation est alarmante en Tunisie estime nombre de composantes de la soci\u00e9t\u00e9 civile. D\u00e9gradation de services publics, lourdes menaces pesant sur l\u2019Administration, la sant\u00e9, l\u2019\u00e9ducation, et des atteintes aux droits et libert\u00e9s: la mobilisation s\u2019impose pour d\u00e9noncer et interpeller les pouvoirs publics. C\u2019est ainsi qu\u2019en partenariat avec des associations actives dans la soci\u00e9t\u00e9 civile [&hellip;]<\/p>\n","protected":false},"author":1772,"featured_media":0,"comment_status":"closed","ping_status":"closed","sticky":false,"template":"","format":"standard","meta":{"fifu_image_url":"","fifu_image_alt":"","footnotes":""},"categories":[73,55],"tags":[],"class_list":["post-22098","post","type-post","status-publish","format-standard","hentry","category-actualite","category-tunisie"],"_links":{"self":[{"href":"https:\/\/linitiative.ca\/International\/wp-json\/wp\/v2\/posts\/22098","targetHints":{"allow":["GET"]}}],"collection":[{"href":"https:\/\/linitiative.ca\/International\/wp-json\/wp\/v2\/posts"}],"about":[{"href":"https:\/\/linitiative.ca\/International\/wp-json\/wp\/v2\/types\/post"}],"author":[{"embeddable":true,"href":"https:\/\/linitiative.ca\/International\/wp-json\/wp\/v2\/users\/1772"}],"replies":[{"embeddable":true,"href":"https:\/\/linitiative.ca\/International\/wp-json\/wp\/v2\/comments?post=22098"}],"version-history":[{"count":0,"href":"https:\/\/linitiative.ca\/International\/wp-json\/wp\/v2\/posts\/22098\/revisions"}],"wp:attachment":[{"href":"https:\/\/linitiative.ca\/International\/wp-json\/wp\/v2\/media?parent=22098"}],"wp:term":[{"taxonomy":"category","embeddable":true,"href":"https:\/\/linitiative.ca\/International\/wp-json\/wp\/v2\/categories?post=22098"},{"taxonomy":"post_tag","embeddable":true,"href":"https:\/\/linitiative.ca\/International\/wp-json\/wp\/v2\/tags?post=22098"}],"curies":[{"name":"wp","href":"https:\/\/api.w.org\/{rel}","templated":true}]}}