{"id":22107,"date":"2019-03-15T08:19:56","date_gmt":"2019-03-15T12:19:56","guid":{"rendered":"https:\/\/linitiative.ca\/International\/maroc-les-priorites-de-la-banque-mondiale-pour-les-six-prochaines-annees\/"},"modified":"2019-03-15T08:19:56","modified_gmt":"2019-03-15T12:19:56","slug":"maroc-les-priorites-de-la-banque-mondiale-pour-les-six-prochaines-annees","status":"publish","type":"post","link":"https:\/\/linitiative.ca\/International\/maroc-les-priorites-de-la-banque-mondiale-pour-les-six-prochaines-annees\/","title":{"rendered":"Maroc\u00a0: les priorit\u00e9s de la Banque mondiale pour les six prochaines ann\u00e9es"},"content":{"rendered":"<p>C\u2019est un nouveau cap dans la coop\u00e9ration entre le Maroc et le <strong>groupe Banque mondiale<\/strong>. L\u2019institution financi\u00e8re internationale vient en effet de d\u00e9voiler son nouveau cadre de partenariat avec le Royaume. Et, le moins que l\u2019on puisse dire, c\u2019est que la Banque mondiale pr\u00e9pare une nouvelle mont\u00e9e en r\u00e9gime de ses op\u00e9rations au Maroc.<\/p>\n<div class=\"c10\"\/>\n<p>Le nouveau <strong>cadre strat\u00e9gique<\/strong> auquel sont adoss\u00e9es les ambitions et actions du groupe BM pour le Royaume pour les six prochaines ann\u00e9es a \u00e9t\u00e9 d\u00e9voil\u00e9 lors d\u2019une rencontre de grande envergure tenue \u00e0 Rabat le 14 mars, en pr\u00e9sence du ministre des Affaires g\u00e9n\u00e9rales et de la gouvernance, Lahcen Daoudi.<\/p>\n<p>Pour Marie Fran\u00e7oise Marie-Nelly, Directrice des op\u00e9rations de la Banque mondiale pour le Maghreb et Malte, ce nouveau cadre de partenariat-pays vise \u00e0 accompagner la <strong>bonne dynamique<\/strong> que conna\u00eet le Royaume sur plusieurs plans (transition d\u00e9mographique, urbanisation, infrastructures\u2026). Soulignons aussi que le conseil d\u2019administration de la BM a d\u00e9cid\u00e9 d\u2019accorder au Maroc un montant de 700 millions de dollars afin d\u2019acc\u00e9l\u00e9rer, entre autres, l\u2019adoption des technologies num\u00e9riques pour en faire une source d\u2019emplois, de <strong>croissance<\/strong> et de services de meilleure qualit\u00e9. Force est de noter que le nouveau cadre de partenariat avec le Maroc est ax\u00e9 sur trois principaux piliers.<\/p>\n<p>\u00ab\u00a0Le premier axe strat\u00e9gique devrait permettre \u00e0 la Banque mondiale d\u2019aider le Maroc \u00e0 accro\u00eetre la concurrence et am\u00e9liorer l\u2019environnement des entreprises, en particulier pour les PME. De m\u00eame, l\u2019ensemble des institutions du groupe Banque mondiale, \u00e0 savoir la BIRD, l\u2019IFC et la MIGA, oeuvreront de sorte \u00e0 optimiser les ressources dont dispose le Maroc pour son d\u00e9veloppement en faisant appel aux financements priv\u00e9s et aussi aux solutions viables offertes par le secteur priv\u00e9\u00a0\u00bb, a d\u00e9taill\u00e9 Marie Fran\u00e7oise Marie-Nelly.<\/p>\n<p>Le deuxi\u00e8me axe strat\u00e9gique concerne notamment le renforcement du <strong>capital humain<\/strong> sur lequel l\u2019institution financi\u00e8re internationale met un accent particulier. Il sera surtout question, \u00e0 ce niveau, de moderniser les filets de protection sociale et am\u00e9liorer les performances du secteur de la sant\u00e9. Et en troisi\u00e8me position, l\u2019action de la Banque mondiale se focalisera sur les r\u00e9gions les moins d\u00e9velopp\u00e9es du Royaume. \u00ab\u00a0La <strong>bonne gouvernance<\/strong> qui constitue l\u2019axe centrale de la mise en \u0153uvre effective du soutien du groupe de la Banque mondiale, sera une composante fondamentale des trois piliers\u00a0\u00bb, a assur\u00e9 la directrice des op\u00e9rations de la Banque Mondiale pour le Maghreb.<\/p>\n<p>Pour sa part, \u00a0Lahcen Daoudi a mis l\u2019accent sur quelques points cl\u00e9s. \u00ab\u00a0Poursuivre les <strong>investissements<\/strong> pour le d\u00e9veloppement de nos infrastructures est vital. Mais il ne faut pas s\u2019attendre imm\u00e9diatement \u00e0 ce que les effets sur la cr\u00e9ation d\u2019emplois soient visibles. Il faut du temps et, surtout, beaucoup de suivi. Jusque-l\u00e0, le <strong>gouvernement<\/strong> ne mobilisait ses ressources que pour suivre l\u2019\u00e9tat d\u2019avancement de quelques chantiers. Aujourd\u2019hui, gr\u00e2ce aux outils fournis par ce nouveau cadre de partenariat, nous sommes en mesure d\u2019assurer le suivi de l\u2019ensemble des chantiers lanc\u00e9s \u00bb, a-t-il soulign\u00e9.<\/p>\n<div class=\"c17\">\n<fieldset class=\"c16\">\n<legend><strong><span class=\"c11\">Challenge<\/span><span class=\"c12\">news<\/span><\/strong><\/legend>\n<div class=\"c15\">Le meilleur de la r\u00e9daction s\u00e9lectionn\u00e9 par Challenge :<\/p>\n<\/div>\n<\/fieldset>\n<\/div>\n<p>Auteur: Roland Amoussou<br \/>\n<a href=\"https:\/\/www.challenge.ma\/maroc-les-priorites-de-la-banque-mondiale-pour-les-six-prochaines-annees-106175\/\">Cliquez ici pour lire l&rsquo;article depuis sa source.<\/a><\/p>\n","protected":false},"excerpt":{"rendered":"<p>C\u2019est un nouveau cap dans la coop\u00e9ration entre le Maroc et le groupe Banque mondiale. L\u2019institution financi\u00e8re internationale vient en effet de d\u00e9voiler son nouveau cadre de partenariat avec le Royaume. Et, le moins que l\u2019on puisse dire, c\u2019est que la Banque mondiale pr\u00e9pare une nouvelle mont\u00e9e en r\u00e9gime de ses op\u00e9rations au Maroc. Le [&hellip;]<\/p>\n","protected":false},"author":1787,"featured_media":0,"comment_status":"closed","ping_status":"closed","sticky":false,"template":"","format":"standard","meta":{"fifu_image_url":"","fifu_image_alt":"","footnotes":""},"categories":[78,54],"tags":[],"class_list":["post-22107","post","type-post","status-publish","format-standard","hentry","category-economie","category-maroc"],"_links":{"self":[{"href":"https:\/\/linitiative.ca\/International\/wp-json\/wp\/v2\/posts\/22107","targetHints":{"allow":["GET"]}}],"collection":[{"href":"https:\/\/linitiative.ca\/International\/wp-json\/wp\/v2\/posts"}],"about":[{"href":"https:\/\/linitiative.ca\/International\/wp-json\/wp\/v2\/types\/post"}],"author":[{"embeddable":true,"href":"https:\/\/linitiative.ca\/International\/wp-json\/wp\/v2\/users\/1787"}],"replies":[{"embeddable":true,"href":"https:\/\/linitiative.ca\/International\/wp-json\/wp\/v2\/comments?post=22107"}],"version-history":[{"count":0,"href":"https:\/\/linitiative.ca\/International\/wp-json\/wp\/v2\/posts\/22107\/revisions"}],"wp:attachment":[{"href":"https:\/\/linitiative.ca\/International\/wp-json\/wp\/v2\/media?parent=22107"}],"wp:term":[{"taxonomy":"category","embeddable":true,"href":"https:\/\/linitiative.ca\/International\/wp-json\/wp\/v2\/categories?post=22107"},{"taxonomy":"post_tag","embeddable":true,"href":"https:\/\/linitiative.ca\/International\/wp-json\/wp\/v2\/tags?post=22107"}],"curies":[{"name":"wp","href":"https:\/\/api.w.org\/{rel}","templated":true}]}}