{"id":22124,"date":"2019-03-14T18:18:15","date_gmt":"2019-03-14T22:18:15","guid":{"rendered":"https:\/\/linitiative.ca\/International\/centre-de-promotion-rurale-de-dionkele-fin-de-formation-pour-50-entrepreneurs-agricoles\/"},"modified":"2019-03-14T18:18:15","modified_gmt":"2019-03-14T22:18:15","slug":"centre-de-promotion-rurale-de-dionkele-fin-de-formation-pour-50-entrepreneurs-agricoles","status":"publish","type":"post","link":"https:\/\/linitiative.ca\/International\/centre-de-promotion-rurale-de-dionkele-fin-de-formation-pour-50-entrepreneurs-agricoles\/","title":{"rendered":"Centre de promotion rurale de Dionk\u00e9l\u00e9 : Fin de formation pour 50 entrepreneurs agricoles"},"content":{"rendered":"<div class=\"td-post-featured-image\" readability=\"36\"><a href=\"https:\/\/i1.wp.com\/www.sidwaya.info\/wp-content\/uploads\/2019\/03\/donkele.jpg?fit=700%2C525&#038;ssl=1\" data-caption=\"Le secr\u00e9taire g\u00e9n\u00e9ral de la r\u00e9gion, Sayouba Sawadogo, repr\u00e9sentant le parrain, remettant \u00e0 un des laur\u00e9ats son attestation et son kit pour d\u00e9marrer son projet agricole\"><img loading=\"lazy\" decoding=\"async\" width=\"696\" height=\"522\" class=\"entry-thumb td-modal-image\" src=\"https:\/\/i1.wp.com\/www.sidwaya.info\/wp-content\/uploads\/2019\/03\/donkele.jpg?resize=696%2C522&#038;ssl=1\" srcset=\"https:\/\/i1.wp.com\/www.sidwaya.info\/wp-content\/uploads\/2019\/03\/donkele.jpg?w=700&#038;ssl=1 700w, https:\/\/i1.wp.com\/www.sidwaya.info\/wp-content\/uploads\/2019\/03\/donkele.jpg?resize=300%2C225&#038;ssl=1 300w, https:\/\/i1.wp.com\/www.sidwaya.info\/wp-content\/uploads\/2019\/03\/donkele.jpg?resize=80%2C60&#038;ssl=1 80w, https:\/\/i1.wp.com\/www.sidwaya.info\/wp-content\/uploads\/2019\/03\/donkele.jpg?resize=265%2C198&#038;ssl=1 265w, https:\/\/i1.wp.com\/www.sidwaya.info\/wp-content\/uploads\/2019\/03\/donkele.jpg?resize=696%2C522&#038;ssl=1 696w, https:\/\/i1.wp.com\/www.sidwaya.info\/wp-content\/uploads\/2019\/03\/donkele.jpg?resize=560%2C420&#038;ssl=1 560w\" sizes=\"auto, (max-width: 696px) 100vw, 696px\" alt=\"\" title=\"donkele\"\/><\/a>Le secr\u00e9taire g\u00e9n\u00e9ral de la r\u00e9gion, Sayouba Sawadogo, repr\u00e9sentant le parrain, remettant \u00e0 un des laur\u00e9ats son attestation et son kit pour d\u00e9marrer son projet agricole<\/div>\n<div class=\"td-a-rec td-a-rec-id-content_top td_uid_30_5c8c1ca8bec2a_rand td_block_template_1\"><img loading=\"lazy\" decoding=\"async\" class=\"aligncenter size-full wp-image-4463\" src=\"https:\/\/www.sidwaya.info\/wp-content\/uploads\/2019\/02\/FESPACO-TOUR-2019-Bannie%CC%80re-728x90-1.jpg\" alt=\"\" width=\"728\" height=\"90\"\/><\/div>\n<p><strong>La 17e promotion des apprenants du Centre de promotion rurale de Dionk\u00e9l\u00e9, dans la commune de Kayan, province du K\u00e9n\u00e9dougou, a achev\u00e9 sa formation de deux ans en entrepreunariat agricole et artisanale moderne. Les laur\u00e9ats au nombre de 50 ont re\u00e7u le 12 mars 2019 au sein dudit centre, leurs attestations et des kits pour d\u00e9marrer leurs projets agricoles.<\/strong><\/p>\n<p>Le Centre de promotion rurale(CPR) de Dionk\u00e9l\u00e9, situ\u00e9 dans la commune de Kayan dans le K\u00e9n\u00e9dougou et \u00e0 125 kilom\u00e8tres de Bobo-Dioulasso a ouvert ses portes en 1956 et r\u00e9troc\u00e9d\u00e9 \u00e0 l\u2019Etat en 1967. Il forme depuis 1984 dans les domaines de productions agricoles et d\u2019\u00e9levage.<\/p>\n<p>Les apprenants qui se sont succ\u00e9d\u00e9 dans cette \u00e9cole sont \u00e0 leur 17e promotion. Recrut\u00e9s en mars 2017 dans les r\u00e9gions des Hauts-Bassins et des Cascades, les \u00e9l\u00e8ves au nombre de 50 (36 hommes et 14 femmes), ont achev\u00e9 leur formation apr\u00e8s deux ans pass\u00e9s au CPR. Ils ont re\u00e7u le 12 mars 2019 leurs attestations.<\/p>\n<p>La c\u00e9r\u00e9monie de sortie qui a mobilis\u00e9 des autorit\u00e9s de la r\u00e9gion des Hauts-Bassins et du minist\u00e8re de l\u2019Agriculture et des Am\u00e9nagements hydro agricoles, \u00e9tait parrain\u00e9e par le gouverneur des Hauts-Bassins, Antoine Atiou et plac\u00e9e sous le coparrainage du PDG de la soci\u00e9t\u00e9 NAFASO, Abdoulaye Sawadogo. A l\u2019occasion, le d\u00e9l\u00e9gu\u00e9 des apprenants, Oumar Famory Ouattara, a soutenu qu\u2019ils ont acquis de nouvelles techniques de productions agricoles et d\u2019\u00e9levage qui leur permettront \u00abde devenir des entrepreneurs agricoles\u00bb.<\/p>\n<p>La p\u00e9riode d\u2019apprentissage pratique leur a permis selon lui, de produire 45 tonnes de riz paddy, 17 tonnes de ma\u00efs et de l\u00e9gumineuses, 100 tonnes de culture maraich\u00e8re, une cinquantaine de porcins, des dizaines de litres de miel et 3000 boules de savon. Le d\u00e9l\u00e9gu\u00e9 des \u00e9l\u00e8ves a n\u00e9anmoins soulev\u00e9 quelques pr\u00e9occupations dont la r\u00e9solution permettra au centre d\u2019\u00eatre encore plus op\u00e9rationnel.<\/p>\n<p>Il s\u2019agit notamment de l\u2019impraticabilit\u00e9 de la voie menant au centre, la non fonctionnalit\u00e9 de certaines unit\u00e9s de productions, le manque de moyen de transport en commun. Ils ont \u00e9galement souhait\u00e9 que le CPR leur d\u00e9cerne un Certificat de qualification professionnelle d\u00e8s la fin de leur formation.<\/p>\n<h3>800 kg de semences am\u00e9lior\u00e9es offert par le parrain<\/h3>\n<p><img loading=\"lazy\" decoding=\"async\" class=\"size-medium wp-image-5561\" src=\"https:\/\/i2.wp.com\/www.sidwaya.info\/wp-content\/uploads\/2019\/03\/donkele2.jpg?resize=300%2C225&#038;ssl=1\" alt=\"\" width=\"300\" height=\"225\" srcset=\"https:\/\/i2.wp.com\/www.sidwaya.info\/wp-content\/uploads\/2019\/03\/donkele2.jpg?resize=300%2C225&#038;ssl=1 300w, https:\/\/i2.wp.com\/www.sidwaya.info\/wp-content\/uploads\/2019\/03\/donkele2.jpg?resize=80%2C60&#038;ssl=1 80w, https:\/\/i2.wp.com\/www.sidwaya.info\/wp-content\/uploads\/2019\/03\/donkele2.jpg?resize=265%2C198&#038;ssl=1 265w, https:\/\/i2.wp.com\/www.sidwaya.info\/wp-content\/uploads\/2019\/03\/donkele2.jpg?resize=696%2C522&#038;ssl=1 696w, https:\/\/i2.wp.com\/www.sidwaya.info\/wp-content\/uploads\/2019\/03\/donkele2.jpg?resize=560%2C420&#038;ssl=1 560w, https:\/\/i2.wp.com\/www.sidwaya.info\/wp-content\/uploads\/2019\/03\/donkele2.jpg?w=700&#038;ssl=1 700w\" sizes=\"auto, (max-width: 300px) 100vw, 300px\" data-recalc-dims=\"1\"\/>Les invit\u00e9s ont visit\u00e9 les r\u00e9alisations des apprenants du CPR<br \/>de Dionk\u00e9l\u00e9<\/p>\n<p>Le directeur du CPR de Dionk\u00e9l\u00e9, Urbain Traor\u00e9, a ajout\u00e9 toujours au titre des pr\u00e9occupations, l\u2019am\u00e9nagement d\u2019un bas-fond rizicole de 30 hectares et la construction de magasin de conservation d\u2019oignons. M Traor\u00e9 a prodigu\u00e9 des conseils aux apprenants sortants en ces termes \u00aballez reproduire ce que vous avez appris au centre. Commencez avec vos minimes moyens avant de chercher \u00e0 r\u00eaver grand.<\/p>\n<p>Sachez que l\u2019alcoolisme, le tabagisme, la toxicomanie sont des fl\u00e9aux qui entravent vos succ\u00e8s. Soyez \u00e9galement des mod\u00e8les dans la facilitation de l\u2019accompagnement en milieu rural\u00bb. Le repr\u00e9sentant du parrain, Idrissa Sawdogo, directeur technique de NAFASO, a abond\u00e9 dans le m\u00eame sens. Il les aussi invit\u00e9s \u00e0 mettre \u00e0 profit la formation qui, selon lui, est la porte d\u2019entr\u00e9e pour la promotion de l\u2019entreprenariat agricole et artisanale, l\u2019intensification des productions agrosylvopastorales, l\u2019utilisation des semences de vari\u00e9t\u00e9s am\u00e9lior\u00e9es pour plus de productivit\u00e9.<\/p>\n<p>\u00abSe mettre \u00e0 son propre compte comme vous allez le faire, exige aussi beaucoup de courage et de volont\u00e9. Les sacrifices \u00e0 consentir sont nombreux et nous les consid\u00e9rons comme des prix \u00e0 payer pour \u00eatre un bon entrepreneur\u00bb, a dit Idrissa Sawadogo \u00e0 ses filleuls. Il les a appel\u00e9s \u00e0 \u00eatre vertueux en toute circonstance et de ne jamais c\u00e9der face \u00e0 la toute-puissance de l\u2019avoir facile. Le PDG de NAFASO, a offert aux apprenants, 800 kg de semences am\u00e9lior\u00e9es de mais pour les accompagner. En plus du cadeau du parrain, chaque apprenant a re\u00e7u une attestation de fin de formation et des kits d\u2019installation dans leur mileu respectif.<\/p>\n<p class=\"c1\"><strong>Adaman DRABO<\/strong><\/p>\n<div class=\"td-a-rec td-a-rec-id-content_bottom td_uid_31_5c8c1ca8bedd0_rand td_block_template_1\"><img loading=\"lazy\" decoding=\"async\" class=\"alignright size-full wp-image-1724\" src=\"https:\/\/www.sidwaya.info\/wp-content\/uploads\/2018\/12\/sidwaya-pub.jpg\" alt=\"\" width=\"720\" height=\"90\"\/><\/div>\n<p>Auteur: JK. Sidwaya<br \/>\n<a href=\"https:\/\/www.sidwaya.info\/blog\/2019\/03\/14\/centre-de-promotion-rurale-de-dionkele-fin-de-formation-pour-50-entrepreneurs-agricoles\/\">Cliquez ici pour lire l&rsquo;article depuis sa source.<\/a><\/p>\n","protected":false},"excerpt":{"rendered":"<p>Le secr\u00e9taire g\u00e9n\u00e9ral de la r\u00e9gion, Sayouba Sawadogo, repr\u00e9sentant le parrain, remettant \u00e0 un des laur\u00e9ats son attestation et son kit pour d\u00e9marrer son projet agricole La 17e promotion des apprenants du Centre de promotion rurale de Dionk\u00e9l\u00e9, dans la commune de Kayan, province du K\u00e9n\u00e9dougou, a achev\u00e9 sa formation de deux ans en entrepreunariat [&hellip;]<\/p>\n","protected":false},"author":1816,"featured_media":0,"comment_status":"closed","ping_status":"closed","sticky":false,"template":"","format":"standard","meta":{"fifu_image_url":"","fifu_image_alt":"","footnotes":""},"categories":[73,81],"tags":[],"class_list":["post-22124","post","type-post","status-publish","format-standard","hentry","category-actualite","category-burkina-faso"],"_links":{"self":[{"href":"https:\/\/linitiative.ca\/International\/wp-json\/wp\/v2\/posts\/22124","targetHints":{"allow":["GET"]}}],"collection":[{"href":"https:\/\/linitiative.ca\/International\/wp-json\/wp\/v2\/posts"}],"about":[{"href":"https:\/\/linitiative.ca\/International\/wp-json\/wp\/v2\/types\/post"}],"author":[{"embeddable":true,"href":"https:\/\/linitiative.ca\/International\/wp-json\/wp\/v2\/users\/1816"}],"replies":[{"embeddable":true,"href":"https:\/\/linitiative.ca\/International\/wp-json\/wp\/v2\/comments?post=22124"}],"version-history":[{"count":0,"href":"https:\/\/linitiative.ca\/International\/wp-json\/wp\/v2\/posts\/22124\/revisions"}],"wp:attachment":[{"href":"https:\/\/linitiative.ca\/International\/wp-json\/wp\/v2\/media?parent=22124"}],"wp:term":[{"taxonomy":"category","embeddable":true,"href":"https:\/\/linitiative.ca\/International\/wp-json\/wp\/v2\/categories?post=22124"},{"taxonomy":"post_tag","embeddable":true,"href":"https:\/\/linitiative.ca\/International\/wp-json\/wp\/v2\/tags?post=22124"}],"curies":[{"name":"wp","href":"https:\/\/api.w.org\/{rel}","templated":true}]}}