{"id":22125,"date":"2019-03-14T18:28:51","date_gmt":"2019-03-14T22:28:51","guid":{"rendered":"https:\/\/linitiative.ca\/International\/occupation-anarchique-du-domaine-public-a-bobo-dioulasso-un-comite-charge-du-deguerpissement-bientot-operationnel\/"},"modified":"2019-03-14T18:28:51","modified_gmt":"2019-03-14T22:28:51","slug":"occupation-anarchique-du-domaine-public-a-bobo-dioulasso-un-comite-charge-du-deguerpissement-bientot-operationnel","status":"publish","type":"post","link":"https:\/\/linitiative.ca\/International\/occupation-anarchique-du-domaine-public-a-bobo-dioulasso-un-comite-charge-du-deguerpissement-bientot-operationnel\/","title":{"rendered":"Occupation anarchique du domaine public \u00e0 Bobo-Dioulasso : Un comit\u00e9 charg\u00e9 du d\u00e9guerpissement bient\u00f4t op\u00e9rationnel"},"content":{"rendered":"<div class=\"td-post-featured-image\" readability=\"38\"><a href=\"https:\/\/i2.wp.com\/www.sidwaya.info\/wp-content\/uploads\/2019\/03\/anarchique.jpg?fit=700%2C712&#038;ssl=1\" data-caption=\"Le maire de la commune de Bobo-Dioulasso, Bourahima Sanou : \u00abNous ne c\u00e9derons pas un centim\u00e8tre \u00e0 l\u2019indiscipline, au d\u00e9sordre, au refus d\u00e9lib\u00e9r\u00e9 de la citoyennet\u00e9 responsable, de la d\u00e9fiance de l\u2019autorit\u00e9\u00bb.\"><img loading=\"lazy\" decoding=\"async\" width=\"696\" height=\"708\" class=\"entry-thumb td-modal-image\" src=\"https:\/\/i2.wp.com\/www.sidwaya.info\/wp-content\/uploads\/2019\/03\/anarchique.jpg?resize=696%2C708&#038;ssl=1\" srcset=\"https:\/\/i2.wp.com\/www.sidwaya.info\/wp-content\/uploads\/2019\/03\/anarchique.jpg?w=700&#038;ssl=1 700w, https:\/\/i2.wp.com\/www.sidwaya.info\/wp-content\/uploads\/2019\/03\/anarchique.jpg?resize=295%2C300&#038;ssl=1 295w, https:\/\/i2.wp.com\/www.sidwaya.info\/wp-content\/uploads\/2019\/03\/anarchique.jpg?resize=696%2C708&#038;ssl=1 696w, https:\/\/i2.wp.com\/www.sidwaya.info\/wp-content\/uploads\/2019\/03\/anarchique.jpg?resize=413%2C420&#038;ssl=1 413w, https:\/\/i2.wp.com\/www.sidwaya.info\/wp-content\/uploads\/2019\/03\/anarchique.jpg?resize=45%2C45&#038;ssl=1 45w\" sizes=\"auto, (max-width: 696px) 100vw, 696px\" alt=\"\" title=\"anarchique\"\/><\/a>Le maire de la commune de Bobo-Dioulasso, Bourahima Sanou : \u00abNous ne c\u00e9derons pas un centim\u00e8tre \u00e0 l\u2019indiscipline, au d\u00e9sordre, au refus d\u00e9lib\u00e9r\u00e9 de la citoyennet\u00e9 responsable, de la d\u00e9fiance de l\u2019autorit\u00e9\u00bb.<\/div>\n<div class=\"td-a-rec td-a-rec-id-content_top td_uid_30_5c8c1cabe9649_rand td_block_template_1\"><img loading=\"lazy\" decoding=\"async\" class=\"aligncenter size-full wp-image-4463\" src=\"https:\/\/www.sidwaya.info\/wp-content\/uploads\/2019\/02\/FESPACO-TOUR-2019-Bannie%CC%80re-728x90-1.jpg\" alt=\"\" width=\"728\" height=\"90\"\/><\/div>\n<p><strong>Le conseil municipal de la commune de Bobo-Dioulasso a tenu la premi\u00e8re session extraordinaire de l\u2019ann\u00e9e, les 11 et 12 mars 2019. Les conseillers municipaux ont planch\u00e9 sur la cr\u00e9ation d\u2019un comit\u00e9 charg\u00e9 du d\u00e9guerpissement des installations anarchiques sur le domaine public, du conseil communal de l\u2019hygi\u00e8ne public et de la brigade communale de police de l\u2019hygi\u00e8ne public et des signatures de conventions avec des associations.<\/strong><\/p>\n<p>La commune de Bobo-Dioulasso entend mettre fin \u00e0 l\u2019occupation anarchique du domaine public dans la cit\u00e9 de Sya. Pour ce faire, elle envisage la mise en place d\u2019un comit\u00e9 charg\u00e9 du d\u00e9guerpissement des installations anarchiques sur le domaine public. Les conseillers municipaux se sont pench\u00e9s sur cette question au cours de la premi\u00e8re session extraordinaire de l\u2019ann\u00e9e du conseil municipal.<\/p>\n<p>Elle s\u2019est tenue les 11 et 12 mars 2019. Selon le pr\u00e9sident du conseil municipal de Bobo-Dioulasso, Bourahima Fab\u00e9r\u00e9 Sanou, la composition d\u2019un comit\u00e9 de d\u00e9guerpissement et sa mission seront examin\u00e9es. L\u2019ann\u00e9e avance, le temps passe, d\u2019o\u00f9 l\u2019urgence de son avis, de mettre en place ce comit\u00e9 afin qu\u2019il joue son r\u00f4le. \u00abNous ne c\u00e9derons pas un centim\u00e8tre \u00e0 l\u2019indiscipline, au d\u00e9sordre, au refus d\u00e9lib\u00e9r\u00e9 de la citoyennet\u00e9 responsable, de la d\u00e9fiance de l\u2019autorit\u00e9\u00bb, a pr\u00e9venu M. Sanou.<\/p>\n<p>La mise en place du conseil communal de l\u2019hygi\u00e8ne public et de la brigade communale de police de l\u2019hygi\u00e8ne public \u00e9tait aussi au c\u0153ur des \u00e9changes. La cr\u00e9ation d\u2019un comit\u00e9 charg\u00e9 de d\u00e9guerpissement des installations anarchiques sur le domaine public, du conseil communal de l\u2019hygi\u00e8ne public et de la brigade communale de police de l\u2019hygi\u00e8ne public r\u00e9pondent \u00e0 l\u2019engagement pris par le conseil lors de sa prise de fonction.<\/p>\n<p>Ceux-ci visent \u00e0 cr\u00e9er, aux dires du maire, un cadre propice et des conditions de vie saine pour les populations,. Car les conseillers municipaux ont l\u2019obligation et le devoir en tant que repr\u00e9sentants des populations, de leur cr\u00e9er de meilleures conditions, a soutenu Bourahima Sanou.<\/p>\n<p>Au cours de cette session, la commune a pr\u00e9vu la signature de conventions avec des associations priv\u00e9es \u0153uvrant dans des domaines pr\u00e9cis en faveur des populations. Ainsi, dans le budget, les conseillers ont pr\u00e9vu de mettre les moyens \u00e0 la disposition de ces associations. \u00abMais la proc\u00e9dure financi\u00e8re voudrais que le conseil municipal puisse conventionner avec les associations afin qu\u2019elles b\u00e9n\u00e9ficient de ces subventions \u00bb, a soulign\u00e9 le bourgmestre de Bobo-Dioulasso.<\/p>\n<p><strong>Boudayinga J-M THIENON<\/strong><br \/><strong>Barkissa BONKOUNGOU<\/strong><br \/>(Stagiaire)<\/p>\n<div class=\"td-a-rec td-a-rec-id-content_bottom td_uid_31_5c8c1cabe9813_rand td_block_template_1\"><img loading=\"lazy\" decoding=\"async\" class=\"alignright size-full wp-image-1724\" src=\"https:\/\/www.sidwaya.info\/wp-content\/uploads\/2018\/12\/sidwaya-pub.jpg\" alt=\"\" width=\"720\" height=\"90\"\/><\/div>\n<p>Auteur: JK. Sidwaya<br \/>\n<a href=\"https:\/\/www.sidwaya.info\/blog\/2019\/03\/14\/occupation-anarchique-du-domaine-public-a-bobo-dioulasso-un-comite-charge-du-deguerpissement-bientot-operationnel\/\">Cliquez ici pour lire l&rsquo;article depuis sa source.<\/a><\/p>\n","protected":false},"excerpt":{"rendered":"<p>Le maire de la commune de Bobo-Dioulasso, Bourahima Sanou : \u00abNous ne c\u00e9derons pas un centim\u00e8tre \u00e0 l\u2019indiscipline, au d\u00e9sordre, au refus d\u00e9lib\u00e9r\u00e9 de la citoyennet\u00e9 responsable, de la d\u00e9fiance de l\u2019autorit\u00e9\u00bb. Le conseil municipal de la commune de Bobo-Dioulasso a tenu la premi\u00e8re session extraordinaire de l\u2019ann\u00e9e, les 11 et 12 mars 2019. Les [&hellip;]<\/p>\n","protected":false},"author":1816,"featured_media":0,"comment_status":"closed","ping_status":"closed","sticky":false,"template":"","format":"standard","meta":{"fifu_image_url":"","fifu_image_alt":"","footnotes":""},"categories":[73,81],"tags":[],"class_list":["post-22125","post","type-post","status-publish","format-standard","hentry","category-actualite","category-burkina-faso"],"_links":{"self":[{"href":"https:\/\/linitiative.ca\/International\/wp-json\/wp\/v2\/posts\/22125","targetHints":{"allow":["GET"]}}],"collection":[{"href":"https:\/\/linitiative.ca\/International\/wp-json\/wp\/v2\/posts"}],"about":[{"href":"https:\/\/linitiative.ca\/International\/wp-json\/wp\/v2\/types\/post"}],"author":[{"embeddable":true,"href":"https:\/\/linitiative.ca\/International\/wp-json\/wp\/v2\/users\/1816"}],"replies":[{"embeddable":true,"href":"https:\/\/linitiative.ca\/International\/wp-json\/wp\/v2\/comments?post=22125"}],"version-history":[{"count":0,"href":"https:\/\/linitiative.ca\/International\/wp-json\/wp\/v2\/posts\/22125\/revisions"}],"wp:attachment":[{"href":"https:\/\/linitiative.ca\/International\/wp-json\/wp\/v2\/media?parent=22125"}],"wp:term":[{"taxonomy":"category","embeddable":true,"href":"https:\/\/linitiative.ca\/International\/wp-json\/wp\/v2\/categories?post=22125"},{"taxonomy":"post_tag","embeddable":true,"href":"https:\/\/linitiative.ca\/International\/wp-json\/wp\/v2\/tags?post=22125"}],"curies":[{"name":"wp","href":"https:\/\/api.w.org\/{rel}","templated":true}]}}