{"id":22126,"date":"2019-03-14T18:42:51","date_gmt":"2019-03-14T22:42:51","guid":{"rendered":"https:\/\/linitiative.ca\/International\/securite-alimentaire-au-burkina-faso-des-ong-renforcent-leurs-capacites-a-ziniare\/"},"modified":"2019-03-14T18:42:51","modified_gmt":"2019-03-14T22:42:51","slug":"securite-alimentaire-au-burkina-faso-des-ong-renforcent-leurs-capacites-a-ziniare","status":"publish","type":"post","link":"https:\/\/linitiative.ca\/International\/securite-alimentaire-au-burkina-faso-des-ong-renforcent-leurs-capacites-a-ziniare\/","title":{"rendered":"S\u00e9curit\u00e9 alimentaire au Burkina Faso: Des ONG renforcent leurs capacit\u00e9s  \u00e0 Ziniar\u00e9"},"content":{"rendered":"<div class=\"td-post-featured-image\" readability=\"35\"><a href=\"https:\/\/i2.wp.com\/www.sidwaya.info\/wp-content\/uploads\/2019\/03\/ong.jpg?fit=500%2C523&#038;ssl=1\" data-caption=\"L\u2019expert qu\u00e9b\u00e9cois en s\u00e9curit\u00e9 alimentaire, Nicolas Montibort, s\u2019est dit tr\u00e8s satisfait de la qualit\u00e9 des d\u00e9bats et des r\u00e9flexions.\"><img loading=\"lazy\" decoding=\"async\" width=\"500\" height=\"523\" class=\"entry-thumb td-modal-image\" src=\"https:\/\/i2.wp.com\/www.sidwaya.info\/wp-content\/uploads\/2019\/03\/ong.jpg?resize=500%2C523&#038;ssl=1\" srcset=\"https:\/\/i2.wp.com\/www.sidwaya.info\/wp-content\/uploads\/2019\/03\/ong.jpg?w=500&#038;ssl=1 500w, https:\/\/i2.wp.com\/www.sidwaya.info\/wp-content\/uploads\/2019\/03\/ong.jpg?resize=287%2C300&#038;ssl=1 287w, https:\/\/i2.wp.com\/www.sidwaya.info\/wp-content\/uploads\/2019\/03\/ong.jpg?resize=402%2C420&#038;ssl=1 402w\" sizes=\"auto, (max-width: 500px) 100vw, 500px\" alt=\"\" title=\"ong\"\/><\/a>L\u2019expert qu\u00e9b\u00e9cois en s\u00e9curit\u00e9 alimentaire, Nicolas Montibort, s\u2019est dit tr\u00e8s satisfait de la qualit\u00e9 des d\u00e9bats et des r\u00e9flexions.<\/div>\n<div class=\"td-a-rec td-a-rec-id-content_top td_uid_30_5c8c1caf5212c_rand td_block_template_1\"><img loading=\"lazy\" decoding=\"async\" class=\"aligncenter size-full wp-image-4463\" src=\"https:\/\/www.sidwaya.info\/wp-content\/uploads\/2019\/02\/FESPACO-TOUR-2019-Bannie%CC%80re-728x90-1.jpg\" alt=\"\" width=\"728\" height=\"90\"\/><\/div>\n<p><strong>L\u2019ONG Action pour la promotion des initiatives locales (APIL) a abrit\u00e9, du 4 au 7 mars 2019 \u00e0 Ziniar\u00e9, un atelier d\u2019\u00e9changes et de partage d\u2019exp\u00e9riences sur la s\u00e9curit\u00e9 alimentaire et l\u2019agro\u00e9cologie. L\u2019objectif \u00e9tait de renforcer les capacit\u00e9s des acteurs pour une meilleure diffusion des bonnes pratiques agro\u00e9cologiques dans leurs zones d\u2019intervention.<\/strong><\/p>\n<p>Cet atelier d\u2019\u00e9changes et de partage d\u2019exp\u00e9riences sur la s\u00e9curit\u00e9 alimentaire et l\u2019agro\u00e9cologie, a regroup\u00e9 les trois organisations partenaires du projet Innovation et mobilisation pour la s\u00e9curit\u00e9 alimentaire (IMSA). Financ\u00e9 par la Fondation \u0152uvre L\u00e9ger du Canada, pour la p\u00e9riode 2015-2020, le projet IMSA vise \u00e0 am\u00e9liorer durablement la s\u00e9curit\u00e9 alimentaire des populations vuln\u00e9rables au Burkina Faso.<\/p>\n<p>L\u2019un des objectifs de ce projet est de promouvoir des pratiques agro\u00e9cologiques adapt\u00e9es au changement climatique. Ce projet est mis en \u0153uvre dans les r\u00e9gions du Centre- Nord et du Plateau central par l\u2019ONG APIL, dans la Boucle du Mouhoun par l\u2019Union des soci\u00e9t\u00e9s coop\u00e9ratives de commercialisation des produits agricoles (USCCPA) et dans la r\u00e9gion du Nord par l\u2019Association formation d\u00e9veloppement rural (AFDR). \u00abNos partenaires de mise en \u0153uvre du projet IMSA ont exprim\u00e9 le besoin de renforcer leurs capacit\u00e9s en agro\u00e9cologie parce que les gens utilisent souvent des concepts d\u2019agro\u00e9cologie sans \u00eatre vraiment dans la vraie pratique de l\u2019agro\u00e9cologie.<\/p>\n<p>C\u2019est pourquoi, nous avons jug\u00e9 bon de faire venir deux experts du Qu\u00e9bec pour travailler avec nos partenaires afin de planifier les concepts d\u2019une part et d\u2019autre part, de lier la th\u00e9orie \u00e0 la pratique \u00e0 travers des visites- terrains\u00bb a confi\u00e9 M. Charles Mugiraneza, charg\u00e9 du programme Afrique \u00e0 \u0152uvre L\u00e9ger Canada. Quatre jours durant, plusieurs th\u00e9matiques ont \u00e9t\u00e9 d\u00e9velopp\u00e9es au profit<br \/>de la vingtaine de participants.<\/p>\n<p>Ces communications ont port\u00e9 sur\u00a0:\u00a0\u00abLes principaux concepts en agro \u00e9cologie\u00bb, \u00abLes caract\u00e9ristiques propres \u00e0 l\u2019approche agro\u00e9cologique\u00bb, \u00abLes mod\u00e8les de transition agro\u00e9cologique\u00bb, \u00abLa structure, les fonctions et principes de l\u2019agrosyst\u00e8me\u00bb, \u00abL\u2019innovation en agro\u00e9cologie\u00bb, \u00abLa gestion des risques environnementaux dans la gestion du projet\u00bb. Quant \u00e0 la phase pratique, elle a consist\u00e9 au diagnostic et \u00e0 l\u2019analyse des pratiques agro\u00e9cologiques sur le terrain.<\/p>\n<p><img loading=\"lazy\" decoding=\"async\" class=\"size-medium wp-image-5568\" src=\"https:\/\/i0.wp.com\/www.sidwaya.info\/wp-content\/uploads\/2019\/03\/ong2.jpg?resize=300%2C169&#038;ssl=1\" alt=\"\" width=\"300\" height=\"169\" srcset=\"https:\/\/i0.wp.com\/www.sidwaya.info\/wp-content\/uploads\/2019\/03\/ong2.jpg?resize=300%2C169&#038;ssl=1 300w, https:\/\/i0.wp.com\/www.sidwaya.info\/wp-content\/uploads\/2019\/03\/ong2.jpg?resize=768%2C432&#038;ssl=1 768w, https:\/\/i0.wp.com\/www.sidwaya.info\/wp-content\/uploads\/2019\/03\/ong2.jpg?resize=696%2C392&#038;ssl=1 696w, https:\/\/i0.wp.com\/www.sidwaya.info\/wp-content\/uploads\/2019\/03\/ong2.jpg?resize=746%2C420&#038;ssl=1 746w, https:\/\/i0.wp.com\/www.sidwaya.info\/wp-content\/uploads\/2019\/03\/ong2.jpg?w=787&#038;ssl=1 787w\" sizes=\"auto, (max-width: 300px) 100vw, 300px\" data-recalc-dims=\"1\"\/>La sortie sur le terrain a permis aux participants d\u2019analyser les pratiques agro\u00e9cologiques des producteurs de Bissiga et de Baolin<\/p>\n<p>Dans un contexte marqu\u00e9 par la raret\u00e9 de ressources financi\u00e8res pour l\u2019achat d\u2019intrants chimiques, l\u2019expert en s\u00e9curit\u00e9 alimentaire, Nicolas Montibort, a conseill\u00e9 que\u00a0: \u00abIl faut concilier la s\u00e9curit\u00e9 alimentaire et le mod\u00e8le agro\u00e9cologique qui est un mod\u00e8le global et int\u00e9gr\u00e9 qui permet de valoriser toutes les ressources naturelles d\u2019un territoire afin de pouvoir produire plus, produire mieux et produire \u00e0 moindre co\u00fbt. En plus, l\u2019utilisation des intrants chimiques externes a des effets n\u00e9gatifs\u00a0: contamination de l\u2019environnement, grande vuln\u00e9rabilit\u00e9 au changement climatique, avec l\u2019\u00e9pandage de pesticides et d\u2019engrais chimiques qui perdent leur efficacit\u00e9 \u00e0 la moindre pluie ou s\u00e8cheresse\u00bb.<\/p>\n<p>\u00abMais avec les ressources naturelles sur votre territoire, vous pouvez travailler \u00e0 les valoriser pour remplacer gratuitement les intrants chimiques externes qui contaminent votre nourriture, qui, \u00e0 long terme vous rendent malades, \u00e9puisent les sols, font perdre la biodiversit\u00e9 et qui finalement font perdre la potentielle productivit\u00e9\u00a0des terres\u00bb a ajout\u00e9 M Montibort. L\u2019expert en production biologique, Ghislain Jutras, a pr\u00e9cis\u00e9 que\u00a0: \u00abL\u2019agro\u00e9cologie est une approche holistique car elle int\u00e8gre autant la science moderne que les savoirs traditionnels.<\/p>\n<p>En effet, elle fait appel aux sciences de l\u2019\u00e9cologie, de l\u2019\u00e9conomie, de l\u2019agronomie, de la sociologie et se manifeste sous diverses formes. Mais apr\u00e8s le diagnostic et l\u2019analyse des pratiques agro\u00e9cologiques sur le terrain et au regard du processus, nous pouvons dire que dans le contexte burkinab\u00e8, on est au niveau de la transition agro\u00e9cologique\u00bb. Les objectifs vis\u00e9s par cet atelier sont atteints car selon M. Alexis Muzabimana de l\u2019AFDR\u00a0,\u00a0\u00abapr\u00e8s cette formation, je me suis rendu compte que nous utilisions au hasard des termes que nous ne ma\u00eetrisons pas en parlant d\u2019agro\u00e9cologie.<\/p>\n<p>Mais \u00e0 pr\u00e9sent, nous sommes bien outill\u00e9s pour promouvoir l\u2019agro\u00e9cologie car les visites-terrains nous ont permis de nous approprier les \u00e9tapes et les mod\u00e8les de l\u2019agro\u00e9cologie\u00bb. \u00abCette formation nous a permis de relever les nuances en mati\u00e8re d\u2019agro\u00e9cologie avec la clarification des concepts.<\/p>\n<p>Aussi, la collecte et l\u2019analyse des donn\u00e9es sur le terrain nous ont permis de savoir \u00e0 quelle \u00e9tape nous sommes en mati\u00e8re de mod\u00e8le agro\u00e9cologique\u00bb s\u2019est r\u00e9joui Ousmane Y\u00e9y\u00e9 de l\u2019USCCPA. Mme A\u00efda Kiwalo\/Ou\u00e9draogo de l\u2019ONG APIL, a reconnu : \u00abcette formation nous a permis de savoir \u00e0 quelle \u00e9tape de l\u2019agro\u00e9cologie nous sommes. Les diff\u00e9rentes communications nous ont surtout permis de nous approprier les concepts<br \/>li\u00e9s \u00e0 l\u2019agro\u00e9cologie, au changement climatique et \u00e0 la s\u00e9curit\u00e9 alimentaire\u00bb.<\/p>\n<p class=\"c1\"><strong>Abdias Cyprien SAWADOGO<\/strong><\/p>\n<div class=\"td-a-rec td-a-rec-id-content_bottom td_uid_31_5c8c1caf522b7_rand td_block_template_1\"><img loading=\"lazy\" decoding=\"async\" class=\"alignright size-full wp-image-1724\" src=\"https:\/\/www.sidwaya.info\/wp-content\/uploads\/2018\/12\/sidwaya-pub.jpg\" alt=\"\" width=\"720\" height=\"90\"\/><\/div>\n<p>Auteur: JK. Sidwaya<br \/>\n<a href=\"https:\/\/www.sidwaya.info\/blog\/2019\/03\/14\/securite-alimentaire-au-burkina-faso-des-ong-renforcent-leurs-capacites-a-ziniare\/\">Cliquez ici pour lire l&rsquo;article depuis sa source.<\/a><\/p>\n","protected":false},"excerpt":{"rendered":"<p>L\u2019expert qu\u00e9b\u00e9cois en s\u00e9curit\u00e9 alimentaire, Nicolas Montibort, s\u2019est dit tr\u00e8s satisfait de la qualit\u00e9 des d\u00e9bats et des r\u00e9flexions. L\u2019ONG Action pour la promotion des initiatives locales (APIL) a abrit\u00e9, du 4 au 7 mars 2019 \u00e0 Ziniar\u00e9, un atelier d\u2019\u00e9changes et de partage d\u2019exp\u00e9riences sur la s\u00e9curit\u00e9 alimentaire et l\u2019agro\u00e9cologie. L\u2019objectif \u00e9tait de renforcer [&hellip;]<\/p>\n","protected":false},"author":1816,"featured_media":0,"comment_status":"closed","ping_status":"closed","sticky":false,"template":"","format":"standard","meta":{"fifu_image_url":"","fifu_image_alt":"","footnotes":""},"categories":[73,81],"tags":[],"class_list":["post-22126","post","type-post","status-publish","format-standard","hentry","category-actualite","category-burkina-faso"],"_links":{"self":[{"href":"https:\/\/linitiative.ca\/International\/wp-json\/wp\/v2\/posts\/22126","targetHints":{"allow":["GET"]}}],"collection":[{"href":"https:\/\/linitiative.ca\/International\/wp-json\/wp\/v2\/posts"}],"about":[{"href":"https:\/\/linitiative.ca\/International\/wp-json\/wp\/v2\/types\/post"}],"author":[{"embeddable":true,"href":"https:\/\/linitiative.ca\/International\/wp-json\/wp\/v2\/users\/1816"}],"replies":[{"embeddable":true,"href":"https:\/\/linitiative.ca\/International\/wp-json\/wp\/v2\/comments?post=22126"}],"version-history":[{"count":0,"href":"https:\/\/linitiative.ca\/International\/wp-json\/wp\/v2\/posts\/22126\/revisions"}],"wp:attachment":[{"href":"https:\/\/linitiative.ca\/International\/wp-json\/wp\/v2\/media?parent=22126"}],"wp:term":[{"taxonomy":"category","embeddable":true,"href":"https:\/\/linitiative.ca\/International\/wp-json\/wp\/v2\/categories?post=22126"},{"taxonomy":"post_tag","embeddable":true,"href":"https:\/\/linitiative.ca\/International\/wp-json\/wp\/v2\/tags?post=22126"}],"curies":[{"name":"wp","href":"https:\/\/api.w.org\/{rel}","templated":true}]}}