{"id":22174,"date":"2019-03-16T04:03:02","date_gmt":"2019-03-16T08:03:02","guid":{"rendered":"https:\/\/linitiative.ca\/International\/travail-la-soif-de-liberte-comment-les-start-uppers-slashers-co-workers-reinventent-le-travail-de-denis-pennel\/"},"modified":"2019-03-16T04:03:02","modified_gmt":"2019-03-16T08:03:02","slug":"travail-la-soif-de-liberte-comment-les-start-uppers-slashers-co-workers-reinventent-le-travail-de-denis-pennel","status":"publish","type":"post","link":"https:\/\/linitiative.ca\/International\/travail-la-soif-de-liberte-comment-les-start-uppers-slashers-co-workers-reinventent-le-travail-de-denis-pennel\/","title":{"rendered":"Travail, la soif de libert\u00e9 : Comment les start-uppers, slashers, co-workers r\u00e9inventent le travail, de Denis Pennel"},"content":{"rendered":"<header>\n<div class=\"entry-post-meta\">\n<div class=\"author-link\">Publi\u00e9 par <a itemprop=\"author\" itemscope=\"\" itemtype=\"https:\/\/schema.org\/Person\" href=\"http:\/\/aujourdhui.ma\/profile\/kaid\" rel=\"author\"><span itemprop=\"name\">ALM<\/span><\/a><\/div>\n<p>Date\u00a0:<time content=\"2019-03-16T09:03:02+00:00\" class=\"entry-date updated\" datetime=\"2019-03-16T09:03:02+00:00\">mars 16, 2019<\/time><\/p>\n<div class=\"entry-cat\">dans:<a href=\"http:\/\/aujourdhui.ma\/category\/emploi\" rel=\"category tag\">Emploi<\/a><\/div>\n<p>15Vues<\/p>\n<\/div>\n<\/header>\n<div class=\"entry-content clearfix\" readability=\"66\"><img decoding=\"async\" class=\"post_layout_5_img\" src=\"http:\/\/aujourdhui.ma\/wp-content\/uploads\/2019\/03\/Travail-la-soif-de-liberte%CC%81-.jpg?x29840\" alt=\"Travail, la soif de libert\u00e9 : Comment les start-uppers, slashers, co-workers r\u00e9inventent le travail, de Denis Pennel\"\/><\/p>\n<p class=\"p1\"><span class=\"s1\"><span class=\"c4\"><strong>L\u2019environnement actuel laisse para\u00eetre des nouvelles formes de travail pour ne citer que les ind\u00e9pendants, les slashers, les co-workers, les start-uppers, les makers et encore bien d\u2019autres.<\/strong><\/span><\/span> <span id=\"more-307111\"\/><\/p>\n<p class=\"p1\"><span class=\"s1\">Ces statuts, malgr\u00e9 leur pr\u00e9carit\u00e9, r\u00e9pondent \u00e0 une aspiration profonde de la soci\u00e9t\u00e9. <em>\u00abMultiforme, collaboratif, agile, individualis\u00e9, ce nouveau monde du travail vient remettre en cause le mod\u00e8le du salariat\u00bb<\/em>. Denis Pennel se propose l\u2019exercice de d\u00e9veloppement en partant du fait qu\u2019au-del\u00e0 du besoin de ces nouveaux m\u00e9tiers, le travail en France repose toujours sur le salariat en termes de protection sociale. L\u2019in\u00e9galit\u00e9 est majeure \u00e0 ce niveau puisque 99% du droit du travail concerne le salariat.<\/span><\/p>\n<p class=\"p1\"><span class=\"s1\">Le statut d\u2019ind\u00e9pendant demeure synonyme d\u2019aventure risqu\u00e9e o\u00f9 le basculement dans la pr\u00e9carit\u00e9 guette. Et c\u2019est bien dans ce contexte que Denis Pennel a voulu donner les cl\u00e9s aux lecteurs pour comprendre et accompagner cette r\u00e9invention du travail. Car pour lui, <em>\u00abc\u2019est cette forme de labeur qui permettra de tirer le meilleur des \u00e9volutions des soci\u00e9t\u00e9s\u00bb.<\/em> L\u2019auteur propose, \u00e0 ce titre, 25 r\u00e9formes, afin de garder le meilleur du salariat et du statut ind\u00e9pendant. Auteur, d\u00e9fricheur, influenceur et manager, Denis Pennel est un sp\u00e9cialiste reconnu du march\u00e9 du travail.<\/span><\/p>\n<p class=\"p1\"><span class=\"s1\">Son nom se trouve dans le classement des 100 professionnels des ressources humaines les plus influents au niveau mondial. En France ou \u00e0 l\u2019\u00e9tranger, l\u2019homme est sollicit\u00e9 pour animer de nombreuses conf\u00e9rences sur l\u2019\u00e9volution du travail. Son livre en livre un avant-gou\u00fbt.<\/span><\/p>\n<p class=\"p2\"><strong><span class=\"s1\"><em>Ed. Eyrolles (7\/09\/2017)<\/em><\/span><\/strong><\/p>\n<\/div>\n<p>Auteur: ALM<br \/>\n<a href=\"http:\/\/aujourdhui.ma\/emploi\/travail-la-soif-de-liberte-comment-les-start-uppers-slashers-co-workers-reinventent-le-travail-de-denis-pennel\">Cliquez ici pour lire l&rsquo;article depuis sa source.<\/a><\/p>\n","protected":false},"excerpt":{"rendered":"<p>Publi\u00e9 par ALM Date\u00a0:mars 16, 2019 dans:Emploi 15Vues L\u2019environnement actuel laisse para\u00eetre des nouvelles formes de travail pour ne citer que les ind\u00e9pendants, les slashers, les co-workers, les start-uppers, les makers et encore bien d\u2019autres. Ces statuts, malgr\u00e9 leur pr\u00e9carit\u00e9, r\u00e9pondent \u00e0 une aspiration profonde de la soci\u00e9t\u00e9. \u00abMultiforme, collaboratif, agile, individualis\u00e9, ce nouveau monde [&hellip;]<\/p>\n","protected":false},"author":1759,"featured_media":0,"comment_status":"closed","ping_status":"closed","sticky":false,"template":"","format":"standard","meta":{"fifu_image_url":"","fifu_image_alt":"","footnotes":""},"categories":[73,54],"tags":[],"class_list":["post-22174","post","type-post","status-publish","format-standard","hentry","category-actualite","category-maroc"],"_links":{"self":[{"href":"https:\/\/linitiative.ca\/International\/wp-json\/wp\/v2\/posts\/22174","targetHints":{"allow":["GET"]}}],"collection":[{"href":"https:\/\/linitiative.ca\/International\/wp-json\/wp\/v2\/posts"}],"about":[{"href":"https:\/\/linitiative.ca\/International\/wp-json\/wp\/v2\/types\/post"}],"author":[{"embeddable":true,"href":"https:\/\/linitiative.ca\/International\/wp-json\/wp\/v2\/users\/1759"}],"replies":[{"embeddable":true,"href":"https:\/\/linitiative.ca\/International\/wp-json\/wp\/v2\/comments?post=22174"}],"version-history":[{"count":0,"href":"https:\/\/linitiative.ca\/International\/wp-json\/wp\/v2\/posts\/22174\/revisions"}],"wp:attachment":[{"href":"https:\/\/linitiative.ca\/International\/wp-json\/wp\/v2\/media?parent=22174"}],"wp:term":[{"taxonomy":"category","embeddable":true,"href":"https:\/\/linitiative.ca\/International\/wp-json\/wp\/v2\/categories?post=22174"},{"taxonomy":"post_tag","embeddable":true,"href":"https:\/\/linitiative.ca\/International\/wp-json\/wp\/v2\/tags?post=22174"}],"curies":[{"name":"wp","href":"https:\/\/api.w.org\/{rel}","templated":true}]}}