{"id":22200,"date":"2019-03-16T13:32:40","date_gmt":"2019-03-16T17:32:40","guid":{"rendered":"https:\/\/linitiative.ca\/International\/le-forum-international-de-letudiant-une-etape-fondamentale-du-processus-dorientation-des-eleves\/"},"modified":"2019-03-16T13:32:40","modified_gmt":"2019-03-16T17:32:40","slug":"le-forum-international-de-letudiant-une-etape-fondamentale-du-processus-dorientation-des-eleves","status":"publish","type":"post","link":"https:\/\/linitiative.ca\/International\/le-forum-international-de-letudiant-une-etape-fondamentale-du-processus-dorientation-des-eleves\/","title":{"rendered":"Le Forum international de l\u2019\u00e9tudiant, une \u00e9tape fondamentale du processus d\u2019orientation des \u00e9l\u00e8ves"},"content":{"rendered":"<div readability=\"39\">\n<p>Marrakech \u2013 Le Forum international de l\u2019\u00e9tudiant, organis\u00e9 du 14 au 16 mars \u00e0 Marrakech, se veut une \u00e9tape fondamentale du processus d\u2019orientation des \u00e9l\u00e8ves \u00e0 m\u00eame de les aider \u00e0 choisir leur carri\u00e8re apr\u00e8s l\u2019obtention du baccalaur\u00e9at, a affirm\u00e9 la directrice de cette manifestation, Mme Assia Doudach.<\/p>\n<\/div>\n<div readability=\"88\">\n<p>Plac\u00e9 sous le Haut patronage de SM le Roi Mohammed VI, ce Forum, qui est \u00e0 sa 15\u00e8me \u00e9dition, constitue un rendez-vous annuel visant \u00e0 favoriser l\u2019acc\u00e8s \u00e0 l\u2019information en mati\u00e8re d\u2019orientation pour les futurs bacheliers et ce, en attirant le plus grand nombre d\u2019universit\u00e9s et d\u2019instituts sup\u00e9rieurs, publics et priv\u00e9s, pour participer \u00e0 cette manifestation, a indiqu\u00e9 Mme Doudach dans une d\u00e9claration \u00e0 la MAP.<\/p>\n<p>Elle a fait savoir que 170 \u00e9tablissements d\u2019enseignement, nationaux et \u00e9trangers, ont pris part \u00e0 cette \u00e9dition, initi\u00e9e par le Groupe \u00ab\u00a0l\u2019Etudiant marocain\u00a0\u00bb, mettant ainsi \u00e0 la disposition des \u00e9tudiants l\u2019information n\u00e9cessaire et appropri\u00e9e en vue de mieux les orienter apr\u00e8s l\u2019obtention du baccalaur\u00e9at.<\/p>\n<p>Et de poursuivre que la nouveaut\u00e9 de cette \u00e9dition r\u00e9side dans la participation de l\u2019Institut Royal de Police, qui a pris part aux diff\u00e9rents Forums organis\u00e9s par le Groupe \u00ab\u00a0l\u2019Etudiant marocain\u00a0\u00bb \u00e0 travers le Royaume, tout en veillant \u00e0 informer les \u00e9tudiants sur le r\u00f4le de cet institut.<\/p>\n<p>Apr\u00e8s avoir soulign\u00e9 les efforts d\u00e9ploy\u00e9s par les partenaires publics pour l\u2019organisation de ce Forum, Mme Doudach a relev\u00e9 que cette \u00e9dition, marqu\u00e9e par la participation d\u2019\u00e9tablissements \u00e9trangers venus notamment de l\u2019Ukraine, de la Russie et de l\u2019Angleterre, a enregistr\u00e9 une affluence massive de plus de 9.000 \u00e9tudiants et \u00e9l\u00e8ves.<\/p>\n<p>Initi\u00e9 en collaboration avec le minist\u00e8re de l\u2019Education nationale, de la Formation professionnelle et de la Recherche scientifique, le minist\u00e8re de la Jeunesse et des Sports, la wilaya de Marrakech-Safi, l\u2019acad\u00e9mie r\u00e9gionale de l\u2019\u00e9ducation et de la formation, l\u2019Universit\u00e9 Cadi Ayyad, les d\u00e9l\u00e9gations et associations des Conseillers en orientation, le Centre r\u00e9gional d\u2019orientation scolaire et professionnelle, et l\u2019Office de la Formation Professionnelle et de la Promotion du Travail (OFPPT), cet \u00e9v\u00e9nement d\u00e9di\u00e9 aux jeunes de la ville ocre et sa r\u00e9gion, vise \u00e0 promouvoir l\u2019information de proximit\u00e9 pour favoriser une meilleure orientation de cette frange de la soci\u00e9t\u00e9 \u00e0 l\u2019\u00e9chelle r\u00e9gionale.<\/p>\n<p>Ce Forum se veut aussi un espace d\u2019\u00e9change et de partage des id\u00e9es et des exp\u00e9riences entre les professionnels, et une occasion pour le renforcement de la coop\u00e9ration et du partenariat dans le domaine de l\u2019enseignement et de la formation professionnelle pour \u00eatre en phase avec les besoins du march\u00e9 de l\u2019emploi.<\/p>\n<\/div>\n<p>Auteur: Meriem IGASS<br \/>\n<a href=\"http:\/\/www.mapmarrakech.ma\/fr\/le-forum-international-de-letudiant-une-etape-fondamentale-du-processus-dorientation-des-eleves\/\">Cliquez ici pour lire l&rsquo;article depuis sa source.<\/a><\/p>\n","protected":false},"excerpt":{"rendered":"<p>Marrakech \u2013 Le Forum international de l\u2019\u00e9tudiant, organis\u00e9 du 14 au 16 mars \u00e0 Marrakech, se veut une \u00e9tape fondamentale du processus d\u2019orientation des \u00e9l\u00e8ves \u00e0 m\u00eame de les aider \u00e0 choisir leur carri\u00e8re apr\u00e8s l\u2019obtention du baccalaur\u00e9at, a affirm\u00e9 la directrice de cette manifestation, Mme Assia Doudach. Plac\u00e9 sous le Haut patronage de SM [&hellip;]<\/p>\n","protected":false},"author":1788,"featured_media":0,"comment_status":"closed","ping_status":"closed","sticky":false,"template":"","format":"standard","meta":{"fifu_image_url":"","fifu_image_alt":"","footnotes":""},"categories":[54,76],"tags":[],"class_list":["post-22200","post","type-post","status-publish","format-standard","hentry","category-maroc","category-regions"],"_links":{"self":[{"href":"https:\/\/linitiative.ca\/International\/wp-json\/wp\/v2\/posts\/22200","targetHints":{"allow":["GET"]}}],"collection":[{"href":"https:\/\/linitiative.ca\/International\/wp-json\/wp\/v2\/posts"}],"about":[{"href":"https:\/\/linitiative.ca\/International\/wp-json\/wp\/v2\/types\/post"}],"author":[{"embeddable":true,"href":"https:\/\/linitiative.ca\/International\/wp-json\/wp\/v2\/users\/1788"}],"replies":[{"embeddable":true,"href":"https:\/\/linitiative.ca\/International\/wp-json\/wp\/v2\/comments?post=22200"}],"version-history":[{"count":0,"href":"https:\/\/linitiative.ca\/International\/wp-json\/wp\/v2\/posts\/22200\/revisions"}],"wp:attachment":[{"href":"https:\/\/linitiative.ca\/International\/wp-json\/wp\/v2\/media?parent=22200"}],"wp:term":[{"taxonomy":"category","embeddable":true,"href":"https:\/\/linitiative.ca\/International\/wp-json\/wp\/v2\/categories?post=22200"},{"taxonomy":"post_tag","embeddable":true,"href":"https:\/\/linitiative.ca\/International\/wp-json\/wp\/v2\/tags?post=22200"}],"curies":[{"name":"wp","href":"https:\/\/api.w.org\/{rel}","templated":true}]}}