{"id":22201,"date":"2019-03-16T06:02:35","date_gmt":"2019-03-16T10:02:35","guid":{"rendered":"https:\/\/linitiative.ca\/International\/ghardaia-700-millions-da-pour-accompagner-les-besoins-croissants-en-eau-potable\/"},"modified":"2019-03-16T06:02:35","modified_gmt":"2019-03-16T10:02:35","slug":"ghardaia-700-millions-da-pour-accompagner-les-besoins-croissants-en-eau-potable","status":"publish","type":"post","link":"https:\/\/linitiative.ca\/International\/ghardaia-700-millions-da-pour-accompagner-les-besoins-croissants-en-eau-potable\/","title":{"rendered":"Gharda\u00efa: 700 millions DA pour accompagner les besoins croissants en eau potable"},"content":{"rendered":"<div>\n<div class=\"K2FeedImage\"><img decoding=\"async\" src=\"http:\/\/www.aps.dz\/media\/k2\/items\/cache\/fbeabe8c082c219646a4485fa314788f_S.jpg\" alt=\"Gharda\u00efa: 700 millions DA pour accompagner les besoins croissants en eau potable\"><\/div>\n<div class=\"K2FeedIntroText\">\n<p><strong>GHARDAIA &#8211; Une enveloppe budg\u00e9taire de l&rsquo;ordre de\u00a0 700 millions de dinars a \u00e9t\u00e9 d\u00e9gag\u00e9e par les pouvoirs publics au titre de l&rsquo;ann\u00e9e 2019 pour accompagner les besoins croissants en mati\u00e8re d&rsquo;eau potable dans la wilaya de Gharda\u00efa, a-t-on appris des responsables de la wilaya.<\/strong><\/p>\n<\/div>\n<div class=\"K2FeedFullText\">\n<p>Cet investissement sera consacr\u00e9 principalement pour une op\u00e9ration de renforcement de la production et la mobilisation de l&rsquo;eau potable souterraine (nappe phr\u00e9atique ou albienne), en raison d&rsquo;une croissance d\u00e9mographique acc\u00e9l\u00e9r\u00e9e et du d\u00e9veloppement de la demande des secteurs agricole et industriel dans la r\u00e9gion, a pr\u00e9cis\u00e9 le secr\u00e9taire g\u00e9n\u00e9ral de la wilaya.<\/p>\n<p>A ce titre, une op\u00e9ration pour un montant de 500 millions dinars a \u00e9t\u00e9 projet\u00e9e pour la r\u00e9alisation de sept (7) nouveaux forages \u00e9quip\u00e9s pour le renforcement et la mobilisation de l&rsquo;eau potable dans les communes de Gharda\u00efa, Metlili, Zelfana, Hassi Lefhal, Guerrara et El Menea, a indiqu\u00e9 Bouleam Amrani.<\/p>\n<hr>\n<h3>Lire aussi:\u00a0<a href=\"http:\/\/www.aps.dz\/economie\/85415-eau-potable-et-industrielle-la-demande-pourrait-atteindre-entre-3-7-a-5-3-mds-m3-en-2030\" target=\"_blank\" rel=\"noopener noreferrer\">Eau potable et industrielle: la demande pourrait atteindre entre 3,7 \u00e0 5,3 mds m3 en 2030<\/a><\/h3>\n<hr>\n<p>Deux cents (200) millions de dinars seront consacr\u00e9s pour la r\u00e9novation, la r\u00e9habilitation et l&rsquo;extension du r\u00e9seau d&rsquo;alimentation en eau potable (AEP) \u00e0 travers les diff\u00e9rentes communes, en vue d&rsquo;am\u00e9liorer la qualit\u00e9 de service, et d&rsquo;accompagner l&rsquo;essor urbanistique que connait la wilaya, a-t-il ajout\u00e9.<\/p>\n<p>Ces projets permettront d&rsquo;am\u00e9liorer, d&rsquo;optimiser et de r\u00e9nover les infrastructures de distribution d&rsquo;eau potable, de lutter contre le gaspillage de cette denr\u00e9e dans une r\u00e9gion aride et de r\u00e9pondre ainsi aux d\u00e9fis de d\u00e9veloppement socio-\u00e9conomique, a-t-il expliqu\u00e9.<\/p>\n<p>La wilaya de Gharda\u00efa compte actuellement quelques 150 forages d&rsquo;AEP dont six (6) destin\u00e9s \u00e0 l&rsquo;industrie avec un volume de 270.302 m3\/ jour, de 110 r\u00e9servoirs de stockage et ch\u00e2teau d&rsquo;eau d&rsquo;une capacit\u00e9 globale de plus de 117.000 M3 et un r\u00e9seau d&rsquo;AEP estim\u00e9 \u00e0 plus de 1.500 km linaire, selon les donn\u00e9es de la direction des ressources en eau (DRE).<\/p>\n<p>Le taux de raccordement \u00e0 l&rsquo;eau potable dans la wilaya est estim\u00e9 \u00e0 98% avec une dotation moyenne de 198 litres \/jour par habitant.<\/p>\n<\/div>\n<\/div>\n<p>Auteur:<br \/>\n<a href=\"http:\/\/www.aps.dz\/regions\/86916-ghardaia-700-millions-da-pour-accompagner-les-besoins-croissants-en-eau-potable\">Cliquez ici pour lire l&rsquo;article depuis sa source.<\/a><\/p>\n","protected":false},"excerpt":{"rendered":"<p>GHARDAIA &#8211; Une enveloppe budg\u00e9taire de l&rsquo;ordre de\u00a0 700 millions de dinars a \u00e9t\u00e9 d\u00e9gag\u00e9e par les pouvoirs publics au titre de l&rsquo;ann\u00e9e 2019 pour accompagner les besoins croissants en mati\u00e8re d&rsquo;eau potable dans la wilaya de Gharda\u00efa, a-t-on appris des responsables de la wilaya. Cet investissement sera consacr\u00e9 principalement pour une op\u00e9ration de renforcement [&hellip;]<\/p>\n","protected":false},"author":1790,"featured_media":22202,"comment_status":"closed","ping_status":"closed","sticky":false,"template":"","format":"standard","meta":{"fifu_image_url":"","fifu_image_alt":"","footnotes":""},"categories":[53,76],"tags":[],"class_list":["post-22201","post","type-post","status-publish","format-standard","has-post-thumbnail","hentry","category-algerie","category-regions"],"_links":{"self":[{"href":"https:\/\/linitiative.ca\/International\/wp-json\/wp\/v2\/posts\/22201","targetHints":{"allow":["GET"]}}],"collection":[{"href":"https:\/\/linitiative.ca\/International\/wp-json\/wp\/v2\/posts"}],"about":[{"href":"https:\/\/linitiative.ca\/International\/wp-json\/wp\/v2\/types\/post"}],"author":[{"embeddable":true,"href":"https:\/\/linitiative.ca\/International\/wp-json\/wp\/v2\/users\/1790"}],"replies":[{"embeddable":true,"href":"https:\/\/linitiative.ca\/International\/wp-json\/wp\/v2\/comments?post=22201"}],"version-history":[{"count":0,"href":"https:\/\/linitiative.ca\/International\/wp-json\/wp\/v2\/posts\/22201\/revisions"}],"wp:featuredmedia":[{"embeddable":true,"href":"https:\/\/linitiative.ca\/International\/wp-json\/"}],"wp:attachment":[{"href":"https:\/\/linitiative.ca\/International\/wp-json\/wp\/v2\/media?parent=22201"}],"wp:term":[{"taxonomy":"category","embeddable":true,"href":"https:\/\/linitiative.ca\/International\/wp-json\/wp\/v2\/categories?post=22201"},{"taxonomy":"post_tag","embeddable":true,"href":"https:\/\/linitiative.ca\/International\/wp-json\/wp\/v2\/tags?post=22201"}],"curies":[{"name":"wp","href":"https:\/\/api.w.org\/{rel}","templated":true}]}}