{"id":22205,"date":"2019-03-16T08:06:45","date_gmt":"2019-03-16T12:06:45","guid":{"rendered":"https:\/\/linitiative.ca\/International\/oujda-la-nuit-de-la-poesie-celebre-la-beaute\/"},"modified":"2019-03-16T08:06:45","modified_gmt":"2019-03-16T12:06:45","slug":"oujda-la-nuit-de-la-poesie-celebre-la-beaute","status":"publish","type":"post","link":"https:\/\/linitiative.ca\/International\/oujda-la-nuit-de-la-poesie-celebre-la-beaute\/","title":{"rendered":"Oujda: La Nuit de la po\u00e9sie c\u00e9l\u00e8bre la beaut\u00e9"},"content":{"rendered":"<div readability=\"38\">\n<p>Les passionn\u00e9s de la po\u00e9sie ont eu droit, vendredi soir \u00e0 la grande salle de l\u2019Institut fran\u00e7ais d\u2019Oujda, \u00e0 une soir\u00e9e po\u00e9tique sous le th\u00e8me de la Beaut\u00e9, avec la participation d\u2019un parterre de po\u00e8tes et d\u2019\u00e9crivains, toutes g\u00e9n\u00e9rations confondues.<\/p>\n<\/div>\n<div readability=\"92\">\n<p>Cette soir\u00e9e ayant r\u00e9uni des \u00e9tudiants, \u00e9l\u00e8ves et po\u00e8tes de tous horizons c\u00e9l\u00e8bre la 3\u00e9me \u00e9dition de la Nuit de la Po\u00e9sie, qui s\u2019inscrit dans le cadre de la 21\u00e8me \u00e9dition du Printemps des Po\u00e8tes et de la Semaine de la Francophonie.<\/p>\n<p>Ainsi, le public a \u00e9t\u00e9, deux heures durant, gratifi\u00e9 d\u2019extraits de c\u00e9l\u00e8bres po\u00e8mes \u00e0 la fois apaisants, provocants, exalt\u00e9s et m\u00e9ditatifs, mais toujours charg\u00e9s de ces valeurs de beaut\u00e9, de paix, de bonheur et de brassage de cultures.<\/p>\n<p>Accompagn\u00e9s du talentueux violoniste Rachid El Asri, une quarantaine de jeunes po\u00e8tes et po\u00e9tesses ont su livrer en toute subtilit\u00e9 et \u00e9loquence une d\u00e9clinaison de la plus noble des expressions litt\u00e9raires entre autres \u00ab\u00a0l\u2019immortelle blanche\u00a0\u00bb de Pierre Corneille, \u00ab\u00a0les yeux de la mama\u00a0\u00bb (Kendji Girac), \u00ab\u00a0La beaut\u00e9 int\u00e9rieure\u00a0\u00bb (Alain Gyre), ou encore \u00ab\u00a0le beau mot\u00a0\u00bb (Maurice Car\u00eame).<\/p>\n<p>D\u2019autres ont su ciseler les mots pour transmettre \u00e0 l\u2019assistance des po\u00e8mes ficel\u00e9s par eux m\u00eames dont notamment Atiya Khouloud, \u00e2g\u00e9e d\u2019\u00e0 peine 11 ans, avec son propre po\u00e8me intitul\u00e9 \u00ab\u00a0l\u2019hirondelle\u00a0\u00bb, qui lui a valu une standing ovation de l\u2019assistance.<\/p>\n<p>Il s\u2019agit \u00e9galement de Khattach Nour El Houda qui a d\u00e9clam\u00e9 son po\u00e8me \u00ab\u00a0la beaut\u00e9\u00a0\u00bb, de Habani Ahmed (vivre en beaut\u00e9), de Zerqane Hajar (la beaut\u00e9 d\u2019une v\u00e9nus), ou encore Kardous Imane, auteure d\u2019un m\u00e9lange harmonieux entre l\u2019arabe et le fran\u00e7ais cr\u00e9ant ainsi un beau po\u00e8me traitant des th\u00e9matiques de la beaut\u00e9 et de l\u2019amour.<\/p>\n<p>\u00ab\u00a0La rel\u00e8ve est assur\u00e9e, nous avons de plus en plus de po\u00e8tes et de po\u00e9tesses\u00a0\u00bb, s\u2019est r\u00e9jouie Yannik Beauvais, directrice de l\u2019Institut fran\u00e7ais d\u2019Oujda, appelant les jeunes \u00e0 participer au maximum aux diff\u00e9rents \u00e9v\u00e9nements culturels et \u00e9ducatifs organis\u00e9s tout au long de l\u2019ann\u00e9e.<\/p>\n<p>L\u2019ambiance est mont\u00e9e d\u2019un cran quand Mme Yannick est entr\u00e9e en symbiose avec l\u2019assistance qui a r\u00e9p\u00e9t\u00e9 avec elle ce po\u00e8me intitul\u00e9 \u00ab\u00a0la mer\u00a0\u00bb de Charles Trenet.<\/p>\n<p>La soir\u00e9e a \u00e9t\u00e9 \u00e9galement l\u2019occasion de rendre un vibrant hommage au grand \u00e9crivain et philosophe fran\u00e7ais Jean d\u2019Ormesson, \u00e0 travers une lecture d\u2019un floril\u00e8ge de ses citations, pr\u00e9sent\u00e9es par Mohamed Zairi, membre de l\u2019Association marocaine des enseignants de fran\u00e7ais<\/p>\n<\/div>\n<p>Auteur: Soufiane ELAHMAR<br \/>\n<a href=\"http:\/\/www.mapoujda.ma\/fr\/oujda-la-nuit-de-la-poesie-celebre-la-beaute\/\">Cliquez ici pour lire l&rsquo;article depuis sa source.<\/a><\/p>\n","protected":false},"excerpt":{"rendered":"<p>Les passionn\u00e9s de la po\u00e9sie ont eu droit, vendredi soir \u00e0 la grande salle de l\u2019Institut fran\u00e7ais d\u2019Oujda, \u00e0 une soir\u00e9e po\u00e9tique sous le th\u00e8me de la Beaut\u00e9, avec la participation d\u2019un parterre de po\u00e8tes et d\u2019\u00e9crivains, toutes g\u00e9n\u00e9rations confondues. Cette soir\u00e9e ayant r\u00e9uni des \u00e9tudiants, \u00e9l\u00e8ves et po\u00e8tes de tous horizons c\u00e9l\u00e8bre la 3\u00e9me [&hellip;]<\/p>\n","protected":false},"author":1788,"featured_media":0,"comment_status":"closed","ping_status":"closed","sticky":false,"template":"","format":"standard","meta":{"fifu_image_url":"","fifu_image_alt":"","footnotes":""},"categories":[54,76],"tags":[],"class_list":["post-22205","post","type-post","status-publish","format-standard","hentry","category-maroc","category-regions"],"_links":{"self":[{"href":"https:\/\/linitiative.ca\/International\/wp-json\/wp\/v2\/posts\/22205","targetHints":{"allow":["GET"]}}],"collection":[{"href":"https:\/\/linitiative.ca\/International\/wp-json\/wp\/v2\/posts"}],"about":[{"href":"https:\/\/linitiative.ca\/International\/wp-json\/wp\/v2\/types\/post"}],"author":[{"embeddable":true,"href":"https:\/\/linitiative.ca\/International\/wp-json\/wp\/v2\/users\/1788"}],"replies":[{"embeddable":true,"href":"https:\/\/linitiative.ca\/International\/wp-json\/wp\/v2\/comments?post=22205"}],"version-history":[{"count":0,"href":"https:\/\/linitiative.ca\/International\/wp-json\/wp\/v2\/posts\/22205\/revisions"}],"wp:attachment":[{"href":"https:\/\/linitiative.ca\/International\/wp-json\/wp\/v2\/media?parent=22205"}],"wp:term":[{"taxonomy":"category","embeddable":true,"href":"https:\/\/linitiative.ca\/International\/wp-json\/wp\/v2\/categories?post=22205"},{"taxonomy":"post_tag","embeddable":true,"href":"https:\/\/linitiative.ca\/International\/wp-json\/wp\/v2\/tags?post=22205"}],"curies":[{"name":"wp","href":"https:\/\/api.w.org\/{rel}","templated":true}]}}