{"id":22209,"date":"2019-03-16T15:14:07","date_gmt":"2019-03-16T19:14:07","guid":{"rendered":"https:\/\/linitiative.ca\/International\/pros-boulaya-la-ligue-1-on-y-pense\/"},"modified":"2019-03-16T15:14:07","modified_gmt":"2019-03-16T19:14:07","slug":"pros-boulaya-la-ligue-1-on-y-pense","status":"publish","type":"post","link":"https:\/\/linitiative.ca\/International\/pros-boulaya-la-ligue-1-on-y-pense\/","title":{"rendered":"Pros : Boulaya: \u00abLa Ligue 1, on y pense\u00bb"},"content":{"rendered":"<div readability=\"32\">\n<p>Auteur : <span>Riad O.<\/span> <span class=\"time\">samedi 16 mars 2019 18:19<\/span><\/p>\n<\/div>\n<div id=\"post_core\" readability=\"41\">\n<p>Alors que son \u00e9quipe s\u2019est facilement impos\u00e9e (3-0) face \u00e0 Niort lors de la 29\u00e8me journ\u00e9e de la Domino\u2019s Ligue 2, l\u2019attaquant Alg\u00e9rien du FC Metz, Farid Boulaya a confi\u00e9, \u00e0 l\u2019issue de la rencontre, que les Messins y croient plus que jamais en leurs chances d\u2019acc\u00e9der en Ligue 1 Conforama\u00a0:\u00a0\u00abPar le pass\u00e9, nous avons eu pas mal de matchs o\u00f9 nous ne parvenions pas \u00e0 les tuer. Nous avons pu le faire et nous avons pu g\u00e9rer en fin de match. L\u2019objectif est la Ligue 1. On y pense. En plus, nous sommes leaders depuis la 2e journ\u00e9e. Il ne faut pas l\u00e2cher. Nous avons r\u00e9ussi \u00e0 gagner la premi\u00e8re des 10 finales. Nous devrons encha\u00eener par la suite.\u00bb a d\u00e9clar\u00e9 au\u00a0 micro de beIN Sports.<\/p>\n<p><strong>Publi\u00e9 dans :<\/strong> <span>Boulaya<\/span><\/p>\n<\/div>\n<p>Auteur:<br \/>\n<a href=\"http:\/\/www.lebuteur.com\/article\/detail?titre=boulaya-la-ligue-1-on-y-pense&#038;id=87208&#038;utm_source=feedburner&#038;utm_medium=feed&#038;utm_campaign=Feed%3A+GalerieFArtciles+%28Les+derniers+articles++-+lebuteur.com%29\">Cliquez ici pour lire l&rsquo;article depuis sa source.<\/a><\/p>\n","protected":false},"excerpt":{"rendered":"<p>Auteur : Riad O. samedi 16 mars 2019 18:19 Alors que son \u00e9quipe s\u2019est facilement impos\u00e9e (3-0) face \u00e0 Niort lors de la 29\u00e8me journ\u00e9e de la Domino\u2019s Ligue 2, l\u2019attaquant Alg\u00e9rien du FC Metz, Farid Boulaya a confi\u00e9, \u00e0 l\u2019issue de la rencontre, que les Messins y croient plus que jamais en leurs chances [&hellip;]<\/p>\n","protected":false},"author":1738,"featured_media":22210,"comment_status":"closed","ping_status":"closed","sticky":false,"template":"","format":"standard","meta":{"fifu_image_url":"","fifu_image_alt":"","footnotes":""},"categories":[53,75],"tags":[],"class_list":["post-22209","post","type-post","status-publish","format-standard","has-post-thumbnail","hentry","category-algerie","category-sport"],"_links":{"self":[{"href":"https:\/\/linitiative.ca\/International\/wp-json\/wp\/v2\/posts\/22209","targetHints":{"allow":["GET"]}}],"collection":[{"href":"https:\/\/linitiative.ca\/International\/wp-json\/wp\/v2\/posts"}],"about":[{"href":"https:\/\/linitiative.ca\/International\/wp-json\/wp\/v2\/types\/post"}],"author":[{"embeddable":true,"href":"https:\/\/linitiative.ca\/International\/wp-json\/wp\/v2\/users\/1738"}],"replies":[{"embeddable":true,"href":"https:\/\/linitiative.ca\/International\/wp-json\/wp\/v2\/comments?post=22209"}],"version-history":[{"count":0,"href":"https:\/\/linitiative.ca\/International\/wp-json\/wp\/v2\/posts\/22209\/revisions"}],"wp:featuredmedia":[{"embeddable":true,"href":"https:\/\/linitiative.ca\/International\/wp-json\/"}],"wp:attachment":[{"href":"https:\/\/linitiative.ca\/International\/wp-json\/wp\/v2\/media?parent=22209"}],"wp:term":[{"taxonomy":"category","embeddable":true,"href":"https:\/\/linitiative.ca\/International\/wp-json\/wp\/v2\/categories?post=22209"},{"taxonomy":"post_tag","embeddable":true,"href":"https:\/\/linitiative.ca\/International\/wp-json\/wp\/v2\/tags?post=22209"}],"curies":[{"name":"wp","href":"https:\/\/api.w.org\/{rel}","templated":true}]}}