{"id":22211,"date":"2019-03-16T15:14:08","date_gmt":"2019-03-16T19:14:08","guid":{"rendered":"https:\/\/linitiative.ca\/International\/pros-vieira-atal-a-fait-de-mauvais-choix-face-a-toulouse\/"},"modified":"2019-03-16T15:14:08","modified_gmt":"2019-03-16T19:14:08","slug":"pros-vieira-atal-a-fait-de-mauvais-choix-face-a-toulouse","status":"publish","type":"post","link":"https:\/\/linitiative.ca\/International\/pros-vieira-atal-a-fait-de-mauvais-choix-face-a-toulouse\/","title":{"rendered":"Pros : Vieira : \u00abAtal a fait de mauvais choix face \u00e0 Toulouse\u00bb"},"content":{"rendered":"<div readability=\"32\">\n<p>Auteur : <span>Riad O.<\/span> <span class=\"time\">samedi 16 mars 2019 18:20<\/span><\/p>\n<\/div>\n<div id=\"post_core\" readability=\"41\">\n<p>L&rsquo;OGC Nice a manqu\u00e9 une belle occasion de se replacer dans la course \u00e0 l&rsquo;Europe. Les Aiglons ont men\u00e9 pendant plus d&rsquo;une heure contre Toulouse, vendredi soir en ouverture de la 29e journ\u00e9e. Mais, les joueurs de Patrick Vieira ont fini par se faire rattraper (1-1) en toute fin de match par les Toulousains. En conf\u00e9rence de presse d&rsquo;apr\u00e8s-match, Patrick Vieira est revenu sur le match nul, tout reprochant \u00e0 ses deux lat\u00e9raux, Youcef Atal et Saint-Maximin d\u2019avoir fait des mauvais choix\u00a0:\u00a0\u00abL\u2019autre moyen ce serait d\u2019avoir un jeu plus collectif. Vous \u00e9voquez Youcef et Alan. Aujourd\u2019hui, ils ont aussi fait des mauvais choix et c\u2019est une des raisons pour laquelle on n\u2019a pas eu beaucoup de situations. Il faut jouer avec ses copains pour mettre en danger l\u2019adversaire. Je sais que tout le monde pense que ces deux joueurs peuvent faire la diff\u00e9rence mais ils ont besoin des autres pour briller.\u00bb<\/p>\n<p><strong>Publi\u00e9 dans :<\/strong> <span>Atal<\/span><\/p>\n<\/div>\n<p>Auteur:<br \/>\n<a href=\"http:\/\/www.lebuteur.com\/article\/detail?titre=vieira-atal-a-fait-de-mauvais-choix-face-a-toulouse&#038;id=87209&#038;utm_source=feedburner&#038;utm_medium=feed&#038;utm_campaign=Feed%3A+GalerieFArtciles+%28Les+derniers+articles++-+lebuteur.com%29\">Cliquez ici pour lire l&rsquo;article depuis sa source.<\/a><\/p>\n","protected":false},"excerpt":{"rendered":"<p>Auteur : Riad O. samedi 16 mars 2019 18:20 L&rsquo;OGC Nice a manqu\u00e9 une belle occasion de se replacer dans la course \u00e0 l&rsquo;Europe. Les Aiglons ont men\u00e9 pendant plus d&rsquo;une heure contre Toulouse, vendredi soir en ouverture de la 29e journ\u00e9e. Mais, les joueurs de Patrick Vieira ont fini par se faire rattraper (1-1) [&hellip;]<\/p>\n","protected":false},"author":1738,"featured_media":22212,"comment_status":"closed","ping_status":"closed","sticky":false,"template":"","format":"standard","meta":{"fifu_image_url":"","fifu_image_alt":"","footnotes":""},"categories":[53,75],"tags":[],"class_list":["post-22211","post","type-post","status-publish","format-standard","has-post-thumbnail","hentry","category-algerie","category-sport"],"_links":{"self":[{"href":"https:\/\/linitiative.ca\/International\/wp-json\/wp\/v2\/posts\/22211","targetHints":{"allow":["GET"]}}],"collection":[{"href":"https:\/\/linitiative.ca\/International\/wp-json\/wp\/v2\/posts"}],"about":[{"href":"https:\/\/linitiative.ca\/International\/wp-json\/wp\/v2\/types\/post"}],"author":[{"embeddable":true,"href":"https:\/\/linitiative.ca\/International\/wp-json\/wp\/v2\/users\/1738"}],"replies":[{"embeddable":true,"href":"https:\/\/linitiative.ca\/International\/wp-json\/wp\/v2\/comments?post=22211"}],"version-history":[{"count":0,"href":"https:\/\/linitiative.ca\/International\/wp-json\/wp\/v2\/posts\/22211\/revisions"}],"wp:featuredmedia":[{"embeddable":true,"href":"https:\/\/linitiative.ca\/International\/wp-json\/"}],"wp:attachment":[{"href":"https:\/\/linitiative.ca\/International\/wp-json\/wp\/v2\/media?parent=22211"}],"wp:term":[{"taxonomy":"category","embeddable":true,"href":"https:\/\/linitiative.ca\/International\/wp-json\/wp\/v2\/categories?post=22211"},{"taxonomy":"post_tag","embeddable":true,"href":"https:\/\/linitiative.ca\/International\/wp-json\/wp\/v2\/tags?post=22211"}],"curies":[{"name":"wp","href":"https:\/\/api.w.org\/{rel}","templated":true}]}}