{"id":22219,"date":"2019-03-16T15:14:13","date_gmt":"2019-03-16T19:14:13","guid":{"rendered":"https:\/\/linitiative.ca\/International\/pros-boudebouz-sur-le-banc-face-au-real\/"},"modified":"2019-03-16T15:14:13","modified_gmt":"2019-03-16T19:14:13","slug":"pros-boudebouz-sur-le-banc-face-au-real","status":"publish","type":"post","link":"https:\/\/linitiative.ca\/International\/pros-boudebouz-sur-le-banc-face-au-real\/","title":{"rendered":"Pros : Boudebouz sur le banc face au Real"},"content":{"rendered":"<div readability=\"32\">\n<p>Auteur : <span>Riad O.<\/span> <span class=\"time\">samedi 16 mars 2019 19:35<\/span><\/p>\n<\/div>\n<div id=\"post_core\" readability=\"37\">\n<p>Comme il fallait bien s\u2019y attendre, Ryad Boudebouz n\u2019a pas \u00e9t\u00e9 align\u00e9 par son coach, Francisco Escriba aujourd\u2019hui face au Real Madrid lors de la 28\u00e8me journ\u00e9e du championnat espagnol. L\u2019ancien soci\u00e9taire de Montpellier a assist\u00e9 du banc des rempla\u00e7ants \u00e0 la d\u00e9faite des siens face aux hommes de Zidane. Les deux buts du Real ont \u00e9t\u00e9 l\u2019\u0153uvre d\u2019Isco et Bale.<\/p>\n<p><strong>Publi\u00e9 dans :<\/strong> <span>boudebouz<\/span><\/p>\n<\/div>\n<p>Auteur:<br \/>\n<a href=\"http:\/\/www.lebuteur.com\/article\/detail?titre=boudebouz-sur-le-banc-face-au-real&#038;id=87212&#038;utm_source=feedburner&#038;utm_medium=feed&#038;utm_campaign=Feed%3A+GalerieFArtciles+%28Les+derniers+articles++-+lebuteur.com%29\">Cliquez ici pour lire l&rsquo;article depuis sa source.<\/a><\/p>\n","protected":false},"excerpt":{"rendered":"<p>Auteur : Riad O. samedi 16 mars 2019 19:35 Comme il fallait bien s\u2019y attendre, Ryad Boudebouz n\u2019a pas \u00e9t\u00e9 align\u00e9 par son coach, Francisco Escriba aujourd\u2019hui face au Real Madrid lors de la 28\u00e8me journ\u00e9e du championnat espagnol. L\u2019ancien soci\u00e9taire de Montpellier a assist\u00e9 du banc des rempla\u00e7ants \u00e0 la d\u00e9faite des siens face [&hellip;]<\/p>\n","protected":false},"author":1738,"featured_media":22220,"comment_status":"closed","ping_status":"closed","sticky":false,"template":"","format":"standard","meta":{"fifu_image_url":"","fifu_image_alt":"","footnotes":""},"categories":[53,75],"tags":[],"class_list":["post-22219","post","type-post","status-publish","format-standard","has-post-thumbnail","hentry","category-algerie","category-sport"],"_links":{"self":[{"href":"https:\/\/linitiative.ca\/International\/wp-json\/wp\/v2\/posts\/22219","targetHints":{"allow":["GET"]}}],"collection":[{"href":"https:\/\/linitiative.ca\/International\/wp-json\/wp\/v2\/posts"}],"about":[{"href":"https:\/\/linitiative.ca\/International\/wp-json\/wp\/v2\/types\/post"}],"author":[{"embeddable":true,"href":"https:\/\/linitiative.ca\/International\/wp-json\/wp\/v2\/users\/1738"}],"replies":[{"embeddable":true,"href":"https:\/\/linitiative.ca\/International\/wp-json\/wp\/v2\/comments?post=22219"}],"version-history":[{"count":0,"href":"https:\/\/linitiative.ca\/International\/wp-json\/wp\/v2\/posts\/22219\/revisions"}],"wp:featuredmedia":[{"embeddable":true,"href":"https:\/\/linitiative.ca\/International\/wp-json\/"}],"wp:attachment":[{"href":"https:\/\/linitiative.ca\/International\/wp-json\/wp\/v2\/media?parent=22219"}],"wp:term":[{"taxonomy":"category","embeddable":true,"href":"https:\/\/linitiative.ca\/International\/wp-json\/wp\/v2\/categories?post=22219"},{"taxonomy":"post_tag","embeddable":true,"href":"https:\/\/linitiative.ca\/International\/wp-json\/wp\/v2\/tags?post=22219"}],"curies":[{"name":"wp","href":"https:\/\/api.w.org\/{rel}","templated":true}]}}