{"id":22252,"date":"2019-03-16T11:47:23","date_gmt":"2019-03-16T15:47:23","guid":{"rendered":"https:\/\/linitiative.ca\/International\/86936-cyclisme-tour-de-mauritanie-juniors-l-algerie-presente-avec-six-athletes-a-nouakchott\/"},"modified":"2019-03-16T11:47:23","modified_gmt":"2019-03-16T15:47:23","slug":"86936-cyclisme-tour-de-mauritanie-juniors-l-algerie-presente-avec-six-athletes-a-nouakchott","status":"publish","type":"post","link":"https:\/\/linitiative.ca\/International\/86936-cyclisme-tour-de-mauritanie-juniors-l-algerie-presente-avec-six-athletes-a-nouakchott\/","title":{"rendered":"Cyclisme-tour de Mauritanie (Jrs): l&rsquo;Alg\u00e9rie pr\u00e9sente avec six athl\u00e8tes"},"content":{"rendered":"<div>\n<div class=\"K2FeedImage\"><img decoding=\"async\" src=\"http:\/\/www.aps.dz\/media\/k2\/items\/cache\/14e234fa9141275ab6c848f08ab30105_S.jpg\" alt=\"Cyclisme-tour de Mauritanie (Jrs): l'Alg\u00e9rie pr\u00e9sente avec six athl\u00e8tes\"><\/div>\n<div class=\"K2FeedIntroText\">\n<p>ALGER- Six jeunes cyclistes vont repr\u00e9senter l&rsquo;Alg\u00e9rie au Tour de Mauritanie \u00ab\u00a0Juniors\u00a0\u00bb, pr\u00e9vu en cinq \u00e9tapes, du 19 au 24 mars 2019, entre la capitale Nouakchott et Zouerate, a-t-on appris vendredi aupr\u00e8s de la F\u00e9d\u00e9ration alg\u00e9rienne de la discipline (FAC).<\/p>\n<\/div>\n<div class=\"K2FeedFullText\">\n<blockquote>\n<p><em><strong>Il s&rsquo;agit de Seddik Benganif, Ayoub Sahiri, Youcef Bioukhari, Youcef Boudhar, Zaki Farsadou et Hamza Amari, sous la direction du coach national Abdenour Bendib.<\/strong><\/em><\/p>\n<\/blockquote>\n<p>La s\u00e9lection nationale s&rsquo;envole samedi soir pour Nouakchott, pour \u00eatre sur place un peu \u00e0 l&rsquo;avance et permettre ainsi aux athl\u00e8tes de r\u00e9cup\u00e9rer avant le coup d&rsquo;envoi de la comp\u00e9tition.<\/p>\n<p>Au total, 12 pays devraient prendre part au Tour de Mauritanie : le S\u00e9n\u00e9gal, le Mali, la Gambie, la Guin\u00e9e, le Burkina Faso, l&rsquo;Alg\u00e9rie, le Maroc, la Tunisie, la France, la Libye, les Emirats Arabes-Unis et la Mauritanie, pays h\u00f4te de la comp\u00e9tition.<\/p>\n<p>\u00a0<\/p>\n<p><strong>Les \u00e9tapes du Tour de Mauritanie :<\/strong><\/p>\n<p>1re \u00e9tape : Nouakchott &#8211; A\u00e9roport Oum Tounsi &#8211; Nouackott<\/p>\n<p>2e \u00e9tape : Berjeimatt &#8211; Akjoojt<\/p>\n<p>3e \u00e9tape : Aoujeft &#8211; Atar<\/p>\n<p>4e \u00e9tape : Kseit Torchane &#8211; Choum<\/p>\n<p>5e \u00e9tape : Zou\u00e9rate &#8211; Fderick &#8211; Zouerate.<\/p>\n<\/div>\n<p><img loading=\"lazy\" decoding=\"async\" src=\"http:\/\/feeds.feedburner.com\/~r\/aps-sport\/~4\/G2ZaYexBDyM\" height=\"1\" width=\"1\" alt=\"\"><\/div>\n<p>Auteur:<br \/>\n<a href=\"http:\/\/www.aps.dz\/sport\/86936-cyclisme-tour-de-mauritanie-juniors-l-algerie-presente-avec-six-athletes-a-nouakchott?utm_source=feedburner&#038;utm_medium=feed&#038;utm_campaign=Feed%3A+aps-sport+%28APS+-+SPORT%29\">Cliquez ici pour lire l&rsquo;article depuis sa source.<\/a><\/p>\n","protected":false},"excerpt":{"rendered":"<p>ALGER- Six jeunes cyclistes vont repr\u00e9senter l&rsquo;Alg\u00e9rie au Tour de Mauritanie \u00ab\u00a0Juniors\u00a0\u00bb, pr\u00e9vu en cinq \u00e9tapes, du 19 au 24 mars 2019, entre la capitale Nouakchott et Zouerate, a-t-on appris vendredi aupr\u00e8s de la F\u00e9d\u00e9ration alg\u00e9rienne de la discipline (FAC). Il s&rsquo;agit de Seddik Benganif, Ayoub Sahiri, Youcef Bioukhari, Youcef Boudhar, Zaki Farsadou et Hamza [&hellip;]<\/p>\n","protected":false},"author":1790,"featured_media":22253,"comment_status":"closed","ping_status":"closed","sticky":false,"template":"","format":"standard","meta":{"fifu_image_url":"","fifu_image_alt":"","footnotes":""},"categories":[53,75],"tags":[],"class_list":["post-22252","post","type-post","status-publish","format-standard","has-post-thumbnail","hentry","category-algerie","category-sport"],"_links":{"self":[{"href":"https:\/\/linitiative.ca\/International\/wp-json\/wp\/v2\/posts\/22252","targetHints":{"allow":["GET"]}}],"collection":[{"href":"https:\/\/linitiative.ca\/International\/wp-json\/wp\/v2\/posts"}],"about":[{"href":"https:\/\/linitiative.ca\/International\/wp-json\/wp\/v2\/types\/post"}],"author":[{"embeddable":true,"href":"https:\/\/linitiative.ca\/International\/wp-json\/wp\/v2\/users\/1790"}],"replies":[{"embeddable":true,"href":"https:\/\/linitiative.ca\/International\/wp-json\/wp\/v2\/comments?post=22252"}],"version-history":[{"count":0,"href":"https:\/\/linitiative.ca\/International\/wp-json\/wp\/v2\/posts\/22252\/revisions"}],"wp:featuredmedia":[{"embeddable":true,"href":"https:\/\/linitiative.ca\/International\/wp-json\/"}],"wp:attachment":[{"href":"https:\/\/linitiative.ca\/International\/wp-json\/wp\/v2\/media?parent=22252"}],"wp:term":[{"taxonomy":"category","embeddable":true,"href":"https:\/\/linitiative.ca\/International\/wp-json\/wp\/v2\/categories?post=22252"},{"taxonomy":"post_tag","embeddable":true,"href":"https:\/\/linitiative.ca\/International\/wp-json\/wp\/v2\/tags?post=22252"}],"curies":[{"name":"wp","href":"https:\/\/api.w.org\/{rel}","templated":true}]}}