{"id":22254,"date":"2019-03-16T13:44:00","date_gmt":"2019-03-16T17:44:00","guid":{"rendered":"https:\/\/linitiative.ca\/International\/attaque-en-nouvelle-zelande-un-algerien-blesse\/"},"modified":"2019-03-16T13:44:00","modified_gmt":"2019-03-16T17:44:00","slug":"attaque-en-nouvelle-zelande-un-algerien-blesse","status":"publish","type":"post","link":"https:\/\/linitiative.ca\/International\/attaque-en-nouvelle-zelande-un-algerien-blesse\/","title":{"rendered":"ATTAQUE EN NOUVELLE-ZELANDE : Un Alg\u00e9rien bless\u00e9"},"content":{"rendered":"<p><br id=\"sep_para_1\" class=\"sep_para access\"\/><\/p>\n<div id=\"para_1\" class=\"para_29805010 resize\">\n<div class=\"texte access firstletter\">Un ressortissant alg\u00e9rien figure parmi les victimes de l\u2019attaque terroriste contre deux mosqu\u00e9es en Nouvelle-Z\u00e9lande. Selon le journal El Bilad, il s\u2019agit de Tarek Chenaka. Ce dernier, originaire d\u2019Ain Temouchent, exerce comme correspondant d\u2019El Bilad en Nouvelle-Z\u00e9lande, selon la m\u00eame source. Il est actuellement soign\u00e9 dans un h\u00f4pital local. Le bilan de l\u2019attaque contre les deux mosqu\u00e9es est lourd : 49 morts et 20 bless\u00e9s graves. Mais les autorit\u00e9s craignent que le nombre de victimes ne s\u2019alourdisse. \u201cL\u2019un des assaillants qui a \u00e9t\u00e9 arr\u00eat\u00e9 compara\u00eetra demain devant le tribunal \u00e0 Christchurch\u201d, selon la presse locale.\u00a0<\/div>\n<\/div>\n<p>Auteur: Ismain<br \/>\n<a href=\"https:\/\/www.reflexiondz.net\/ATTAQUE-EN-NOUVELLE-ZELANDE-Un-Algerien-blesse_a54963.html\">Cliquez ici pour lire l&rsquo;article depuis sa source.<\/a><\/p>\n","protected":false},"excerpt":{"rendered":"<p>Un ressortissant alg\u00e9rien figure parmi les victimes de l\u2019attaque terroriste contre deux mosqu\u00e9es en Nouvelle-Z\u00e9lande. Selon le journal El Bilad, il s\u2019agit de Tarek Chenaka. Ce dernier, originaire d\u2019Ain Temouchent, exerce comme correspondant d\u2019El Bilad en Nouvelle-Z\u00e9lande, selon la m\u00eame source. Il est actuellement soign\u00e9 dans un h\u00f4pital local. Le bilan de l\u2019attaque contre les [&hellip;]<\/p>\n","protected":false},"author":1740,"featured_media":0,"comment_status":"closed","ping_status":"closed","sticky":false,"template":"","format":"standard","meta":{"fifu_image_url":"","fifu_image_alt":"","footnotes":""},"categories":[53,76],"tags":[],"class_list":["post-22254","post","type-post","status-publish","format-standard","hentry","category-algerie","category-regions"],"_links":{"self":[{"href":"https:\/\/linitiative.ca\/International\/wp-json\/wp\/v2\/posts\/22254","targetHints":{"allow":["GET"]}}],"collection":[{"href":"https:\/\/linitiative.ca\/International\/wp-json\/wp\/v2\/posts"}],"about":[{"href":"https:\/\/linitiative.ca\/International\/wp-json\/wp\/v2\/types\/post"}],"author":[{"embeddable":true,"href":"https:\/\/linitiative.ca\/International\/wp-json\/wp\/v2\/users\/1740"}],"replies":[{"embeddable":true,"href":"https:\/\/linitiative.ca\/International\/wp-json\/wp\/v2\/comments?post=22254"}],"version-history":[{"count":0,"href":"https:\/\/linitiative.ca\/International\/wp-json\/wp\/v2\/posts\/22254\/revisions"}],"wp:attachment":[{"href":"https:\/\/linitiative.ca\/International\/wp-json\/wp\/v2\/media?parent=22254"}],"wp:term":[{"taxonomy":"category","embeddable":true,"href":"https:\/\/linitiative.ca\/International\/wp-json\/wp\/v2\/categories?post=22254"},{"taxonomy":"post_tag","embeddable":true,"href":"https:\/\/linitiative.ca\/International\/wp-json\/wp\/v2\/tags?post=22254"}],"curies":[{"name":"wp","href":"https:\/\/api.w.org\/{rel}","templated":true}]}}