{"id":22275,"date":"2019-03-16T06:00:00","date_gmt":"2019-03-16T10:00:00","guid":{"rendered":"https:\/\/linitiative.ca\/International\/masque-au-concombre-coup-declat-a-faire-soi-meme\/"},"modified":"2019-03-16T06:00:00","modified_gmt":"2019-03-16T10:00:00","slug":"masque-au-concombre-coup-declat-a-faire-soi-meme","status":"publish","type":"post","link":"https:\/\/linitiative.ca\/International\/masque-au-concombre-coup-declat-a-faire-soi-meme\/","title":{"rendered":"Masque au concombre \u00abcoup d&rsquo;\u00e9clat\u00bb \u00e0 faire soi-m\u00eame"},"content":{"rendered":"<p>Rafra\u00eechissant, ce masque au concombre pour le visage lisse la peau, la d\u00e9salt\u00e8re et la rend plus lumineuse. \u00c0 utiliser imm\u00e9diatement apr\u00e8s pr\u00e9paration.<\/p>\n<p><strong>Le concombre :<\/strong><br \/>V\u00e9ritable cocktail de vitamines, d&rsquo;oligo-\u00e9l\u00e9ments et de min\u00e9raux, il s&rsquo;av\u00e8re particuli\u00e8rement hydratant et adoucissant. Il apporte aussi \u00e9clat et lumi\u00e8re aux teints ternes. Son action purifiante et l\u00e9g\u00e8rement astringente est int\u00e9ressante pour les peaux mixtes et grasses.\u00a0<br \/><strong>Le miel :\u00a0<\/strong><br \/>Il regorge de sels min\u00e9raux, d&rsquo;oligo-\u00e9l\u00e9ments, de vitamines, d&rsquo;acide formique, de substances antibiotiques et aromatiques. Le miel est tout \u00e0 la fois antiseptique, purifiant, adoucissant, antioxydant, r\u00e9g\u00e9n\u00e9rant, hydratant, cicatrisant et \u00e9mollient.<br \/><strong>La cr\u00e8me fra\u00eeche :<\/strong><br \/>Avec ses propri\u00e9t\u00e9s nourrissante, hydratante et adoucissante, elle apporte un suppl\u00e9ment d&rsquo;eau \u00e0 la peau. Elle redonne aussi de l&rsquo;\u00e9clat au teint gr\u00e2ce \u00e0 sa teneur en acide lactique.<\/p>\n<p><strong>Recette pour le masque au concombre<br \/>Ingr\u00e9dients<\/strong><br \/>4 ou 5 tranches de concombre bio<br \/>1\/4 de cuiller\u00e9e \u00e0 caf\u00e9 de miel<br \/>1 cuiller\u00e9e \u00e0 soupe de cr\u00e8me fra\u00eeche<br \/><strong>R\u00e9alisation<\/strong><br \/>\u00c9pluchez le concombre et coupez-le en tranches.<br \/>Placez les rondelles et la cr\u00e8me fra\u00eeche dans un mixeur.<br \/>Mixez, puis ajoutez le miel.<br \/>M\u00e9langez, c&rsquo;est pr\u00eat !<br \/><strong>Comment utiliser le masque au concombre et au miel ?<\/strong><br \/>R\u00e9partissez le masque sur l&rsquo;ensemble du cou et du visage, \u00e0 l&rsquo;exception du contour de l&rsquo;\u0153il.<br \/>Laissez agir pendant 5 minutes.<br \/>Faites un l\u00e9ger massage circulaire du bout des doigts.<br \/>Rincez le masque \u00e0 l&rsquo;eau claire.\u00a0<br \/>Appliquez ensuite votre cr\u00e8me hydratante habituelle.<\/p>\n<p>Auteur:<br \/>\n<a href=\"https:\/\/www.lesoirdalgerie.com\/femme-magazine\/masque-au-concombre-coup-declat-a-faire-soi-meme-20621\">Cliquez ici pour lire l&rsquo;article depuis sa source.<\/a><\/p>\n","protected":false},"excerpt":{"rendered":"<p>Rafra\u00eechissant, ce masque au concombre pour le visage lisse la peau, la d\u00e9salt\u00e8re et la rend plus lumineuse. \u00c0 utiliser imm\u00e9diatement apr\u00e8s pr\u00e9paration. Le concombre :V\u00e9ritable cocktail de vitamines, d&rsquo;oligo-\u00e9l\u00e9ments et de min\u00e9raux, il s&rsquo;av\u00e8re particuli\u00e8rement hydratant et adoucissant. Il apporte aussi \u00e9clat et lumi\u00e8re aux teints ternes. Son action purifiante et l\u00e9g\u00e8rement astringente est [&hellip;]<\/p>\n","protected":false},"author":1741,"featured_media":0,"comment_status":"closed","ping_status":"closed","sticky":false,"template":"","format":"standard","meta":{"fifu_image_url":"","fifu_image_alt":"","footnotes":""},"categories":[73,53],"tags":[],"class_list":["post-22275","post","type-post","status-publish","format-standard","hentry","category-actualite","category-algerie"],"_links":{"self":[{"href":"https:\/\/linitiative.ca\/International\/wp-json\/wp\/v2\/posts\/22275","targetHints":{"allow":["GET"]}}],"collection":[{"href":"https:\/\/linitiative.ca\/International\/wp-json\/wp\/v2\/posts"}],"about":[{"href":"https:\/\/linitiative.ca\/International\/wp-json\/wp\/v2\/types\/post"}],"author":[{"embeddable":true,"href":"https:\/\/linitiative.ca\/International\/wp-json\/wp\/v2\/users\/1741"}],"replies":[{"embeddable":true,"href":"https:\/\/linitiative.ca\/International\/wp-json\/wp\/v2\/comments?post=22275"}],"version-history":[{"count":0,"href":"https:\/\/linitiative.ca\/International\/wp-json\/wp\/v2\/posts\/22275\/revisions"}],"wp:attachment":[{"href":"https:\/\/linitiative.ca\/International\/wp-json\/wp\/v2\/media?parent=22275"}],"wp:term":[{"taxonomy":"category","embeddable":true,"href":"https:\/\/linitiative.ca\/International\/wp-json\/wp\/v2\/categories?post=22275"},{"taxonomy":"post_tag","embeddable":true,"href":"https:\/\/linitiative.ca\/International\/wp-json\/wp\/v2\/tags?post=22275"}],"curies":[{"name":"wp","href":"https:\/\/api.w.org\/{rel}","templated":true}]}}