{"id":22276,"date":"2019-03-16T06:00:00","date_gmt":"2019-03-16T10:00:00","guid":{"rendered":"https:\/\/linitiative.ca\/International\/le-dernier-coup-de-poker-de-bouteflika\/"},"modified":"2019-03-16T06:00:00","modified_gmt":"2019-03-16T10:00:00","slug":"le-dernier-coup-de-poker-de-bouteflika","status":"publish","type":"post","link":"https:\/\/linitiative.ca\/International\/le-dernier-coup-de-poker-de-bouteflika\/","title":{"rendered":"Le dernier coup de poker  de Bouteflika ?"},"content":{"rendered":"<p class=\"c3\">Son mandat prend fin le 16 avril. Au-del\u00e0, il n\u2019aura plus \u00ab la l\u00e9gitimit\u00e9 des urnes \u00bb, assure Fatiha Benabou, juriste constitutionnel sur le site TSA. Il reste donc au chef de l\u2019Etat en fin de mandat un peu plus d\u2019un mois de pouvoir.\u00a0<br \/>Un mois, c\u2019est court. Avec la nomination de N. Bedoui et de Lamtane Lamamra, ce dernier \u00e0 la fois vice-Premier ministre \u2013 une premi\u00e8re dans les annales politiques\u2013 et chef de la diplomatie, poste qu\u2019il a d\u00e9j\u00e0 occup\u00e9, et de Lakhdar Brahimi (85 ans) comme pr\u00e9sident de la conf\u00e9rence nationale charg\u00e9e de la transition, une figure respect\u00e9e sur la sc\u00e8ne diplomatique internationale, Abdelaziz Bouteflika pensait avoir abattu ses atouts ma\u00eetres. Or, \u00e7a ne va rien changer \u00e0 la situation.\u00a0<br \/>La rue a r\u00e9pondu. Elle a oppos\u00e9 une fin de non-recevoir aux propositions du chef de l\u2019Etat sortant qui pensait ainsi garder la main sur la transition propos\u00e9e. Son renoncement \u00e0 briguer un 5e mandat n\u2019a convaincu personne car il s\u2019apparente \u00e0 une prolongation du 4e mandat, ce qui, par d\u00e9finition, est une violation d\u2019une Constitution qu\u2019il a lui-m\u00eame fait adopter par un Parlement aux ordres.\u00a0<br \/>Les jeunes et moins jeunes refusent l\u2019alternative propos\u00e9e, ils refusent de jouer les prolongations, cette sorte de troisi\u00e8me mi-temps, alors que la pression populaire a invers\u00e9 les priorit\u00e9s. Surtout que la transition propos\u00e9e s\u2019inscrit dans un temps long, entre une et deux ann\u00e9es, alors que son mandat se termine le 18 avril. Et pire, ils ne l\u2019ont pas cru quand il a affirm\u00e9 qu\u2019il n\u2019avait jamais \u00e9t\u00e9 question pour lui de briguer un 5e mandat.\u00a0<br \/>Si cela est vrai, cela signifie que le chef de l\u2019Etat n\u2019\u00e9tait pas ma\u00eetre de ses d\u00e9cisions. D\u00e8s lors, qui a fait croire aux Alg\u00e9riens qu\u2019il le briguait, ce 5e mandat? De toute mani\u00e8re, c\u2019est trop tard. Lui ou son entourage se sont obstin\u00e9s \u00e0 maintenir cette candidature surr\u00e9aliste d\u2019un candidat malade, pendant que son Premier ministre n\u2019\u00e9cartait pas de recourir \u00e0 la force tout en agitant le spectre d\u2019un chaos syrien ou libyen afin de faire peur, ce \u00e0 quoi les Alg\u00e9riens ont aussit\u00f4t oppos\u00e9 \u00ab l\u2019Alg\u00e9rie n\u2019est ni la Syrie ni la Libye \u00bb.\u00a0\u00a0<br \/>Le nouveau facteur apparu que les gouvernants n\u2019ont pas vu venir, c\u2019est l\u2019entr\u00e9e en politique de la jeunesse. Une jeunesse que le r\u00e9gime croyait avoir d\u00e9politis\u00e9e, apr\u00e8s avoir organis\u00e9 depuis 1999 un vide politique au moyen d\u2019un \u00e9touffement des libert\u00e9s d\u2019expression et de r\u00e9union, de traque des journalistes, des internautes et blogueurs, tout en laissant le salafisme occuper l\u2019espace dans le but de canaliser la col\u00e8re des jeunes en la d\u00e9tournant, contre les femmes, les activit\u00e9s artistiques, les bars\u2026 Le r\u00e9sultat : ces jeunes, en phase avec leur temps, avec une longueur d\u2019avance sur les gouvernants, faisaient de la politique \u00e0 leur mani\u00e8re, via les r\u00e9seaux sociaux.\u00a0<br \/>L\u2019opposition politique, sans base populaire, qui a pass\u00e9 son temps \u00e0 interpeller l\u2019arm\u00e9e notamment pour lui demander de garantir une transition, n\u2019a pas vu non plus l\u2019entr\u00e9e en politique de ces jeunes qui, d\u2019ailleurs, rejettent en bloc, \u00e0 tort ou \u00e0 raison, la classe politique parce que, dans leur esprit, elle ne s\u2019adressait pas \u00e0 eux, mais \u00e0 l\u2019institution militaire.\u00a0<br \/>Un mot encore sur cette rue alg\u00e9rienne qui gronde. Qui est-elle ? L\u2019Alg\u00e9rie de 2019 n\u2019est pas celle de 1988. Ce ne sont pas des mis\u00e9rables en qu\u00eate de pain qui manifestent. Nous ne sommes plus en octobre 1988, contexte d\u2019une \u00e9conomie de p\u00e9nurie o\u00f9 les manifestants en col\u00e8re avaient pill\u00e9 les Souks-el-Fellah. En 2019, il n\u2019y a pas eu de pillage de commerces ni de banques. Signe de maturit\u00e9 politique, la culture de l\u2019\u00e9meute a c\u00e9d\u00e9 la place aux manifestations citoyennes.\u00a0<br \/>L\u2019\u00e9poque a chang\u00e9. La soci\u00e9t\u00e9 s\u2019est modernis\u00e9e et s\u2019est diversifi\u00e9e socialement. Elle est plus \u00e9duqu\u00e9e, plus au fait de ce qui se passe dans le monde. Elle communique plus. Le niveau de vie a \u00e9volu\u00e9. La demande sociale est d\u2019une autre qualit\u00e9, elle n\u2019est pas celle d\u2019un peuple analphab\u00e8te qu\u2019on tente d\u2019abrutir en instrumentalisant le religieux. Ce qui fait que le ch\u00f4mage et la d\u00e9gradation sociale, bien que r\u00e9els, ne sont pas les seuls moteurs de la contestation. C\u2019est cela que le pouvoir politique, ancr\u00e9 dans des certitudes vieilles de 50 ans, passant son temps \u00e0 financer \u00e0 coups de milliards la paix sociale, n\u2019a pas vu venir.\u00a0\u00a0<br \/><em><strong>H. Z.<\/strong><\/em><\/p>\n<p>Auteur:<br \/>\n<a href=\"https:\/\/www.lesoirdalgerie.com\/ce-monde-qui-bouge\/le-dernier-coup-de-poker-de-bouteflika-20595\">Cliquez ici pour lire l&rsquo;article depuis sa source.<\/a><\/p>\n","protected":false},"excerpt":{"rendered":"<p>Son mandat prend fin le 16 avril. Au-del\u00e0, il n\u2019aura plus \u00ab la l\u00e9gitimit\u00e9 des urnes \u00bb, assure Fatiha Benabou, juriste constitutionnel sur le site TSA. Il reste donc au chef de l\u2019Etat en fin de mandat un peu plus d\u2019un mois de pouvoir.\u00a0Un mois, c\u2019est court. Avec la nomination de N. Bedoui et de [&hellip;]<\/p>\n","protected":false},"author":1741,"featured_media":0,"comment_status":"closed","ping_status":"closed","sticky":false,"template":"","format":"standard","meta":{"fifu_image_url":"","fifu_image_alt":"","footnotes":""},"categories":[73,53],"tags":[],"class_list":["post-22276","post","type-post","status-publish","format-standard","hentry","category-actualite","category-algerie"],"_links":{"self":[{"href":"https:\/\/linitiative.ca\/International\/wp-json\/wp\/v2\/posts\/22276","targetHints":{"allow":["GET"]}}],"collection":[{"href":"https:\/\/linitiative.ca\/International\/wp-json\/wp\/v2\/posts"}],"about":[{"href":"https:\/\/linitiative.ca\/International\/wp-json\/wp\/v2\/types\/post"}],"author":[{"embeddable":true,"href":"https:\/\/linitiative.ca\/International\/wp-json\/wp\/v2\/users\/1741"}],"replies":[{"embeddable":true,"href":"https:\/\/linitiative.ca\/International\/wp-json\/wp\/v2\/comments?post=22276"}],"version-history":[{"count":0,"href":"https:\/\/linitiative.ca\/International\/wp-json\/wp\/v2\/posts\/22276\/revisions"}],"wp:attachment":[{"href":"https:\/\/linitiative.ca\/International\/wp-json\/wp\/v2\/media?parent=22276"}],"wp:term":[{"taxonomy":"category","embeddable":true,"href":"https:\/\/linitiative.ca\/International\/wp-json\/wp\/v2\/categories?post=22276"},{"taxonomy":"post_tag","embeddable":true,"href":"https:\/\/linitiative.ca\/International\/wp-json\/wp\/v2\/tags?post=22276"}],"curies":[{"name":"wp","href":"https:\/\/api.w.org\/{rel}","templated":true}]}}