{"id":22278,"date":"2019-03-16T05:35:20","date_gmt":"2019-03-16T09:35:20","guid":{"rendered":"https:\/\/linitiative.ca\/International\/video-forum-afrique-developpement-rencontre-reussie-entre-lest-et-louest\/"},"modified":"2019-03-16T05:35:20","modified_gmt":"2019-03-16T09:35:20","slug":"video-forum-afrique-developpement-rencontre-reussie-entre-lest-et-louest","status":"publish","type":"post","link":"https:\/\/linitiative.ca\/International\/video-forum-afrique-developpement-rencontre-reussie-entre-lest-et-louest\/","title":{"rendered":"Vid\u00e9o. Forum Afrique D\u00e9veloppement : rencontre r\u00e9ussie entre l\u2019Est et l\u2019Ouest"},"content":{"rendered":"<p>\u00c0 l\u2019image des 5 premi\u00e8res \u00e9ditions, le <strong>Forum International Afrique D\u00e9veloppement<\/strong> (FIAD), tenu sous le th\u00e8me \u00ab Quand l\u2019Est rencontre l\u2019Ouest \u00bb a connu, cette ann\u00e9e encore, un franc succ\u00e8s.<\/p>\n<div class=\"c10\"\/>\n<p>Devenu le rendez-vous incontournable pour les rencontres d\u2019\u00e9changes \u00e9conomiques et commerciaux dans le continent africain, le Forum International Afrique D\u00e9veloppement a une fois de plus tenu ses promesses en rassemblant les op\u00e9rateurs \u00e9conomiques et d\u00e9cideurs politiques pour aborder les probl\u00e9matiques li\u00e9es au d\u00e9veloppement en Afrique.<\/p>\n<p>Ce sont plus de 2 000 op\u00e9rateurs provenant de 34 pays africains qui se sont r\u00e9unis \u00e0 Casablanca pour concr\u00e9tiser pr\u00e8s de 5 000 rendez-vous d\u2019affaires en marge des pl\u00e9ni\u00e8res. Parmi les secteurs qui ont compt\u00e9 le plus de demandes de partenariat, on peut citer l\u2019agroalimentaire, les BTP, le n\u00e9goce, la distribution, l\u2019\u00e9nergie et le secteur des transports et logistique.<\/p>\n<p>La restitution des recommandations issues des travaux des deux pl\u00e9ni\u00e8res et des diff\u00e9rents panels a \u00e9t\u00e9 l\u2019un des temps forts de cette c\u00e9r\u00e9monie de cl\u00f4ture. En effet, lors de la premi\u00e8re pl\u00e9ni\u00e8re, un seul mot d\u2019ordre s\u2019est d\u00e9gag\u00e9 : l\u2019<strong>Est<\/strong> et l\u2019Ouest doivent faire converger leurs efforts afin de d\u00e9velopper ensemble d\u2019une part les infrastructures sur le continent africain, notamment les infrastructures de connectivit\u00e9 qui constituent un levier essentiel de l\u2019int\u00e9gration, mais aussi, pour mettre en place les politiques ad\u00e9quates en mati\u00e8re de circulation des personnes. Il a \u00e9t\u00e9 \u00e9galement mis en \u00e9vidence le besoin de d\u00e9velopper les \u00ab Soft infrastructures \u00bb digitales qui peuvent aussi contribuer efficacement \u00e0 l\u2019acc\u00e9l\u00e9ration de l\u2019int\u00e9gration en faveur des PME.<\/p>\n<p>Le panel \u00ab Stand Up for African Women Entrepreneurs \u00bb a quant \u00e0 lui, mis en \u00e9vidence les initiatives et m\u00e9canismes de financement innovants en cours pour soutenir les femmes entrepreneures, ainsi que la n\u00e9cessit\u00e9 d\u2019acc\u00e9l\u00e9rer le d\u00e9ploiement et la communication autour de ces leviers en faveur de l\u2019entrepreneuriat f\u00e9minin.<\/p>\n<p>Ainsi, la convention sign\u00e9e par le groupe <strong>Attijariwafa bank<\/strong> avec la Banque Africaine de D\u00e9veloppement et les Associations Patronales F\u00e9minines s\u2019inscrit pleinement dans ce cadre, et t\u00e9moigne de l\u2019engagement du Groupe pour offrir aux femmes entrepreneures affili\u00e9es et clientes des solutions de conseil, d\u2019accompagnement et de financement avantageuses.<\/p>\n<p>Enfin, le panel sur le digital en tant que levier de croissance en Afrique et la contribution des jeunes startuppers africains a \u00e9galement produit un riche faisceau de recommandations dans deux directions : un soutien accru des pouvoirs publics pour cr\u00e9er des champions r\u00e9gionaux ainsi qu\u2019une meilleure synergie avec le secteur priv\u00e9 dans une d\u00e9marche inclusive.<\/p>\n<p>La seconde pl\u00e9ni\u00e8re a permis aux op\u00e9rateurs \u00e9conomiques de participer \u00e0 un d\u00e9bat traitant de la th\u00e9matique \u00ab Le Positive Impact, garant d\u2019une croissance solidaire et responsable \u00bb. Dans son intervention ouvrant cette pl\u00e9ni\u00e8re, Hassan Ouriagli, pr\u00e9sident-directeur g\u00e9n\u00e9ral d\u2019Al Mada a rappel\u00e9 la vocation des diff\u00e9rentes composantes du Fonds Al Mada et leurs r\u00f4les respectifs dans le d\u00e9veloppement durable tant au Maroc que dans les pays de pr\u00e9sence. Il s\u2019est \u00e9galement attel\u00e9 \u00e0 rendre tangible la vision Al Mada aussi bien pour l\u2019Afrique que pour les africains. Hassan Ouriagli a affirm\u00e9 que d\u00e9sormais le Positive Impact et devenu \u00ab une v\u00e9ritable marque de fabrique \u00bb. L\u2019ensemble de ces recommandations seront consolid\u00e9es dans le 6<sup>\u00e8me<\/sup> Livre Blanc du Forum, destin\u00e9 aux d\u00e9cideurs publics et gouvernementaux, \u00e0 l\u2019instar des pr\u00e9c\u00e9dentes \u00e9ditions du Forum.<\/p>\n<p>Par ailleurs, en marge du Forum, un protocole de coop\u00e9ration a \u00e9t\u00e9 sign\u00e9 par le groupe Attijariwafa bank avec Kenya Comercial Bank (KCB), premi\u00e8re banque du Kenya. Celui-ci permettra au groupe d\u2019offrir \u00e0 ses op\u00e9rateurs \u00e9conomiques dans tous ses pays de pr\u00e9sence, l\u2019acc\u00e8s au march\u00e9 k\u00e9nyan et \u00e0 tous ceux couverts par KCB en Afrique de l\u2019Est. En outre, un m\u00e9morandum d\u2019entente a \u00e9t\u00e9 \u00e9galement scell\u00e9 entre Attijariwafa bank et le minist\u00e8re du Commerce et de l\u2019Industrie du Sierra Leone portant sur la promotion de l\u2019Investissement et la cr\u00e9ation d\u2019entreprises dans les pays de pr\u00e9sence des filiales bancaires du Groupe ainsi qu\u2019en <strong>Sierra Leone<\/strong>. De m\u00eame, un accord a \u00e9t\u00e9 sign\u00e9 avec l\u2019Agence de l\u2019Investissement R\u00e9gional du March\u00e9 Commun des \u00c9tats d\u2019Afrique Australe. Il porte sur le d\u00e9veloppement commun d\u2019opportunit\u00e9s d\u2019investissement dans les pays membres de l\u2019Agence (COMESA).<\/p>\n<p><span class=\"c11\">Troph\u00e9es Jeunes Entrepreneurs<\/span><\/p>\n<p><img loading=\"lazy\" decoding=\"async\" class=\"size-large wp-image-106228\" src=\"https:\/\/www.challenge.ma\/wp-content\/uploads\/2019\/03\/Mohamed-El-Kettani-PDG-du-groupe-Attijariwafa-bank-et-Oussama-Abbou-DG-de-%C2%AB-Smart-prospective-%C2%BB-premier-prix-des-%C2%AB-Troph%C3%A9es-Jeunes-Entrepreneurs-%C2%BB.-1024x681.jpeg\" alt=\"\" width=\"1024\" height=\"681\" srcset=\"https:\/\/www.challenge.ma\/wp-content\/uploads\/2019\/03\/Mohamed-El-Kettani-PDG-du-groupe-Attijariwafa-bank-et-Oussama-Abbou-DG-de-\u00ab-Smart-prospective-\u00bb-premier-prix-des-\u00ab-Troph\u00e9es-Jeunes-Entrepreneurs-\u00bb.-1024x681.jpeg 1024w, https:\/\/www.challenge.ma\/wp-content\/uploads\/2019\/03\/Mohamed-El-Kettani-PDG-du-groupe-Attijariwafa-bank-et-Oussama-Abbou-DG-de-\u00ab-Smart-prospective-\u00bb-premier-prix-des-\u00ab-Troph\u00e9es-Jeunes-Entrepreneurs-\u00bb.-300x199.jpeg 300w, https:\/\/www.challenge.ma\/wp-content\/uploads\/2019\/03\/Mohamed-El-Kettani-PDG-du-groupe-Attijariwafa-bank-et-Oussama-Abbou-DG-de-\u00ab-Smart-prospective-\u00bb-premier-prix-des-\u00ab-Troph\u00e9es-Jeunes-Entrepreneurs-\u00bb.-768x511.jpeg 768w, https:\/\/www.challenge.ma\/wp-content\/uploads\/2019\/03\/Mohamed-El-Kettani-PDG-du-groupe-Attijariwafa-bank-et-Oussama-Abbou-DG-de-\u00ab-Smart-prospective-\u00bb-premier-prix-des-\u00ab-Troph\u00e9es-Jeunes-Entrepreneurs-\u00bb.-360x239.jpeg 360w, https:\/\/www.challenge.ma\/wp-content\/uploads\/2019\/03\/Mohamed-El-Kettani-PDG-du-groupe-Attijariwafa-bank-et-Oussama-Abbou-DG-de-\u00ab-Smart-prospective-\u00bb-premier-prix-des-\u00ab-Troph\u00e9es-Jeunes-Entrepreneurs-\u00bb.-750x499.jpeg 750w, https:\/\/www.challenge.ma\/wp-content\/uploads\/2019\/03\/Mohamed-El-Kettani-PDG-du-groupe-Attijariwafa-bank-et-Oussama-Abbou-DG-de-\u00ab-Smart-prospective-\u00bb-premier-prix-des-\u00ab-Troph\u00e9es-Jeunes-Entrepreneurs-\u00bb..jpeg 1280w\" sizes=\"auto, (max-width: 1024px) 100vw, 1024px\"\/>Mohamed El Kettani, PDG du groupe Attijariwafa bank et Oussama Abbou, DG de \u00ab Smart prospective \u00bb, premier prix des \u00ab Troph\u00e9es Jeunes Entrepreneurs \u00bb<\/p>\n<p>Lors de la c\u00e9r\u00e9monie de remise des \u00ab Troph\u00e9es Jeunes Entrepreneurs \u00bb, Hassan Ouriagli, qui a pr\u00e9sid\u00e9 le jury, a mis notamment en exergue l\u2019engagement de la Fondation Al Mada et ce, \u00e0 travers la cr\u00e9ation de l\u2019Association Injaz Al-Maghrib, en 2017, reconnue d\u2019utilit\u00e9 publique. En effet, ladite association a pour vocation la sensibilisation et l\u2019initiation des jeunes \u00e0 l\u2019entrepreneuriat. Hassan Ouriagli a r\u00e9it\u00e9r\u00e9 l\u2019engagement de la Fondation aux c\u00f4t\u00e9s des jeunes pour les guider, les coacher et les financer.<\/p>\n<p>Pour cette ann\u00e9e, le premier prix a \u00e9t\u00e9 d\u00e9cern\u00e9 \u00e0 Oussama Abbou, directeur g\u00e9n\u00e9ral de \u00ab Smart prospective \u00bb, le deuxi\u00e8me \u00e9t\u00e9 remis \u00e0 Yassine Es-said, fondateur et directeur g\u00e9n\u00e9ral de \u00ab Smart on IOT \u00bb et le troisi\u00e8me a \u00e9t\u00e9 remport\u00e9 par Gael Egbidi, co-fondatrice et directrice g\u00e9n\u00e9rale de Bassite Customer Relationship. Le Jury a \u00e9galement d\u00e9cern\u00e9 un \u00ab Prix sp\u00e9cial \u00bb au tunisien Ayoub Rahoui, fondateur de Health Services.<\/p>\n<p><img loading=\"lazy\" decoding=\"async\" class=\"size-large wp-image-106227\" src=\"https:\/\/www.challenge.ma\/wp-content\/uploads\/2019\/03\/El-Sewedy-Electric-Prix-%C2%AB-Platinum-%C2%BB-des-Troph%C3%A9es-de-la-Coop%C3%A9ration-Sud-Sud-1024x681.jpeg\" alt=\"\" width=\"1024\" height=\"681\" srcset=\"https:\/\/www.challenge.ma\/wp-content\/uploads\/2019\/03\/El-Sewedy-Electric-Prix-\u00ab-Platinum-\u00bb-des-Troph\u00e9es-de-la-Coop\u00e9ration-Sud-Sud-1024x681.jpeg 1024w, https:\/\/www.challenge.ma\/wp-content\/uploads\/2019\/03\/El-Sewedy-Electric-Prix-\u00ab-Platinum-\u00bb-des-Troph\u00e9es-de-la-Coop\u00e9ration-Sud-Sud-300x199.jpeg 300w, https:\/\/www.challenge.ma\/wp-content\/uploads\/2019\/03\/El-Sewedy-Electric-Prix-\u00ab-Platinum-\u00bb-des-Troph\u00e9es-de-la-Coop\u00e9ration-Sud-Sud-768x511.jpeg 768w, https:\/\/www.challenge.ma\/wp-content\/uploads\/2019\/03\/El-Sewedy-Electric-Prix-\u00ab-Platinum-\u00bb-des-Troph\u00e9es-de-la-Coop\u00e9ration-Sud-Sud-360x239.jpeg 360w, https:\/\/www.challenge.ma\/wp-content\/uploads\/2019\/03\/El-Sewedy-Electric-Prix-\u00ab-Platinum-\u00bb-des-Troph\u00e9es-de-la-Coop\u00e9ration-Sud-Sud-750x499.jpeg 750w, https:\/\/www.challenge.ma\/wp-content\/uploads\/2019\/03\/El-Sewedy-Electric-Prix-\u00ab-Platinum-\u00bb-des-Troph\u00e9es-de-la-Coop\u00e9ration-Sud-Sud.jpeg 1280w\" sizes=\"auto, (max-width: 1024px) 100vw, 1024px\"\/>El Sewedy Electric, Prix \u00ab Platinum \u00bb des Troph\u00e9es de la Coop\u00e9ration Sud-Sud et Julius Maada Bio, pr\u00e9sident du Sierra Leone<\/p>\n<p>Cette 6<sup>\u00e8me<\/sup> \u00e9dition\u00a0 \u00e9dition a \u00e9galement renouvel\u00e9 sa tradition annuelle de r\u00e9compenser les entreprises les plus m\u00e9ritantes \u00e0 travers les \u00ab Troph\u00e9es de la Coop\u00e9ration Sud-Sud \u00bb. Pour cette ann\u00e9e, le premier prix, \u00ab Platinum \u00bb, a \u00e9t\u00e9 remport\u00e9 par la soci\u00e9t\u00e9 \u00e9gyptienne El Sewedy Electric, le deuxi\u00e8me \u00ab Gold \u00bb, a \u00e9t\u00e9 d\u00e9cern\u00e9 \u00e0 la soci\u00e9t\u00e9 Ebomaf du Burkina Faso et enfin, le troisi\u00e8me \u00ab Silver \u00bb, a prim\u00e9 la soci\u00e9t\u00e9 mauritanienne Infolog.<\/p>\n<p>\u00c1 l\u2019issue de cette c\u00e9r\u00e9monie, Salaheddine Mezouar, pr\u00e9sident de la CGEM et co-pr\u00e9sident du Jury des \u00ab Troph\u00e9es de la coop\u00e9ration Sud-Sud \u00bb s\u2019est f\u00e9licit\u00e9 de l\u2019initiative du groupe Attijariwafa bank et a invit\u00e9 d\u2019autres pays \u00e0 s\u2019en inspirer afin d\u2019encourager d\u2019autres entreprises \u00e0 transcender les fronti\u00e8res et fructifier les liens de coop\u00e9ration.<\/p>\n<p>L\u2019autre temps fort de cette \u00e9dition a \u00e9t\u00e9 la remise d\u2019un prix honorifique au pr\u00e9sident du Sierra Leone, Julius Maada Bio, en reconnaissance de son leadership, de son engagement et de son soutien \u00e0 la coop\u00e9ration Sud-Sud.<\/p>\n<p>Dans son allocution de cl\u00f4ture, Mohamed El Kettani, apr\u00e8s avoir remerci\u00e9 tous les participants et les pan\u00e9listes pour leur mobilisation et le partage de t\u00e9moignages concrets, a appel\u00e9 les op\u00e9rateurs \u00e9conomiques \u00e0 \u00ab inciter leurs partenaires clients et fournisseurs \u00e0 s\u2019engager encore davantage dans la voie de l\u2019int\u00e9gration Sud-Sud \u00bb. Il a ajout\u00e9 que le Club Afrique D\u00e9veloppement, qui compte d\u00e9j\u00e0 plus de 3 000 membres est \u00e0 la disposition des op\u00e9rateurs \u00e9conomiques pour prolonger le dialogue au-del\u00e0 du Forum, resserrer encore davantage nos relations d\u2019affaires et, saisir ensemble les nouvelles opportunit\u00e9s de croissance.<\/p>\n<p>Mohamed El Kettani a conclu son allocution en confirmant l\u2019engagement du groupe Attijariwafa bank, port\u00e9 par l\u2019appui de son actionnaire de r\u00e9f\u00e9rence le Fonds d\u2019Investissement priv\u00e9 panafricain <strong>Al Mada<\/strong>, dans le d\u00e9veloppement du continent et sa volont\u00e9 ferme d\u2019accro\u00eetre davantage ses efforts dans la bancarisation des populations et dans l\u2019accompagnement des TPE, PME et Grandes Entreprises dans la r\u00e9alisation de leurs projets.<\/p>\n<p>Le Forum Afrique D\u00e9veloppement s\u2019est cl\u00f4tur\u00e9 par un engagement unanime des participants \u00e0 accro\u00eetre et consolider encore plus les \u00e9changes intra-africains et \u0153uvrer pour une plus grande inclusion des populations du continent.<\/p>\n<div class=\"c18\">\n<fieldset class=\"c17\">\n<legend><strong><span class=\"c12\">Challenge<\/span><span class=\"c13\">news<\/span><\/strong><\/legend>\n<div class=\"c16\">Le meilleur de la r\u00e9daction s\u00e9lectionn\u00e9 par Challenge :<\/p>\n<\/div>\n<\/fieldset>\n<\/div>\n<p>Auteur: Karim Handaoui<br \/>\n<a href=\"https:\/\/www.challenge.ma\/forum-afrique-developpement-rencontre-reussie-entre-lest-et-louest-106224\/\">Cliquez ici pour lire l&rsquo;article depuis sa source.<\/a><\/p>\n","protected":false},"excerpt":{"rendered":"<p>\u00c0 l\u2019image des 5 premi\u00e8res \u00e9ditions, le Forum International Afrique D\u00e9veloppement (FIAD), tenu sous le th\u00e8me \u00ab Quand l\u2019Est rencontre l\u2019Ouest \u00bb a connu, cette ann\u00e9e encore, un franc succ\u00e8s. Devenu le rendez-vous incontournable pour les rencontres d\u2019\u00e9changes \u00e9conomiques et commerciaux dans le continent africain, le Forum International Afrique D\u00e9veloppement a une fois de plus [&hellip;]<\/p>\n","protected":false},"author":1787,"featured_media":22279,"comment_status":"closed","ping_status":"closed","sticky":false,"template":"","format":"standard","meta":{"fifu_image_url":"","fifu_image_alt":"","footnotes":""},"categories":[78,54],"tags":[],"class_list":["post-22278","post","type-post","status-publish","format-standard","has-post-thumbnail","hentry","category-economie","category-maroc"],"_links":{"self":[{"href":"https:\/\/linitiative.ca\/International\/wp-json\/wp\/v2\/posts\/22278","targetHints":{"allow":["GET"]}}],"collection":[{"href":"https:\/\/linitiative.ca\/International\/wp-json\/wp\/v2\/posts"}],"about":[{"href":"https:\/\/linitiative.ca\/International\/wp-json\/wp\/v2\/types\/post"}],"author":[{"embeddable":true,"href":"https:\/\/linitiative.ca\/International\/wp-json\/wp\/v2\/users\/1787"}],"replies":[{"embeddable":true,"href":"https:\/\/linitiative.ca\/International\/wp-json\/wp\/v2\/comments?post=22278"}],"version-history":[{"count":0,"href":"https:\/\/linitiative.ca\/International\/wp-json\/wp\/v2\/posts\/22278\/revisions"}],"wp:featuredmedia":[{"embeddable":true,"href":"https:\/\/linitiative.ca\/International\/wp-json\/"}],"wp:attachment":[{"href":"https:\/\/linitiative.ca\/International\/wp-json\/wp\/v2\/media?parent=22278"}],"wp:term":[{"taxonomy":"category","embeddable":true,"href":"https:\/\/linitiative.ca\/International\/wp-json\/wp\/v2\/categories?post=22278"},{"taxonomy":"post_tag","embeddable":true,"href":"https:\/\/linitiative.ca\/International\/wp-json\/wp\/v2\/tags?post=22278"}],"curies":[{"name":"wp","href":"https:\/\/api.w.org\/{rel}","templated":true}]}}