{"id":22282,"date":"2019-03-16T07:50:58","date_gmt":"2019-03-16T11:50:58","guid":{"rendered":"https:\/\/linitiative.ca\/International\/les-nouvelles-ambitions-de-barid-al-maghrib\/"},"modified":"2019-03-16T07:50:58","modified_gmt":"2019-03-16T11:50:58","slug":"les-nouvelles-ambitions-de-barid-al-maghrib","status":"publish","type":"post","link":"https:\/\/linitiative.ca\/International\/les-nouvelles-ambitions-de-barid-al-maghrib\/","title":{"rendered":"Les nouvelles ambitions de Barid Al-Maghrib"},"content":{"rendered":"<p>Le groupe <strong>Barid Al-Maghrib<\/strong> (GBAM) ambitionne de devenir \u00e0 l\u2019horizon 2022 un acteur postal cl\u00e9 de l\u2019innovation technologique et digitale. Le GBAM veut \u00e9galement devenir un acteur incontournable du e-commerce et de l\u2019inclusion financi\u00e8re, \u00e9conomique et sociale du Maroc. C\u2019est en effet ce qu\u2019a laiss\u00e9 entendre Ahmed Amine Bendjelloun Touimi, Directeur g\u00e9n\u00e9ral du groupe Barid Al-Maghrib en marge du forum africain de haut niveau sur la <strong>transformation digitale<\/strong> du secteur postal en Afrique \u00ab\u00a0DigiPost Africa\u00a0\u00bb, tenu \u00e0 Tunis le 15 mars.<\/p>\n<div class=\"c10\"\/>\n<p>Pour atteindre ces objectifs, le groupe \u0153uvre notamment \u00e0 la poursuite des efforts d\u2019optimisation, l\u2019organisation bas\u00e9e sur des processus optimis\u00e9s, client-centriques, efficaces et agiles, l\u2019<strong>industrialisation<\/strong> et l\u2019automatisation continues des processus op\u00e9rationnels et l\u2019int\u00e9gration accrue des outils digitaux requis pour accompagner la transformation de l\u2019entreprise.<\/p>\n<p>Il est aussi question de poursuivre l\u2019am\u00e9lioration continue de la qualit\u00e9 de service gr\u00e2ce \u00e0 des prestations et des services innovants et la forte mobilisation du <strong>capital humain<\/strong> autour de la nouvelle strat\u00e9gie du groupe \u00e0 l\u2019horizon 2022.<\/p>\n<p>Ahmed Amine Benjelloun Touimi a aussi mis l\u2019accent sur le projet de convention de la plate-forme \u00ab\u00a0<a href=\"\/cdn-cgi\/l\/email-protection\" class=\"__cf_email__\" data-cfemail=\"3075737f7d70717662797371\">[email\u00a0protected]<\/a>\u00a0\u00bb avec l\u2019Union Postale Universelle (UPA) qui devra faire du Maroc un <strong>hub r\u00e9gional<\/strong> disposant d\u2019atouts en termes des accords de libre-\u00e9change et de coop\u00e9ration, de plateformes et de connectivit\u00e9s a\u00e9rienne, maritime et routi\u00e8re.<\/p>\n<p>Dans ce sens, il a rappel\u00e9 les accords de libre-\u00e9change sign\u00e9s par le Maroc avec notamment les Etats-Unis, l\u2019Union europ\u00e9enne, la Turquie, les Emirats Arabes Unis et les pays de l\u2019accord d\u2019Agadir, ainsi que la plate-forme num\u00e9rique pour l\u2019h\u00e9bergement de la galerie marchande \u00e0 l\u2019instar du hub philat\u00e9lique africain et la mise en place de \u00ab\u00a0Morocco Market Place\u00a0\u00bb dans le cadre des accords de coop\u00e9ration avec les op\u00e9rateurs internationaux du e-commerce.<\/p>\n<p>\u00ab\u00a0L\u2019initiative <strong><a href=\"\/cdn-cgi\/l\/email-protection\" class=\"__cf_email__\" data-cfemail=\"84c1e7ebe9c4c5e2f6ede7e5\">[email\u00a0protected]<\/a><\/strong> tend \u00e0 consolider davantage la coop\u00e9ration entre Barid Al-Maghrib et l\u2019UPU pour l\u2019impl\u00e9mentation d\u2019un Hub r\u00e9gional pour l\u2019Afrique d\u00e9di\u00e9 \u00e0 l\u2019\u00e9change des envois postaux li\u00e9s au commerce \u00e9lectronique. Ce projet permettra ainsi la promotion des Micro, Petites et Moyennes Entreprises au niveau national, \u00e0 travers la mise en \u0153uvre d\u2019un syst\u00e8me logistique, ainsi qu\u2019un syst\u00e8me intelligent de stockage et de distribution des envois pour servir la r\u00e9gion de l\u2019Afrique, notamment les pays subsahariens\u00a0\u00bb, a soulign\u00e9 Ahmed Amine Benjelloun Touimi.<\/p>\n<div class=\"c17\">\n<fieldset class=\"c16\">\n<legend><strong><span class=\"c11\">Challenge<\/span><span class=\"c12\">news<\/span><\/strong><\/legend>\n<div class=\"c15\">Le meilleur de la r\u00e9daction s\u00e9lectionn\u00e9 par Challenge :<\/p>\n<\/div>\n<\/fieldset>\n<\/div>\n<p>Auteur: Roland Amoussou<br \/>\n<a href=\"https:\/\/www.challenge.ma\/les-nouvelles-ambitions-de-barid-al-maghrib-106244\/\">Cliquez ici pour lire l&rsquo;article depuis sa source.<\/a><\/p>\n","protected":false},"excerpt":{"rendered":"<p>Le groupe Barid Al-Maghrib (GBAM) ambitionne de devenir \u00e0 l\u2019horizon 2022 un acteur postal cl\u00e9 de l\u2019innovation technologique et digitale. Le GBAM veut \u00e9galement devenir un acteur incontournable du e-commerce et de l\u2019inclusion financi\u00e8re, \u00e9conomique et sociale du Maroc. C\u2019est en effet ce qu\u2019a laiss\u00e9 entendre Ahmed Amine Bendjelloun Touimi, Directeur g\u00e9n\u00e9ral du groupe Barid [&hellip;]<\/p>\n","protected":false},"author":1787,"featured_media":0,"comment_status":"closed","ping_status":"closed","sticky":false,"template":"","format":"standard","meta":{"fifu_image_url":"","fifu_image_alt":"","footnotes":""},"categories":[78,54],"tags":[],"class_list":["post-22282","post","type-post","status-publish","format-standard","hentry","category-economie","category-maroc"],"_links":{"self":[{"href":"https:\/\/linitiative.ca\/International\/wp-json\/wp\/v2\/posts\/22282","targetHints":{"allow":["GET"]}}],"collection":[{"href":"https:\/\/linitiative.ca\/International\/wp-json\/wp\/v2\/posts"}],"about":[{"href":"https:\/\/linitiative.ca\/International\/wp-json\/wp\/v2\/types\/post"}],"author":[{"embeddable":true,"href":"https:\/\/linitiative.ca\/International\/wp-json\/wp\/v2\/users\/1787"}],"replies":[{"embeddable":true,"href":"https:\/\/linitiative.ca\/International\/wp-json\/wp\/v2\/comments?post=22282"}],"version-history":[{"count":0,"href":"https:\/\/linitiative.ca\/International\/wp-json\/wp\/v2\/posts\/22282\/revisions"}],"wp:attachment":[{"href":"https:\/\/linitiative.ca\/International\/wp-json\/wp\/v2\/media?parent=22282"}],"wp:term":[{"taxonomy":"category","embeddable":true,"href":"https:\/\/linitiative.ca\/International\/wp-json\/wp\/v2\/categories?post=22282"},{"taxonomy":"post_tag","embeddable":true,"href":"https:\/\/linitiative.ca\/International\/wp-json\/wp\/v2\/tags?post=22282"}],"curies":[{"name":"wp","href":"https:\/\/api.w.org\/{rel}","templated":true}]}}