{"id":22283,"date":"2019-03-16T09:05:46","date_gmt":"2019-03-16T13:05:46","guid":{"rendered":"https:\/\/linitiative.ca\/International\/le-cese-renouvelle-ses-instances-au-titre-de-lannee-2019\/"},"modified":"2019-03-16T09:05:46","modified_gmt":"2019-03-16T13:05:46","slug":"le-cese-renouvelle-ses-instances-au-titre-de-lannee-2019","status":"publish","type":"post","link":"https:\/\/linitiative.ca\/International\/le-cese-renouvelle-ses-instances-au-titre-de-lannee-2019\/","title":{"rendered":"Le CESE renouvelle ses instances au titre de l\u2019ann\u00e9e 2019"},"content":{"rendered":"<p>Le Conseil \u00e9conomique, social et environnemental (<strong>CESE<\/strong>) a proc\u00e9d\u00e9, conform\u00e9ment \u00e0 son r\u00e8glement int\u00e9rieur, \u00e0 l\u2019\u00e9lection de son bureau au titre de l\u2019ann\u00e9e 2019.<\/p>\n<div class=\"c10\"\/>\n<p>Le nouveau bureau au titre de l\u2019ann\u00e9e 2019 est ainsi compos\u00e9, outre son pr\u00e9sident, <strong>Ahmed R\u00e9da Chami<\/strong>, des repr\u00e9sentants des cinq cat\u00e9gories qui composent le Conseil, \u00e9lus par l\u2019Assembl\u00e9e G\u00e9n\u00e9rale du 28 f\u00e9vrier 2019, \u00e0 savoir Tarik Aguizoul, repr\u00e9sentant de la cat\u00e9gorie des experts et Mohamed Benjouida, repr\u00e9sentant la cat\u00e9gorie des syndicats, indique un communiqu\u00e9 du CESE. Il s\u2019agit \u00e9galement de \u00a0Abdelkrim Foutat, repr\u00e9sentant la cat\u00e9gorie des organisations et associations professionnelles, Karima Mkika, repr\u00e9sentante la cat\u00e9gorie des organisations et associations \u0153uvrant dans les domaines de l\u2019\u00e9conomie sociale et de l\u2019activit\u00e9 associative, et Lotfi Boujandar, repr\u00e9sentant la cat\u00e9gorie des membres es-qualit\u00e9, ajoute le communiqu\u00e9.<\/p>\n<p>Le <strong>nouveau bureau<\/strong> compte \u00e9galement les pr\u00e9sidents des sept commissions permanentes du Conseil, \u00e9lus par les membres de ces commissions les 13 et 14 mars 2019, pr\u00e9cise le document, notant qu\u2019il s\u2019agit de Larbi Belarbi, pr\u00e9sident de la commission des affaires \u00e9conomiques et des projets strat\u00e9giques, Najat Simou, pr\u00e9sidente de la commission de l\u2019emploi et des relations professionnelles, Zahra Zaoui, pr\u00e9sidente de la commission des affaires sociales et de la solidarit\u00e9, Khalil Bensami, pr\u00e9sident de la commission de l\u2019environnement et du d\u00e9veloppement durable, Amine Mounir Alaoui, pr\u00e9sident de la commission de la soci\u00e9t\u00e9 du savoir et de l\u2019information, Lahcen Oulhaj, pr\u00e9sident de la commission de la conjoncture \u00e9conomique sociale et environnementale et Abderrahim Ksiri, pr\u00e9sident de la commission de la r\u00e9gionalisation avanc\u00e9e et du d\u00e9veloppement rural et territorial.<\/p>\n<p>Les commissions permanentes ont \u00e9galement \u00e9lu leurs rapporteurs en les personnes de Latifa Benwakrim, Mohamed Mostaghfir, Mohamed Dahmani, Noureddine Chahbouni, Mustapha Khlafa, \u00a0Hakima Naji et Driss Belfadla, rel\u00e8ve la m\u00eame source.<\/p>\n<div class=\"c17\">\n<fieldset class=\"c16\">\n<legend><strong><span class=\"c11\">Challenge<\/span><span class=\"c12\">news<\/span><\/strong><\/legend>\n<div class=\"c15\">Le meilleur de la r\u00e9daction s\u00e9lectionn\u00e9 par Challenge :<\/p>\n<\/div>\n<\/fieldset>\n<\/div>\n<p>Auteur: challenge<br \/>\n<a href=\"https:\/\/www.challenge.ma\/le-cese-renouvelle-ses-instances-au-titre-de-lannee-2019-106254\/\">Cliquez ici pour lire l&rsquo;article depuis sa source.<\/a><\/p>\n","protected":false},"excerpt":{"rendered":"<p>Le Conseil \u00e9conomique, social et environnemental (CESE) a proc\u00e9d\u00e9, conform\u00e9ment \u00e0 son r\u00e8glement int\u00e9rieur, \u00e0 l\u2019\u00e9lection de son bureau au titre de l\u2019ann\u00e9e 2019. Le nouveau bureau au titre de l\u2019ann\u00e9e 2019 est ainsi compos\u00e9, outre son pr\u00e9sident, Ahmed R\u00e9da Chami, des repr\u00e9sentants des cinq cat\u00e9gories qui composent le Conseil, \u00e9lus par l\u2019Assembl\u00e9e G\u00e9n\u00e9rale du [&hellip;]<\/p>\n","protected":false},"author":1787,"featured_media":0,"comment_status":"closed","ping_status":"closed","sticky":false,"template":"","format":"standard","meta":{"fifu_image_url":"","fifu_image_alt":"","footnotes":""},"categories":[78,54],"tags":[],"class_list":["post-22283","post","type-post","status-publish","format-standard","hentry","category-economie","category-maroc"],"_links":{"self":[{"href":"https:\/\/linitiative.ca\/International\/wp-json\/wp\/v2\/posts\/22283","targetHints":{"allow":["GET"]}}],"collection":[{"href":"https:\/\/linitiative.ca\/International\/wp-json\/wp\/v2\/posts"}],"about":[{"href":"https:\/\/linitiative.ca\/International\/wp-json\/wp\/v2\/types\/post"}],"author":[{"embeddable":true,"href":"https:\/\/linitiative.ca\/International\/wp-json\/wp\/v2\/users\/1787"}],"replies":[{"embeddable":true,"href":"https:\/\/linitiative.ca\/International\/wp-json\/wp\/v2\/comments?post=22283"}],"version-history":[{"count":0,"href":"https:\/\/linitiative.ca\/International\/wp-json\/wp\/v2\/posts\/22283\/revisions"}],"wp:attachment":[{"href":"https:\/\/linitiative.ca\/International\/wp-json\/wp\/v2\/media?parent=22283"}],"wp:term":[{"taxonomy":"category","embeddable":true,"href":"https:\/\/linitiative.ca\/International\/wp-json\/wp\/v2\/categories?post=22283"},{"taxonomy":"post_tag","embeddable":true,"href":"https:\/\/linitiative.ca\/International\/wp-json\/wp\/v2\/tags?post=22283"}],"curies":[{"name":"wp","href":"https:\/\/api.w.org\/{rel}","templated":true}]}}