{"id":22284,"date":"2019-03-16T10:12:08","date_gmt":"2019-03-16T14:12:08","guid":{"rendered":"https:\/\/linitiative.ca\/International\/tijara-2020-devient-une-federation\/"},"modified":"2019-03-16T10:12:08","modified_gmt":"2019-03-16T14:12:08","slug":"tijara-2020-devient-une-federation","status":"publish","type":"post","link":"https:\/\/linitiative.ca\/International\/tijara-2020-devient-une-federation\/","title":{"rendered":"Tijara 2020 devient une f\u00e9d\u00e9ration"},"content":{"rendered":"<p>L\u2019association <strong>Tijara 2020<\/strong>, qui regroupe les principaux distributeurs de produits de grande consommation dans plusieurs activit\u00e9s (Agroalimentaire, Hygi\u00e8ne, Entretien, T\u00e9l\u00e9communications, Minoterie, etc), est d\u00e9sormais devenue une F\u00e9d\u00e9ration.<\/p>\n<div class=\"c10\"\/>\n<p>Lors de son Assembl\u00e9e g\u00e9n\u00e9rale extraordinaire (AGO), tenue mercredi dernier \u00e0 Casablanca, en pr\u00e9sence de la majorit\u00e9 de ses membres et par modification de ses statuts accept\u00e9e \u00e0 l\u2019unanimit\u00e9, Tijara 2020 a act\u00e9 son passage \u00e0 une F\u00e9d\u00e9ration professionnelle sous la d\u00e9nomination de \u00ab\u00a0F\u00e9d\u00e9ration des m\u00e9tiers de la distribution des produits de grande consommation\u00a0\u00bb (<strong>FMDPGC<\/strong>).<\/p>\n<p>Cette d\u00e9cision, qui intervient \u00e0 l\u2019approche des Assises nationales du Commerce et de la Fiscalit\u00e9, est motiv\u00e9e par la n\u00e9cessit\u00e9 de f\u00e9d\u00e9rer davantage et d\u2019agir collectivement afin de faire face aux nouveaux enjeux et d\u00e9fis, indique la f\u00e9d\u00e9ration dans un communiqu\u00e9.<\/p>\n<p>L\u2019AGO a \u00e9t\u00e9 \u00e9galement l\u2019occasion de renouveler les instances dirigeantes, conform\u00e9ment aux statuts de Tijara 2020. Ainsi, les membres pr\u00e9sents ont, \u00e0 l\u2019unanimit\u00e9, vot\u00e9 pour la reconduction de Moncef Belkhayat au poste de pr\u00e9sident d\u2019honneur de la f\u00e9d\u00e9ration, tandis que Chakib Laalej, qui assure la pr\u00e9sidence de la f\u00e9d\u00e9ration nationale de la minoterie (FNM), a \u00e9t\u00e9 \u00e9lu, \u00e0 l\u2019unanimit\u00e9 aussi, pr\u00e9sident ex\u00e9cutif pour un mandant de quatre ans, fait savoir la m\u00eame source. Le bureau est compos\u00e9 de Said El Amrani, Mohamed Wajih Sbihi, Hafid Debbarh, Georges Benhaim, Ali Tazi, Hossein Tazi, Lucien Leuwenkroon et Samir Mansour. \u00ab\u00a0Cette \u00e9volution, l\u00e9gitime et naturelle, est due au travail de fond men\u00e9 par Tijara 2020, depuis sa cr\u00e9ation en septembre 2016, pour la dynamisation d\u2019un secteur strat\u00e9gique et crucial qui constitue un vrai levier d\u2019emplois et de g\u00e9n\u00e9ration de valeurs\u00a0\u00bb, a soulign\u00e9 M. Belkhayat, cit\u00e9 par le communiqu\u00e9.<\/p>\n<p>Elle s\u2019explique aussi par le ralliement d\u2019associations actives du secteur, comme les t\u00e9l\u00e9communications, la distribution de boissons, de tabac, la droguerie, l\u2019hygi\u00e8ne, la parfumerie, les produits alimentaires, la minoterie et d\u2019autres qui sont convaincus du r\u00f4le f\u00e9d\u00e9rateur et efficient que joue Tijara 2020 au Maroc, a-t-il poursuivi.<\/p>\n<p>Repr\u00e9sentant d\u2019un march\u00e9 qui p\u00e8se plus de 85 milliards de dirhams, la FMDPGC est une f\u00e9d\u00e9ration totalement ind\u00e9pendante de la Conf\u00e9d\u00e9ration g\u00e9n\u00e9rale des entreprises du Maroc (CGEM), pr\u00e9cise le communiqu\u00e9.<\/p>\n<p>Elle agit, pleinement, pour la structuration et l\u2019essor du secteur du <strong>commerce<\/strong> et de la distribution \u00e0 travers ses commissions th\u00e9matiques et une vari\u00e9t\u00e9 d\u2019actions telle la formation et l\u2019optimisation du capital humain, la conclusion de partenariats strat\u00e9giques, etc.<\/p>\n<p>Consciente de son r\u00f4le dans l\u2019\u00e9conomie marocaine, la FMDPGC, qui vise \u00e0 \u00eatre un interlocuteur commun aupr\u00e8s des pouvoirs publics, n\u2019a eu de cesse d\u2019agir en faveur de la structuration, la modernisation et la coh\u00e9rence de son secteur pour en faire un v\u00e9ritable levier de croissance et de d\u00e9veloppement au b\u00e9n\u00e9fice du consommateur marocain, conclut le communiqu\u00e9.<\/p>\n<div class=\"c17\">\n<fieldset class=\"c16\">\n<legend><strong><span class=\"c11\">Challenge<\/span><span class=\"c12\">news<\/span><\/strong><\/legend>\n<div class=\"c15\">Le meilleur de la r\u00e9daction s\u00e9lectionn\u00e9 par Challenge :<\/p>\n<\/div>\n<\/fieldset>\n<\/div>\n<p>Auteur: challenge<br \/>\n<a href=\"https:\/\/www.challenge.ma\/tijara-2020-devient-une-federation-106251\/\">Cliquez ici pour lire l&rsquo;article depuis sa source.<\/a><\/p>\n","protected":false},"excerpt":{"rendered":"<p>L\u2019association Tijara 2020, qui regroupe les principaux distributeurs de produits de grande consommation dans plusieurs activit\u00e9s (Agroalimentaire, Hygi\u00e8ne, Entretien, T\u00e9l\u00e9communications, Minoterie, etc), est d\u00e9sormais devenue une F\u00e9d\u00e9ration. Lors de son Assembl\u00e9e g\u00e9n\u00e9rale extraordinaire (AGO), tenue mercredi dernier \u00e0 Casablanca, en pr\u00e9sence de la majorit\u00e9 de ses membres et par modification de ses statuts accept\u00e9e \u00e0 [&hellip;]<\/p>\n","protected":false},"author":1787,"featured_media":0,"comment_status":"closed","ping_status":"closed","sticky":false,"template":"","format":"standard","meta":{"fifu_image_url":"","fifu_image_alt":"","footnotes":""},"categories":[78,54],"tags":[],"class_list":["post-22284","post","type-post","status-publish","format-standard","hentry","category-economie","category-maroc"],"_links":{"self":[{"href":"https:\/\/linitiative.ca\/International\/wp-json\/wp\/v2\/posts\/22284","targetHints":{"allow":["GET"]}}],"collection":[{"href":"https:\/\/linitiative.ca\/International\/wp-json\/wp\/v2\/posts"}],"about":[{"href":"https:\/\/linitiative.ca\/International\/wp-json\/wp\/v2\/types\/post"}],"author":[{"embeddable":true,"href":"https:\/\/linitiative.ca\/International\/wp-json\/wp\/v2\/users\/1787"}],"replies":[{"embeddable":true,"href":"https:\/\/linitiative.ca\/International\/wp-json\/wp\/v2\/comments?post=22284"}],"version-history":[{"count":0,"href":"https:\/\/linitiative.ca\/International\/wp-json\/wp\/v2\/posts\/22284\/revisions"}],"wp:attachment":[{"href":"https:\/\/linitiative.ca\/International\/wp-json\/wp\/v2\/media?parent=22284"}],"wp:term":[{"taxonomy":"category","embeddable":true,"href":"https:\/\/linitiative.ca\/International\/wp-json\/wp\/v2\/categories?post=22284"},{"taxonomy":"post_tag","embeddable":true,"href":"https:\/\/linitiative.ca\/International\/wp-json\/wp\/v2\/tags?post=22284"}],"curies":[{"name":"wp","href":"https:\/\/api.w.org\/{rel}","templated":true}]}}